{"id":161951,"date":"2014-10-05T03:51:11","date_gmt":"2014-10-05T03:51:11","guid":{"rendered":"http:\/\/diariodominicano.ddns.net\/?p=161951"},"modified":"2014-10-05T03:51:11","modified_gmt":"2014-10-05T03:51:11","slug":"reinaldo-pared-rechaza-categoricamente-accion-contra-leonel-fernandez-en-nueva-york","status":"publish","type":"post","link":"https:\/\/diariodominicano.com\/?p=161951","title":{"rendered":"Reinaldo Pared rechaza categ\u00f3ricamente acci\u00f3n contra Leonel Fern\u00e1ndez en Nueva York"},"content":{"rendered":"<p><body><\/p>\n<p><img decoding=\"async\" src=\"img3\/ReinaldoEliasPina.jpg\" \/>  <\/p>\n<p><span class=\"text1noticias\">Comendador, El\u00edas Pi\u00f1a, R. D., 5 de octubre.-  El  doctor Reinaldo Pared P\u00e9rez proclam\u00f3 aqu\u00ed que en su condici\u00f3n de secretario general del Partido de la Liberaci\u00f3n Dominicana (PLD) rechaza categ\u00f3ricamente la acci\u00f3n que se produjo recientemente en Nueva York, Estados Unidos, en contra del presidente de esa organizaci\u00f3n pol\u00edtica, doctor Leonel Fern\u00e1ndez.<\/span><\/p>\n<p><span class=\"text1noticias\"> <\/span><\/p>\n<p><span class=\"text1noticias\">El doctor Pared P\u00e9rez, quien recorre este fin de semana los municipios de las provincias El\u00edas Pi\u00f1a y San Juan contactando la dirigencia y la militancia del PLD, as\u00ed como a representantes de diversos segmentos de la sociedad en busca de respaldo a sus aspiraciones presidenciales, se refiri\u00f3 al incidente ocurrido contra el doctor Fern\u00e1ndez cuando un periodista le pidi\u00f3 su opini\u00f3n sobre el particular.<\/span><\/p>\n<p><span class=\"text1noticias\"> <\/span><\/p>\n<p><span class=\"text1noticias\">\u00abLeonel Fern\u00e1ndez es el presidente del partido del que yo soy el secretario general. De ninguna manera puedo estar de acuerdo con lo ocurrido en Nueva York y que afect\u00f3 al compa\u00f1ero Leonel. Lo rechazo tajante y categ\u00f3ricamente. Todos los dirigentes y miembros del Partido de la Liberaci\u00f3n Dominicana deben rechazar esa acci\u00f3n. Todos los pelede\u00edstas deben desaprobar tan indignante acci\u00f3n\u00bb, manifest\u00f3.<\/span><\/p>\n<p><span class=\"text1noticias\"> <\/span><\/p>\n<p><span class=\"text1noticias\">Esta respuesta ofrecida por el secretario general del PLD y senador del Distrito Nacional motiv\u00f3 un prolongado aplauso de la dirigencia y la militancia del PLD presente en un encuentro de masa que encabez\u00f3 en esta provincia, como parte de la campa\u00f1a en procura de la candidatura presidencial del partido de gobierno.<\/span><\/p>\n<p><span class=\"text1noticias\"> <\/span><\/p>\n<p><span class=\"text1noticias\">El doctor Pared P\u00e9rez fue en\u00e9rgico al manifestar que ning\u00fan pelede\u00edsta debe estar de acuerdo con lo que le ocurri\u00f3 al doctor Leonel Fern\u00e1ndez en un restaurante de la ciudad de Nueva York, donde un grupo de personas se apost\u00f3 al frente con pancartas que rechazaban su presencia y lanzaron consignas de repudio a \u00e9l y sus acompa\u00f1antes.<\/span><\/p>\n<p><span class=\"text1noticias\"> <\/span><\/p>\n<p><span class=\"text1noticias\">El que m\u00e1s unificar\u00eda familia pelede\u00edsta<\/span><\/p>\n<p><span class=\"text1noticias\">Por otra parte, el doctor Pared P\u00e9rez proclam\u00f3 que est\u00e1 en su mejor momento como l\u00edder pol\u00edtico y que los resultados de los contactos que ha realizado por casi todo el territorio nacional le indican que si el proceso interno del PLD fuera ahora, nadie le quitar\u00eda la candidatura presidencial del partido morado.<\/span><\/p>\n<p><span class=\"text1noticias\"> <\/span><\/p>\n<p><span class=\"text1noticias\">Entre consignas como \u00a1Ahora Reinaldo!, \u00a1Ahora Reinaldo! y \u00a1Lo mejor est\u00e1 por venir!, que gritaban a coro los pelede\u00edstas de El\u00edas Pi\u00f1a, el doctor Pared P\u00e9rez se defini\u00f3 como el aspirante presidencial con mayores posibilidades de aglutinar la familia pelede\u00edsta a su alrededor, pues, como secretario general del PLD, siempre ha colocado la institucionalidad del partido por encima de todo.<\/span><\/p>\n<p><span class=\"text1noticias\"> <\/span><\/p>\n<p><span class=\"text1noticias\">\u00abAdem\u00e1s siempre he estado dando la cara, con el PLD en el gobierno y con el PLD en la oposici\u00f3n. Cuando el partido me ha encomendado algo, cuando un compa\u00f1ero ha tenido alg\u00fan tipo de problemas ah\u00ed ha estado Reinaldo. Pero, independientemente de eso, siempre he mantenido excelentes y fluidas relaciones con mis compa\u00f1eros, por lo que considero que soy quien tiene mayores posibilidades de aglutinar a su alrededor a la gran mayor\u00eda de los pelede\u00edstas y alcanzar la candidatura presidencial del partido\u00bb, dijo.<\/span><\/p>\n<p><span class=\"text1noticias\"> <\/span><\/p>\n<p><span class=\"text1noticias\">El c\u00f3nsul dominicano en Puerto Pr\u00edncipe y miembro del Comit\u00e9 Central del PLD, profesor Ram\u00f3n de la Rosa, aspirante a senador por San Juan; los miembros del Comit\u00e9 Central del PLD y destacados dirigentes pelede\u00edstas de las provincias San Juan y El\u00edas Pi\u00f1a: Andr\u00e9s Boci\u00f3, Ruddy D\u00edaz, Juan Alberto Aquino, Joel Santana, Amancio Lorenzo, F\u00e1tima P\u00e9rez, Jos\u00e9 Morillo, Juan Alberto Aquino (Pipi\u00edn), aspirante a senador de El\u00edas Pi\u00f1a; Natividad Ram\u00edrez Montero, aspirante a diputado de El\u00edas Pi\u00f1a;; Ram\u00f3n Morillo, Amancio Lorenzo D\u00edas y Aquino Morillo, figuran entre quienes manifestaron su adhesi\u00f3n a las aspiraciones presidenciales del doctor Pared P\u00e9rez, quien convers\u00f3 con ellos durante visitas puntuales realizadas en esta zona.<\/span><\/p>\n<p><span class=\"text1noticias\"> <\/span><\/p>\n<p><span class=\"text1noticias\">El aspirante presidencial tambi\u00e9n visit\u00f3 la alcaldesa de El Cercado, Eunice Estela Segura; el presidente del comit\u00e9 municipal del PLD en ese lugar, V\u00edctor Garabido; Julio C\u00e9sar Bugu\u00e9, Jos\u00e9 Ram\u00f3n  Mateo, Nildo C\u00e9sar de los Santos, Ferm\u00edn Boci\u00f3, Arturo Castro, Orlando Mateo, Natividad Ram\u00edrez Mateo; el gobernador de El\u00edas Pi\u00f1a, Fernando Fortuna, a  Milton C\u00e9sar de los Santos y el profesor Arsenio Quevedo, presidente de la Uni\u00f3n Nacional de Transportistas y Afines (UNATRAFIN) y aspirante a diputado por El\u00edas Pi\u00f1a, quienes figuran entre los dirigentes pelede\u00edstas que han profesado su respaldo al doctor Pared P\u00e9rez en este recorrido.<\/span><\/p>\n<p><span class=\"text1noticias\"> <\/span><\/p>\n<p><span class=\"text1noticias\">El doctor Pared P\u00e9rez recorre desde el viernes a El\u00edas Pi\u00f1a y San Juan acompa\u00f1ado de los senadores Rafael Calder\u00f3n y Juan Orlando Mercedes (Ar\u00edn), de las provincias Azua e Independencia, respectivamente; as\u00ed como de los miembros del Comit\u00e9 Central del PLD, Charlie N\u00fa\u00f1ez, Margarita Pimentel, diputado Franklin de la Cruz y Bol\u00edvar Marte, aspirante a alcalde de La Vega, as\u00ed como la vocera de los regidores del PLD en el Distrito Nacional, Yamell Abreu y el viceministro de Deportes Soterio Ram\u00edrez. El viernes estuvo en San Juan y este domingo contin\u00faa recorriendo los municipios del granero del sur.<\/span><\/p>\n<p><span class=\"text1noticias\"> <\/span><\/p>\n<p><span class=\"text1noticias\">Convergencia por un Mejor Pa\u00eds celebrar\u00e1 encuentro  este domingo en Herrera<\/span><\/p>\n<p><span class=\"text1noticias\">Santo Domingo, R. D., 4 de octubre.- La Convergencia por un mejor pa\u00eds celebrar\u00e1 este domingo un gran encuentro con las organizaciones componentes de la misma  para la conformaci\u00f3n sus estructuras correspondientes a la provincia Santo Domingo y la aprobaci\u00f3n de un plan de lucha para el logro de la  soluci\u00f3n de las principales necesidades de sus moradores.<\/span><\/p>\n<p><span class=\"text1noticias\"> <\/span><\/p>\n<p><span class=\"text1noticias\">El acto ser\u00e1 celebrado   a las 10:00 de la ma\u00f1ana, en el local de la Cooperativa de Herrera, ubicado en la Isabela Aguiar  esquina M\u00e9xico  del sector de Herrera del municipio de Santo Domingo Oeste.<\/span><\/p>\n<p><span class=\"text1noticias\"> <\/span><\/p>\n<p><span class=\"text1noticias\">Al mismo asistir\u00e1n delegaciones de los municipios Santo Domingo Oeste, Santo Domingo Norte, Pedro Brand, Los Alcarrizos,  LA Guayiga,  LA Victoria, Santo Domingo Este,  Guerra, Boca Chica,<\/span> entre otros.<\/p>\n<h6> 2014-10-05 03:51:11 <\/h6>\n<p><!--\n<link rel=\"stylesheet\" href=\"css\/bootstrap.min.css\">\n\n\n<ul class=\"pagination\">\n\t    \n\t\n\n<li >\n\t<a href='?page_no=14404'>Previous<\/a>\n\t<\/li>\n\n\n       \n    \n\n<li><a href='?page_no=1'>1<\/a><\/li>\n\n\n\n<li><a href='?page_no=2'>2<\/a><\/li>\n\n\n\n<li><a>...<\/a><\/li>\n\n\n\n<li><a href='?page_no=14403'>14403<\/a><\/li>\n\n\n\n<li><a href='?page_no=14404'>14404<\/a><\/li>\n\n\n\n<li class='active'><a>14405<\/a><\/li>\n\n\n\n<li><a href='?page_no=14406'>14406<\/a><\/li>\n\n\n\n<li><a href='?page_no=14407'>14407<\/a><\/li>\n\n\n\n<li><a>...<\/a><\/li>\n\n\n\n<li><a href='?page_no=36999'>36999<\/a><\/li>\n\n\n\n<li><a href='?page_no=37000'>37000<\/a><\/li>\n\n    \n\t\n\n<li >\n\t<a href='?page_no=14406'>Next<\/a>\n\t<\/li>\n\n\n    \n\n<li><a href='?page_no=37000'>Last &rsaquo;&rsaquo;<\/a><\/li>\n\n<\/ul>\n\n\n--><br \/>\n<\/body><\/p>\n","protected":false},"excerpt":{"rendered":"<p>Comendador, El\u00edas Pi\u00f1a, R. D., 5 de octubre.- El doctor Reinaldo Pared P\u00e9rez proclam\u00f3 aqu\u00ed que en su condici\u00f3n de secretario general del Partido de la Liberaci\u00f3n Dominicana (PLD) rechaza categ\u00f3ricamente la acci\u00f3n que se produjo recientemente en Nueva York, Estados Unidos, en contra del presidente de esa organizaci\u00f3n pol\u00edtica, doctor Leonel Fern\u00e1ndez. El doctor [&hellip;]<\/p>\n","protected":false},"author":3,"featured_media":0,"comment_status":"open","ping_status":"open","sticky":false,"template":"","format":"standard","meta":{"footnotes":""},"categories":[22],"tags":[],"class_list":["post-161951","post","type-post","status-publish","format-standard","hentry","category-politica"],"_links":{"self":[{"href":"https:\/\/diariodominicano.com\/index.php?rest_route=\/wp\/v2\/posts\/161951","targetHints":{"allow":["GET"]}}],"collection":[{"href":"https:\/\/diariodominicano.com\/index.php?rest_route=\/wp\/v2\/posts"}],"about":[{"href":"https:\/\/diariodominicano.com\/index.php?rest_route=\/wp\/v2\/types\/post"}],"author":[{"embeddable":true,"href":"https:\/\/diariodominicano.com\/index.php?rest_route=\/wp\/v2\/users\/3"}],"replies":[{"embeddable":true,"href":"https:\/\/diariodominicano.com\/index.php?rest_route=%2Fwp%2Fv2%2Fcomments&post=161951"}],"version-history":[{"count":0,"href":"https:\/\/diariodominicano.com\/index.php?rest_route=\/wp\/v2\/posts\/161951\/revisions"}],"wp:attachment":[{"href":"https:\/\/diariodominicano.com\/index.php?rest_route=%2Fwp%2Fv2%2Fmedia&parent=161951"}],"wp:term":[{"taxonomy":"category","embeddable":true,"href":"https:\/\/diariodominicano.com\/index.php?rest_route=%2Fwp%2Fv2%2Fcategories&post=161951"},{"taxonomy":"post_tag","embeddable":true,"href":"https:\/\/diariodominicano.com\/index.php?rest_route=%2Fwp%2Fv2%2Ftags&post=161951"}],"curies":[{"name":"wp","href":"https:\/\/api.w.org\/{rel}","templated":true}]}}