{"id":161950,"date":"2014-10-05T12:27:48","date_gmt":"2014-10-05T12:27:48","guid":{"rendered":"http:\/\/diariodominicano.ddns.net\/?p=161950"},"modified":"2014-10-05T12:27:48","modified_gmt":"2014-10-05T12:27:48","slug":"montas-proclama-fortaleza-y-crecimiento-de-su-proyecto-presidencial","status":"publish","type":"post","link":"https:\/\/diariodominicano.com\/?p=161950","title":{"rendered":"Mont\u00e1s proclama fortaleza y crecimiento de su proyecto presidencial"},"content":{"rendered":"<p><body><\/p>\n<p><img decoding=\"async\" src=\"img3\/montas.jpg\" \/>  <\/p>\n<p><span class=\"text1noticias\">Santo Domingo, RD, 5 de Octubre.-La aspiraci\u00f3n presidencial del ingeniero Tem\u00edstocles Mont\u00e1s dio este s\u00e1bado un giro decisivo cuando se reunieron 1,253 coordinadores de equipos de trabajo pol\u00edtico de todo el pa\u00eds, quienes se comprometieron a duplicar sus esfuerzos para sellar el triunfo de su precandidato en las primarias del Partido de la Liberaci\u00f3n Dominicana (PLD) que deber\u00e1 escoger al candidato de la entidad en las elecciones de 2016. <\/span><\/p>\n<\/p>\n<p><span class=\"text1noticias\">En un encuentro de evaluaci\u00f3n del trabajo y fijaci\u00f3n de nuevas metas celebrado en un hotel de esta capital, se comprob\u00f3 que existe un registro de miembros del PLD trabajando por la candidatura de Mont\u00e1s que ya alcanza a 46,359 personas, seg\u00fan el informe rendido por Francis Reyes, uno de los integrantes del equipo nacional de campa\u00f1a.<\/span><\/p>\n<\/p>\n<p><span class=\"text1noticias\">Tras conocerse ese dato, los participantes, a petici\u00f3n de Mont\u00e1s, acordaron duplicar los esfuerzos para a fin de a\u00f1o tener registrados 100,000 miembros del PLD integrando los equipos de trabajo para contactar a todo el partido para pedirle el voto en las primarias internas de 2015 para garantizar que contin\u00fae la renovaci\u00f3n del liderazgo nacional iniciado por el presidente Danilo Medina con su triunfo en las elecciones de 2012.<\/span><\/p>\n<\/p>\n<p><span class=\"text1noticias\">La actividad con los coordinadores se celebr\u00f3 en horas de la ma\u00f1ana y en la tarde Mont\u00e1s visit\u00f3  la comunidad de Sabana Toro, en San Crist\u00f3bal, donde encabez\u00f3 un acto en el que predomin\u00f3 la presencia de cientos de mujeres, la mayor\u00eda agrupada en la Fundaci\u00f3n Amas de Casa que preside Antonia D\u00edaz, quien habl\u00f3 en el encuentro para testimoniar respaldo al proyecto presidencial.<\/span><\/p>\n<\/p>\n<p><span class=\"text1noticias\">Al hablar a los presentes reunidos en un hotel de la capital, Mont\u00e1s dio las gracias a todos los coordinadores por el trabajo realizado hasta hoy, lo que ha permitido que su candidatura y las ideas que la acompa\u00f1an se abran paso en el debate nacional en forma decisiva.<\/span><\/p>\n<\/p>\n<p><span class=\"text1noticias\">\u00abNosotros nos hemos convertido en uno de los polos del debate pol\u00edtico nacional. Hemos impuesto el debate. Hoy se habla de continuismo o alternativa democr\u00e1tica. Eso lo hemos impuesto nosotros y los ataques que se nos hace a nosotros es porque hemos impuesto ese debate\u00bb, manifest\u00f3 el alto dirigente pol\u00edtico, seg\u00fan una nota de su equipo de campa\u00f1a.<\/span><\/p>\n<\/p>\n<p><span class=\"text1noticias\">Afirm\u00f3 que luego de m\u00e1s de un a\u00f1o de trabajo por levantar la renovaci\u00f3n del liderazgo partidario y de la naci\u00f3n, \u00abhemos roto la creencia de que en el PLD hab\u00eda un pensamiento \u00fanico y un solo l\u00edder que pod\u00eda disponer del partido seg\u00fan su voluntad. Ya eso es cosa del pasado, eso qued\u00f3 atr\u00e1s\u00bb, agreg\u00f3.\t<\/span><\/p>\n<\/p>\n<p><span class=\"text1noticias\">\u00abTodo lo que hemos logrado hasta hoy tenemos que duplicarlo y para el 7 de diciembre vamos a llenar el Palacio de los Deportes. La intenci\u00f3n es llenar el Palacio de los Deportes para culminar el a\u00f1o con broche de oro\u00bb, puntualiz\u00f3 Mont\u00e1s.<\/span><\/p>\n<\/p>\n<p><span class=\"text1noticias\">En la mesa que dirigi\u00f3 el encuentro acompa\u00f1aron a  Montas los se\u00f1ores  Pablo Tactuk, Alejandro Jim\u00e9nez, el diputado Manuel D\u00edaz, Radham\u00e9s Dom\u00ednguez, el ex senador por La Vega Porfirio Veras, Inocencio Garc\u00eda, Nelson Valdez, Zoilo Guzm\u00e1n, An\u00edbal Ubr\u00ed y Francis Reyes.<\/span><\/p>\n<p><span class=\"text1noticias\"><strong>Mujeres expresan respaldo en San Crist\u00f3bal<\/strong><\/span><\/p>\n<\/p>\n<p><span class=\"text1noticias\">En horas de la tarde, Mont\u00e1s visit\u00f3 Sabana Toro, en San Crist\u00f3bal, donde fue recibido por cientos de mujeres al grito de \u00a1Mont\u00e1s, Presidente!, a las que les asegur\u00f3 que cuando sea Presidente de la Rep\u00fablica trabajar\u00e1 para que haya igualdad salarial entre mujeres y hombres, as\u00ed como una vida digna para toda la familia.<\/span><\/p>\n<\/p>\n<p><span class=\"text1noticias\">Record\u00f3 que cuando muri\u00f3 Trujillo en 1961 la esperanza de vida era de solo 53 a\u00f1os debido a que la mayor\u00eda de la gente no ten\u00eda acceso a agua limpia, pero como ya siete de cada diez dominicanos obtiene agua que se puede tomar, la esperanza de vida es de 73 a\u00f1os.<\/span><\/p>\n<\/p>\n<p><span class=\"text1noticias\">Prometi\u00f3 luchar sin descanso para que todos los dominicanos tengan agua potable en sus casas y la esperanza de vida al nacer sea superior a los 80 a\u00f1os.<\/span><\/p>\n<\/p>\n<p><span class=\"text1noticias\">\u00abCuando yo sea el Presidente voy a trabajar para que la gente tenga una vida digna, que puedan comer tres veces al d\u00eda y que sus hijos puedan ir a la escuela y que reciban educaci\u00f3n de calidad\u00bb, exclam\u00f3 Mont\u00e1s.<\/span><\/p>\n<\/p>\n<p><span class=\"text1noticias\">Se\u00f1al\u00f3 que hoy los hijos de los ricos tienen 13 a\u00f1os de educaci\u00f3n en las escuelas y los hijos de los pobres solo seis a\u00f1os. \u00abEso nos hunde en la pobreza. Por eso lucho para que los pobres tengan igual derecho a la educaci\u00f3n de calidad para erradicar la pobreza\u00bb, agreg\u00f3.<\/span><\/p>\n<\/p>\n<p><span class=\"text1noticias\">Asimismo, Mont\u00e1s dijo que otra meta suya es crear un sistema de protecci\u00f3n social para que todos los dominicanos tengan seguridad social y no tengan que vivir en precariedad.<\/span><\/p>\n<\/p>\n<p><span class=\"text1noticias\">\u00abAqu\u00ed hay gente que vive muy bien y mucha gente que vive muy mal. Eso no se puede mantener, eso hay que cambiarlo y esa es mi lucha\u00bb, puntualiz\u00f3 el aspirante presidencial.<\/span><\/p>\n<\/p>\n<p><span class=\"text1noticias\">Consider\u00f3 que la mujer tiene que disfrutar de los mismos derechos de los hombres para superar la desigualdad que hoy se expresa en el hecho de que los hombres ganan casi el doble que la mujer por igual trabajo.<\/span><\/p>\n<\/p>\n<p><span class=\"text1noticias\">Mont\u00e1sfue recibido por la Fundaci\u00f3n Amas de Casa que preside Antonia D\u00edaz, quien habl\u00f3 en el encuentro para testimoniar su respaldo a su proyecto presidencial.<\/span><\/p>\n<\/p>\n<p><span class=\"text1noticias\">En la actividad, Mont\u00e1s tom\u00f3 el juramento a un equipo de mujeres que trabajar\u00e1 en la promoci\u00f3n de sus actividades presidenciales en esta comunidad.<\/span><\/p>\n<\/p>\n<p><span class=\"text1noticias\">En esta ocasi\u00f3n Mont\u00e1s estuvo acompa\u00f1ado de su hermano Jos\u00e9 Mont\u00e1s, Leonel D\u00edaz, C\u00e9sar D\u00edaz, Pedro Valenzuela, Leonel Gonz\u00e1lez, algunos de los cuales hicieron uso de la palabra para advertir que San Crist\u00f3bal \u00abtendr\u00e1 como Presidente a uno de sus hijos m\u00e1s meritorios y m\u00e1s comprometido con su progreso\u00bb.(HG)<\/span>.<\/p>\n<\/p>\n<h6> 2014-10-05 12:27:48 <\/h6>\n<p><!--\n<link rel=\"stylesheet\" href=\"css\/bootstrap.min.css\">\n\n\n<ul class=\"pagination\">\n\t    \n\t\n\n<li >\n\t<a href='?page_no=14403'>Previous<\/a>\n\t<\/li>\n\n\n       \n    \n\n<li><a href='?page_no=1'>1<\/a><\/li>\n\n\n\n<li><a href='?page_no=2'>2<\/a><\/li>\n\n\n\n<li><a>...<\/a><\/li>\n\n\n\n<li><a href='?page_no=14402'>14402<\/a><\/li>\n\n\n\n<li><a href='?page_no=14403'>14403<\/a><\/li>\n\n\n\n<li class='active'><a>14404<\/a><\/li>\n\n\n\n<li><a href='?page_no=14405'>14405<\/a><\/li>\n\n\n\n<li><a href='?page_no=14406'>14406<\/a><\/li>\n\n\n\n<li><a>...<\/a><\/li>\n\n\n\n<li><a href='?page_no=36999'>36999<\/a><\/li>\n\n\n\n<li><a href='?page_no=37000'>37000<\/a><\/li>\n\n    \n\t\n\n<li >\n\t<a href='?page_no=14405'>Next<\/a>\n\t<\/li>\n\n\n    \n\n<li><a href='?page_no=37000'>Last &rsaquo;&rsaquo;<\/a><\/li>\n\n<\/ul>\n\n\n--><br \/>\n<\/body><\/p>\n","protected":false},"excerpt":{"rendered":"<p>Santo Domingo, RD, 5 de Octubre.-La aspiraci\u00f3n presidencial del ingeniero Tem\u00edstocles Mont\u00e1s dio este s\u00e1bado un giro decisivo cuando se reunieron 1,253 coordinadores de equipos de trabajo pol\u00edtico de todo el pa\u00eds, quienes se comprometieron a duplicar sus esfuerzos para sellar el triunfo de su precandidato en las primarias del Partido de la Liberaci\u00f3n Dominicana [&hellip;]<\/p>\n","protected":false},"author":3,"featured_media":0,"comment_status":"open","ping_status":"open","sticky":false,"template":"","format":"standard","meta":{"footnotes":""},"categories":[22],"tags":[],"class_list":["post-161950","post","type-post","status-publish","format-standard","hentry","category-politica"],"_links":{"self":[{"href":"https:\/\/diariodominicano.com\/index.php?rest_route=\/wp\/v2\/posts\/161950","targetHints":{"allow":["GET"]}}],"collection":[{"href":"https:\/\/diariodominicano.com\/index.php?rest_route=\/wp\/v2\/posts"}],"about":[{"href":"https:\/\/diariodominicano.com\/index.php?rest_route=\/wp\/v2\/types\/post"}],"author":[{"embeddable":true,"href":"https:\/\/diariodominicano.com\/index.php?rest_route=\/wp\/v2\/users\/3"}],"replies":[{"embeddable":true,"href":"https:\/\/diariodominicano.com\/index.php?rest_route=%2Fwp%2Fv2%2Fcomments&post=161950"}],"version-history":[{"count":0,"href":"https:\/\/diariodominicano.com\/index.php?rest_route=\/wp\/v2\/posts\/161950\/revisions"}],"wp:attachment":[{"href":"https:\/\/diariodominicano.com\/index.php?rest_route=%2Fwp%2Fv2%2Fmedia&parent=161950"}],"wp:term":[{"taxonomy":"category","embeddable":true,"href":"https:\/\/diariodominicano.com\/index.php?rest_route=%2Fwp%2Fv2%2Fcategories&post=161950"},{"taxonomy":"post_tag","embeddable":true,"href":"https:\/\/diariodominicano.com\/index.php?rest_route=%2Fwp%2Fv2%2Ftags&post=161950"}],"curies":[{"name":"wp","href":"https:\/\/api.w.org\/{rel}","templated":true}]}}