{"id":161949,"date":"2014-10-05T12:54:08","date_gmt":"2014-10-05T12:54:08","guid":{"rendered":"http:\/\/diariodominicano.ddns.net\/?p=161949"},"modified":"2014-10-05T12:54:08","modified_gmt":"2014-10-05T12:54:08","slug":"cree-911-no-contrarresta-los-niveles-de-inseguridad-de-la-percepcion-ciudadana","status":"publish","type":"post","link":"https:\/\/diariodominicano.com\/?p=161949","title":{"rendered":"Cree 911 no contrarresta los niveles de inseguridad de la percepci\u00f3n  ciudadana"},"content":{"rendered":"<p><body><\/p>\n<p><img decoding=\"async\" src=\"img3\/almeyda.jpg\" \/>  <\/p>\n<p><span class=\"text1noticias\">Santo Domingo, RD, 5 de Octubre.-El dirigente del Partido de la Liberaci\u00f3n Dominicana, Franklin Almeyda Rancier consider\u00f3 como una debilidad de la seguridad ciudadana los casos de rater\u00eda como robos, asaltos y despojo de documentos, entre otros que ocurren cada d\u00eda en las calles, generando estos hechos m\u00e1s preocupaci\u00f3n y alarma entre la poblaci\u00f3n que los cr\u00edmenes y homicidios, lo que a juicio del dirigente pol\u00edtico aumenta los niveles de percepci\u00f3n de inseguridad del dominicano.<\/span><\/p>\n<\/p>\n<p><span class=\"text1noticias\">Critic\u00f3 el hecho de que la Polic\u00eda siga siendo un organismo reactivo, no preventivo como debe ser la instituci\u00f3n del orden y atribuye a la falta de preparaci\u00f3n y equipamiento de la uniformada la ausencia de labor preventiva en todo el territorio nacional. <\/span><\/p>\n<\/p>\n<p><span class=\"text1noticias\">Entrevistado por la periodista Mari Carmen Rojas en el programa Foro Semanal que se transmite los s\u00e1bados por Tele radio Am\u00e9rica, canal 45, el exministro de Interior y Polic\u00eda afirm\u00f3 que el Sistema de Emergencias y Seguridad 911 funciona de manera reactiva y por lo tanto no contra resta los niveles de inseguridad de los que tanto se queja la poblaci\u00f3n, debido a que ese sistema llega al lugar en respuesta a una llamada de emergencia de un hecho ya ocurrido, \u00abel 911 actualmente no es una prevenci\u00f3n, es reactivo, y esto quiere decir venga que aqu\u00ed se est\u00e1 quemando una casa o venga que aqu\u00ed hay alguien que asalto\u00bb.<\/span><\/p>\n<\/p>\n<p><span class=\"text1noticias\">Almeyda Rancier sostuvo adem\u00e1s que los agentes del orden deben ser mejor entrenados y preparados porque muchas veces est\u00e1n en las calles y se observan conversando en las esquinas ajeno al trabajo de resguardar a la poblaci\u00f3n y sus bienes, \u00abhay que entrenar a la Polic\u00eda y dedicarla a esto. La seguridad ciudadana es el fil\u00f3n mas importante en este momento\u00bb.<\/span><\/p>\n<\/p>\n<p><span class=\"text1noticias\">Pero de igual forma asegur\u00f3 que para optimizar el servicio de seguridad a la poblaci\u00f3n se requiere de una inversi\u00f3n que sobrepase los 257 millones de d\u00f3lares en la Polic\u00eda Nacional.<\/span><\/p>\n<p><span class=\"text1noticias\"><strong>Consider\u00f3 que el PLD saldr\u00e1 ganancioso en las pr\u00f3ximas elecciones<\/strong><\/span><\/p>\n<p><span class=\"text1noticias\"><strong> <\/strong><\/span><\/p>\n<p><span class=\"text1noticias\">El dirigente del partido oficialista consider\u00f3 que el PLD saldr\u00e1 ganancioso en las pr\u00f3ximas elecciones tras afirmar que, distinto a otras organizaciones, los morados no est\u00e1n divididos ni tendr\u00e1n mayores contrariedades de cara a las elecciones de 2016, argumentando que el ex presidente Leonel Fern\u00e1ndez es quien asegura el triunfo. <\/span><\/p>\n<\/p>\n<p><span class=\"text1noticias\">Seg\u00fan Almeyda no es necesario ni prudente reformar la Constituci\u00f3n para que el actual Presidente se reelija debido a que cuentan con la figura de Fern\u00e1ndez.<\/span><\/p>\n<\/p>\n<p><span class=\"text1noticias\">Rechazo que el PLD quiera imponer una dictadura al perpetuarse en el poder aduciendo que los gobiernos morados han dignificado y fortalecido la democracia en el pa\u00eds.(HG)<\/span>.          <\/p>\n<h6> 2014-10-05 12:54:08 <\/h6>\n<p><!--\n<link rel=\"stylesheet\" href=\"css\/bootstrap.min.css\">\n\n\n<ul class=\"pagination\">\n\t    \n\t\n\n<li >\n\t<a href='?page_no=14402'>Previous<\/a>\n\t<\/li>\n\n\n       \n    \n\n<li><a href='?page_no=1'>1<\/a><\/li>\n\n\n\n<li><a href='?page_no=2'>2<\/a><\/li>\n\n\n\n<li><a>...<\/a><\/li>\n\n\n\n<li><a href='?page_no=14401'>14401<\/a><\/li>\n\n\n\n<li><a href='?page_no=14402'>14402<\/a><\/li>\n\n\n\n<li class='active'><a>14403<\/a><\/li>\n\n\n\n<li><a href='?page_no=14404'>14404<\/a><\/li>\n\n\n\n<li><a href='?page_no=14405'>14405<\/a><\/li>\n\n\n\n<li><a>...<\/a><\/li>\n\n\n\n<li><a href='?page_no=36999'>36999<\/a><\/li>\n\n\n\n<li><a href='?page_no=37000'>37000<\/a><\/li>\n\n    \n\t\n\n<li >\n\t<a href='?page_no=14404'>Next<\/a>\n\t<\/li>\n\n\n    \n\n<li><a href='?page_no=37000'>Last &rsaquo;&rsaquo;<\/a><\/li>\n\n<\/ul>\n\n\n--><br \/>\n<\/body><\/p>\n","protected":false},"excerpt":{"rendered":"<p>Santo Domingo, RD, 5 de Octubre.-El dirigente del Partido de la Liberaci\u00f3n Dominicana, Franklin Almeyda Rancier consider\u00f3 como una debilidad de la seguridad ciudadana los casos de rater\u00eda como robos, asaltos y despojo de documentos, entre otros que ocurren cada d\u00eda en las calles, generando estos hechos m\u00e1s preocupaci\u00f3n y alarma entre la poblaci\u00f3n que [&hellip;]<\/p>\n","protected":false},"author":3,"featured_media":0,"comment_status":"open","ping_status":"open","sticky":false,"template":"","format":"standard","meta":{"footnotes":""},"categories":[22],"tags":[],"class_list":["post-161949","post","type-post","status-publish","format-standard","hentry","category-politica"],"_links":{"self":[{"href":"https:\/\/diariodominicano.com\/index.php?rest_route=\/wp\/v2\/posts\/161949","targetHints":{"allow":["GET"]}}],"collection":[{"href":"https:\/\/diariodominicano.com\/index.php?rest_route=\/wp\/v2\/posts"}],"about":[{"href":"https:\/\/diariodominicano.com\/index.php?rest_route=\/wp\/v2\/types\/post"}],"author":[{"embeddable":true,"href":"https:\/\/diariodominicano.com\/index.php?rest_route=\/wp\/v2\/users\/3"}],"replies":[{"embeddable":true,"href":"https:\/\/diariodominicano.com\/index.php?rest_route=%2Fwp%2Fv2%2Fcomments&post=161949"}],"version-history":[{"count":0,"href":"https:\/\/diariodominicano.com\/index.php?rest_route=\/wp\/v2\/posts\/161949\/revisions"}],"wp:attachment":[{"href":"https:\/\/diariodominicano.com\/index.php?rest_route=%2Fwp%2Fv2%2Fmedia&parent=161949"}],"wp:term":[{"taxonomy":"category","embeddable":true,"href":"https:\/\/diariodominicano.com\/index.php?rest_route=%2Fwp%2Fv2%2Fcategories&post=161949"},{"taxonomy":"post_tag","embeddable":true,"href":"https:\/\/diariodominicano.com\/index.php?rest_route=%2Fwp%2Fv2%2Ftags&post=161949"}],"curies":[{"name":"wp","href":"https:\/\/api.w.org\/{rel}","templated":true}]}}