{"id":161948,"date":"2014-10-05T13:05:03","date_gmt":"2014-10-05T13:05:03","guid":{"rendered":"http:\/\/diariodominicano.ddns.net\/?p=161948"},"modified":"2014-10-05T13:05:03","modified_gmt":"2014-10-05T13:05:03","slug":"francisco-javier-afirma-aumentara-la-delincuencia-si-no-se-invierte-en-los-barrios","status":"publish","type":"post","link":"https:\/\/diariodominicano.com\/?p=161948","title":{"rendered":"&#13;Francisco Javier afirma  aumentara la delincuencia si no se invierte en los barrios"},"content":{"rendered":"<p><body><\/p>\n<p><img decoding=\"async\" src=\"img3\/francisco.jpg\" \/>  <\/p>\n<p><span class=\"text1noticias\">Santo Domingo, RD, 5 de Octubre.-El precandidato presidencial del Partido de la Liberaci\u00f3n Dominicana, Francisco Javier considera  que si no se hacen grandes inversiones a nivel de los barrios populares, principalmente en los j\u00f3venes, la delincuencia se va a multiplicar.<\/span><\/p>\n<\/p>\n<p><span class=\"text1noticias\">Francisco Javier manifest\u00f3 que ha hecho un perfil de la juventud, y que ha comprobado que los j\u00f3venes que practican deportes, est\u00e1n en actividades culturales o trabajan no est\u00e1n en delincuencia.<\/span><\/p>\n<\/p>\n<p><span class=\"text1noticias\">Tras se\u00f1alar que el desempleo que afecta a la Rep\u00fablica Dominicana en general es del 14 por ciento, pero en particular afecta en un 32 por ciento a los j\u00f3venes.<\/span><\/p>\n<\/p>\n<p><span class=\"text1noticias\">\u00abPor el camino que vamos si no se empieza a invertir fuerte en los barrios la delincuencia se va a multiplicas\u00bb, sostuvo Francisco Javier al escuchar inquietudes durante un conversatorio con j\u00f3venes, moradores, comerciantes, empresarios hoteleros, sindicalistas, y periodistas de los municipios Boca Chica, Andr\u00e9s, y la Caleta, en la provincia Santo Domingo.<\/span><\/p>\n<\/p>\n<p><span class=\"text1noticias\">Destac\u00f3 la inversi\u00f3n que realiza el gobierno del presidente Danilo Medina, para afianzar la seguridad ciudadana, como el sistema 911, c\u00e1maras de seguridad, y el equipamiento de las autoridades policiales.<\/span><\/p>\n<p><span class=\"text1noticias\">Francisco Javier, insisti\u00f3 en que el desempleo est\u00e1 provocando una situaci\u00f3n de desesperanza en la juventud dominicana.<\/span><\/p>\n<\/p>\n<p><span class=\"text1noticias\">Prometi\u00f3 que de ser favorecido con el voto de la mayor\u00eda en los comicios internos del PLD y ganar las elecciones del 2016 transformar\u00e1 los barrios pobres con la construcci\u00f3n de apartamentos, y obras de recreaci\u00f3n para los m\u00e1s  necesitados.<\/span><\/p>\n<\/p>\n<p><span class=\"text1noticias\">\u00abCuando me comprometo en algo, donde quiera que me he comprometido he cumplido mi palabra\u00bb, sostuvo Francisco Javier.<\/span><\/p>\n<\/p>\n<p><span class=\"text1noticias\">El aspirante a la nominaci\u00f3n presidencial peledeista recorri\u00f3 este s\u00e1bado las comunidades de Andr\u00e9s, Boca Chica, y la Caleta, en la provincia Santo Domingo, donde recibi\u00f3 el apoyo de cientos de dirigentes y la base peledeista,  as\u00ed como de l\u00edderes comunitarios, eclesiales y  deportivos.<\/span><\/p>\n<\/p>\n<p><span class=\"text1noticias\">Francisco Javier agradeci\u00f3 el gesto de los peledeistas y dirigentes comunitarios que le manifestaron su respaldo para la candidatura presidencial por el PLD y ganar las elecciones del 2016.<\/span><\/p>\n<\/p>\n<p><span class=\"text1noticias\">Durante el recorrido pol\u00edtico proselitista, por las calles de las comunidades de Andr\u00e9s, Boca Chica, y la Caleta, miles de simpatizantes del precandidato presidencial, principalmente j\u00f3venes, le siguieron con la consigna \u00abFrancisco Javier 2016\u00bb.<\/span><\/p>\n<\/p>\n<p><span class=\"text1noticias\">Este domingo, el precandidato presidencial peledeista, estar\u00e1 en las ciudades de Moca, Salcedo, y San Francisco de Macor\u00eds, municipios cabeceras de las provincias Espaillat, Hermanas Mirabal, y Duarte.<\/span><\/p>\n<\/p>\n<p><span class=\"text1noticias\">Francisco Javier reiter\u00f3 que en su gobierno aumentar\u00e1 el empleo para los j\u00f3venes, como forma de combatir la pobreza en los barrios pobres del pa\u00eds, as\u00ed como la construcci\u00f3n de obras de infraestructura que permitan a la juventud alejarse de los vicios.(HG)<\/span>.<\/p>\n<\/p>\n<h6> 2014-10-05 13:05:03 <\/h6>\n<p><!--\n<link rel=\"stylesheet\" href=\"css\/bootstrap.min.css\">\n\n\n<ul class=\"pagination\">\n\t    \n\t\n\n<li >\n\t<a href='?page_no=14401'>Previous<\/a>\n\t<\/li>\n\n\n       \n    \n\n<li><a href='?page_no=1'>1<\/a><\/li>\n\n\n\n<li><a href='?page_no=2'>2<\/a><\/li>\n\n\n\n<li><a>...<\/a><\/li>\n\n\n\n<li><a href='?page_no=14400'>14400<\/a><\/li>\n\n\n\n<li><a href='?page_no=14401'>14401<\/a><\/li>\n\n\n\n<li class='active'><a>14402<\/a><\/li>\n\n\n\n<li><a href='?page_no=14403'>14403<\/a><\/li>\n\n\n\n<li><a href='?page_no=14404'>14404<\/a><\/li>\n\n\n\n<li><a>...<\/a><\/li>\n\n\n\n<li><a href='?page_no=36999'>36999<\/a><\/li>\n\n\n\n<li><a href='?page_no=37000'>37000<\/a><\/li>\n\n    \n\t\n\n<li >\n\t<a href='?page_no=14403'>Next<\/a>\n\t<\/li>\n\n\n    \n\n<li><a href='?page_no=37000'>Last &rsaquo;&rsaquo;<\/a><\/li>\n\n<\/ul>\n\n\n--><br \/>\n<\/body><\/p>\n","protected":false},"excerpt":{"rendered":"<p>Santo Domingo, RD, 5 de Octubre.-El precandidato presidencial del Partido de la Liberaci\u00f3n Dominicana, Francisco Javier considera que si no se hacen grandes inversiones a nivel de los barrios populares, principalmente en los j\u00f3venes, la delincuencia se va a multiplicar. Francisco Javier manifest\u00f3 que ha hecho un perfil de la juventud, y que ha comprobado [&hellip;]<\/p>\n","protected":false},"author":3,"featured_media":0,"comment_status":"open","ping_status":"open","sticky":false,"template":"","format":"standard","meta":{"footnotes":""},"categories":[22],"tags":[],"class_list":["post-161948","post","type-post","status-publish","format-standard","hentry","category-politica"],"_links":{"self":[{"href":"https:\/\/diariodominicano.com\/index.php?rest_route=\/wp\/v2\/posts\/161948","targetHints":{"allow":["GET"]}}],"collection":[{"href":"https:\/\/diariodominicano.com\/index.php?rest_route=\/wp\/v2\/posts"}],"about":[{"href":"https:\/\/diariodominicano.com\/index.php?rest_route=\/wp\/v2\/types\/post"}],"author":[{"embeddable":true,"href":"https:\/\/diariodominicano.com\/index.php?rest_route=\/wp\/v2\/users\/3"}],"replies":[{"embeddable":true,"href":"https:\/\/diariodominicano.com\/index.php?rest_route=%2Fwp%2Fv2%2Fcomments&post=161948"}],"version-history":[{"count":0,"href":"https:\/\/diariodominicano.com\/index.php?rest_route=\/wp\/v2\/posts\/161948\/revisions"}],"wp:attachment":[{"href":"https:\/\/diariodominicano.com\/index.php?rest_route=%2Fwp%2Fv2%2Fmedia&parent=161948"}],"wp:term":[{"taxonomy":"category","embeddable":true,"href":"https:\/\/diariodominicano.com\/index.php?rest_route=%2Fwp%2Fv2%2Fcategories&post=161948"},{"taxonomy":"post_tag","embeddable":true,"href":"https:\/\/diariodominicano.com\/index.php?rest_route=%2Fwp%2Fv2%2Ftags&post=161948"}],"curies":[{"name":"wp","href":"https:\/\/api.w.org\/{rel}","templated":true}]}}