{"id":161946,"date":"2014-10-05T13:42:18","date_gmt":"2014-10-05T13:42:18","guid":{"rendered":"http:\/\/diariodominicano.ddns.net\/?p=161946"},"modified":"2014-10-05T13:42:18","modified_gmt":"2014-10-05T13:42:18","slug":"luis-el-gallo-exige-a-educacion-retornar-a-las-escuelas-la-ensenanza-de-moral-y-civica","status":"publish","type":"post","link":"https:\/\/diariodominicano.com\/?p=161946","title":{"rendered":"Luis -El Gallo- exige a educaci\u00f3n retornar a las escuelas  la ense\u00f1anza de moral y c\u00edvica"},"content":{"rendered":"<p><body><\/p>\n<p><img decoding=\"async\" src=\"http:\/\/localhost:8080\/img3\/GALLO.jpg\" \/>  <\/p>\n<p><span class=\"text1noticias\">  SAN VICTOR, MOCA, Espaillat, RD, 5 de Octubre.-El presidente de La Uni\u00f3n Dem\u00f3crata Cristiana-UDC-, Luis Acosta Moreta -Luis EL GALLO-, exigi\u00f3 a las autoridades educativas que establezcan como  obligatoria la ense\u00f1anza de moral y c\u00edvica en todas las escuelas p\u00fablicas y colegios privados del pa\u00eds.<\/span><\/p>\n<\/p>\n<p><span class=\"text1noticias\">Acosta Moreta asegur\u00f3 que sin esos fundamentos en las aulas es muy dif\u00edcil impregnarles a la ni\u00f1ez los valores  m\u00e1s elementales para el buen comportamiento en la sociedad, una situaci\u00f3n  que se agrava con los cambios que la din\u00e1mica social y econ\u00f3mica del diario vivir ha tra\u00eddo en los \u00faltimos tiempos.<\/span><\/p>\n<\/p>\n<p><span class=\"text1noticias\">Luis -EL GALLO- hizo los se\u00f1alamientos durante la donaci\u00f3n de cientos de ejemplares del Manual Comportamiento C\u00edvico y Prevenci\u00f3n de Enfermedades a la Escuela Primaria Anibal Medina,  en el Distrito Municipal San V\u00edctor,  del Municipio de Moca, donde los estudiantes de ese plantel escolar fueron beneficiados con los libros.<\/span><\/p>\n<\/p>\n<p><span class=\"text1noticias\">La entrega se realiz\u00f3 durante una breve ceremonia en la cancha de baloncesto del centro educativo, donde el presidente de la -UDC- explico que el libro es un texto de consultas con un amplio contenido sobre educaci\u00f3n c\u00edvica que aporta detalles sobre La Constituci\u00f3n de La Rep\u00fablica, Los S\u00edmbolos Patrios, y La Escuela, as\u00ed como comportarse para evitar el contagio  de enfermedades, y otros temas de inter\u00e9s.<\/span><\/p>\n<p><span class=\"text1noticias\">   <\/span><\/p>\n<p><span class=\"text1noticias\">   \u00abDimos hoy inicio a una entrega masiva de estos ejemplares de Comportamiento C\u00edvico y Prevenci\u00f3n de Enfermedades, y escogimos este Distrito Municipal de San V\u00edctor, porque aqu\u00ed naci\u00f3 el Ministro de Educaci\u00f3n Carlos Amarante Baret, y porque tambi\u00e9n pedimos que se respete nuestra soberan\u00eda\u00bb,  expres\u00f3 Acosta Moreta.<\/span><\/p>\n<\/p>\n<p><span class=\"text1noticias\">Agreg\u00f3 que  los dominicanos no pueden permitir que ning\u00fan extranjero irrespete nuestra identidad que es la bandera tricolor, como sucedi\u00f3 meses atr\u00e1s en esta comunidad con unos ciudadanos haitianos,  quienes realizaron un acto no grato en contra de nuestros s\u00edmbolos patrios al quemar la bandera nacional.<\/span><\/p>\n<\/p>\n<p><span class=\"text1noticias\">Luis Acosta Moreta, tambi\u00e9n Director General de Desarrollo de la Comunidad -DGDC-, pidi\u00f3 a los residentes de San V\u00edctor,  tomar como ejemplo de lealtad, responsabilidad y respeto a quienes lucharon por la soberan\u00eda dominicana como fueron Juan Pablo Duarte, Francisco del Rosario S\u00e1nchez, Mat\u00edas Ram\u00f3n Mella, Gregorio Luper\u00f3n, y Francisco Alberto Caama\u00f1o, entre otros.<\/span><\/p>\n<\/p>\n<p><span class=\"text1noticias\">En La actividad,  que fue amenizada por la Banda Imperial y el Batton Ballet de la -UDC-,  Luis Acosta Moreta estuvo acompa\u00f1ado del candidato a la alcald\u00eda  por esa entidad en el Distrito Municipal San V\u00edctor, Starlin Gonz\u00e1lez, y el director de la escuela Tony Celestino, quienes les acompa\u00f1aron en la entrega los manuales.(HG)<\/span>.<\/p>\n<h6> 2014-10-05 13:42:18 <\/h6>\n<p><!--\n<link rel=\"stylesheet\" href=\"css\/bootstrap.min.css\">\n\n\n<ul class=\"pagination\">\n\t    \n\t\n\n<li >\n\t<a href='?page_no=14399'>Previous<\/a>\n\t<\/li>\n\n\n       \n    \n\n<li><a href='?page_no=1'>1<\/a><\/li>\n\n\n\n<li><a href='?page_no=2'>2<\/a><\/li>\n\n\n\n<li><a>...<\/a><\/li>\n\n\n\n<li><a href='?page_no=14398'>14398<\/a><\/li>\n\n\n\n<li><a href='?page_no=14399'>14399<\/a><\/li>\n\n\n\n<li class='active'><a>14400<\/a><\/li>\n\n\n\n<li><a href='?page_no=14401'>14401<\/a><\/li>\n\n\n\n<li><a href='?page_no=14402'>14402<\/a><\/li>\n\n\n\n<li><a>...<\/a><\/li>\n\n\n\n<li><a href='?page_no=36999'>36999<\/a><\/li>\n\n\n\n<li><a href='?page_no=37000'>37000<\/a><\/li>\n\n    \n\t\n\n<li >\n\t<a href='?page_no=14401'>Next<\/a>\n\t<\/li>\n\n\n    \n\n<li><a href='?page_no=37000'>Last &rsaquo;&rsaquo;<\/a><\/li>\n\n<\/ul>\n\n\n--><br \/>\n<\/body><\/p>\n","protected":false},"excerpt":{"rendered":"<p>SAN VICTOR, MOCA, Espaillat, RD, 5 de Octubre.-El presidente de La Uni\u00f3n Dem\u00f3crata Cristiana-UDC-, Luis Acosta Moreta -Luis EL GALLO-, exigi\u00f3 a las autoridades educativas que establezcan como obligatoria la ense\u00f1anza de moral y c\u00edvica en todas las escuelas p\u00fablicas y colegios privados del pa\u00eds. Acosta Moreta asegur\u00f3 que sin esos fundamentos en las aulas [&hellip;]<\/p>\n","protected":false},"author":3,"featured_media":0,"comment_status":"open","ping_status":"open","sticky":false,"template":"","format":"standard","meta":{"footnotes":""},"categories":[22],"tags":[],"class_list":["post-161946","post","type-post","status-publish","format-standard","hentry","category-politica"],"_links":{"self":[{"href":"https:\/\/diariodominicano.com\/index.php?rest_route=\/wp\/v2\/posts\/161946","targetHints":{"allow":["GET"]}}],"collection":[{"href":"https:\/\/diariodominicano.com\/index.php?rest_route=\/wp\/v2\/posts"}],"about":[{"href":"https:\/\/diariodominicano.com\/index.php?rest_route=\/wp\/v2\/types\/post"}],"author":[{"embeddable":true,"href":"https:\/\/diariodominicano.com\/index.php?rest_route=\/wp\/v2\/users\/3"}],"replies":[{"embeddable":true,"href":"https:\/\/diariodominicano.com\/index.php?rest_route=%2Fwp%2Fv2%2Fcomments&post=161946"}],"version-history":[{"count":0,"href":"https:\/\/diariodominicano.com\/index.php?rest_route=\/wp\/v2\/posts\/161946\/revisions"}],"wp:attachment":[{"href":"https:\/\/diariodominicano.com\/index.php?rest_route=%2Fwp%2Fv2%2Fmedia&parent=161946"}],"wp:term":[{"taxonomy":"category","embeddable":true,"href":"https:\/\/diariodominicano.com\/index.php?rest_route=%2Fwp%2Fv2%2Fcategories&post=161946"},{"taxonomy":"post_tag","embeddable":true,"href":"https:\/\/diariodominicano.com\/index.php?rest_route=%2Fwp%2Fv2%2Ftags&post=161946"}],"curies":[{"name":"wp","href":"https:\/\/api.w.org\/{rel}","templated":true}]}}