{"id":161943,"date":"2014-10-05T14:17:20","date_gmt":"2014-10-05T14:17:20","guid":{"rendered":"http:\/\/diariodominicano.ddns.net\/?p=161943"},"modified":"2014-10-05T14:17:20","modified_gmt":"2014-10-05T14:17:20","slug":"vocero-diputados-pld-dice-reeleccion-es-tema-traido-por-los-monos","status":"publish","type":"post","link":"https:\/\/diariodominicano.com\/?p=161943","title":{"rendered":"Vocero diputados PLD dice reelecci\u00f3n es tema tra\u00eddo por los mo\u00f1os"},"content":{"rendered":"<p><body><\/p>\n<p><span class=\"text1noticias\">Santo Domingo, RD, 5 de Octubre.-El vocero de la bancada del oficialista Partido de la Liberaci\u00f3n Dominicana (PLD) en la C\u00e1mara de Diputados, Rub\u00e9n Maldonado, declar\u00f3 que el tema de la reelecci\u00f3n ha sido tra\u00eddo por los \u00abmo\u00f1os\u00bb para crear intranquilidad y desasosiego en la organizaci\u00f3n pol\u00edtica, porque, a su decir, todos saben que el candidato natural para el 2016 es Leonel Fern\u00e1ndez.<\/span><\/p>\n<\/p>\n<p><span class=\"text1noticias\">Maldonado reconoci\u00f3 que la figura mejor posicionada en estos momentos dentro del PLD para una candidatura presidencial por la excelente obra de gobierno que a su entender viene realizando es el presidente Danilo Medina,pero sostuvo que la Constituci\u00f3n se le proh\u00edbe una repostulaci\u00f3n inmediatga.<\/span><\/p>\n<\/p>\n<p><span class=\"text1noticias\">Lament\u00f3 que miembros del Comit\u00e9 Pol\u00edtico (CP) de su partido se dediquen a plantear el tema de la reelecci\u00f3n conscientes de la restricci\u00f3n constitucional, aunque dijo respetar que lo hagan.<\/span><\/p>\n<\/p>\n<p><span class=\"text1noticias\">\u00abLa reelecci\u00f3n la han tra\u00eddo por los mo\u00f1os, por los cabellos, para generar intranquilidad y desasosiego en en el PLD, porque todos saben que el candidato natural para el 2016 es el compa\u00f1ero Leonel Fern\u00e1ndez\u00bb, expres\u00f3 Rub\u00e9n Maldonado al participar como entrevistado en el programa Encuentro Extra con Cristhian Jim\u00e9nez que se trasmite cada domingo de 7 a 8 de la ma\u00f1ana por el canal 9 de Color Visi\u00f3n, y de 7 a 8 de la noche por el 45 de Tele-Radio Am\u00e9rica.<\/span><\/p>\n<\/p>\n<p><span class=\"text1noticias\">El vocero de la bancada pelede\u00edsta en la C\u00e1mara de Diputados dijo que para una repostulaci\u00f3n de Medina tendr\u00eda que darse un consenso \u00abde arriba a abajo en el partido&#8230; Hay que hablar conmigo para eso\u00bb.<\/span><\/p>\n<\/p>\n<p><span class=\"text1noticias\">Plante\u00f3 que si Danilo quiere reelecci\u00f3n primero tiene que ponerse de acuerdo con el otro liderazgo del PLD, el que encabeza Leonel, quien ha sido Presidente de la Rep\u00fablica en tres oportunidades y es el presidente del partido.<\/span><\/p>\n<\/p>\n<p><span class=\"text1noticias\">\u00abCuando ellos dos (Medina y Fern\u00e1ndez) se pongan de acuerdo, entonces hablamos de reelecci\u00f3n\u00bb, manifest\u00f3 Maldonado.(HG<\/span>).<\/p>\n<h6> 2014-10-05 14:17:20 <\/h6>\n<p><!--\n<link rel=\"stylesheet\" href=\"css\/bootstrap.min.css\">\n\n\n<ul class=\"pagination\">\n\t    \n\t\n\n<li >\n\t<a href='?page_no=14398'>Previous<\/a>\n\t<\/li>\n\n\n       \n    \n\n<li><a href='?page_no=1'>1<\/a><\/li>\n\n\n\n<li><a href='?page_no=2'>2<\/a><\/li>\n\n\n\n<li><a>...<\/a><\/li>\n\n\n\n<li><a href='?page_no=14397'>14397<\/a><\/li>\n\n\n\n<li><a href='?page_no=14398'>14398<\/a><\/li>\n\n\n\n<li class='active'><a>14399<\/a><\/li>\n\n\n\n<li><a href='?page_no=14400'>14400<\/a><\/li>\n\n\n\n<li><a href='?page_no=14401'>14401<\/a><\/li>\n\n\n\n<li><a>...<\/a><\/li>\n\n\n\n<li><a href='?page_no=36999'>36999<\/a><\/li>\n\n\n\n<li><a href='?page_no=37000'>37000<\/a><\/li>\n\n    \n\t\n\n<li >\n\t<a href='?page_no=14400'>Next<\/a>\n\t<\/li>\n\n\n    \n\n<li><a href='?page_no=37000'>Last &rsaquo;&rsaquo;<\/a><\/li>\n\n<\/ul>\n\n\n--><br \/>\n<\/body><\/p>\n","protected":false},"excerpt":{"rendered":"<p>Santo Domingo, RD, 5 de Octubre.-El vocero de la bancada del oficialista Partido de la Liberaci\u00f3n Dominicana (PLD) en la C\u00e1mara de Diputados, Rub\u00e9n Maldonado, declar\u00f3 que el tema de la reelecci\u00f3n ha sido tra\u00eddo por los \u00abmo\u00f1os\u00bb para crear intranquilidad y desasosiego en la organizaci\u00f3n pol\u00edtica, porque, a su decir, todos saben que el [&hellip;]<\/p>\n","protected":false},"author":3,"featured_media":0,"comment_status":"open","ping_status":"open","sticky":false,"template":"","format":"standard","meta":{"footnotes":""},"categories":[22],"tags":[],"class_list":["post-161943","post","type-post","status-publish","format-standard","hentry","category-politica"],"_links":{"self":[{"href":"https:\/\/diariodominicano.com\/index.php?rest_route=\/wp\/v2\/posts\/161943","targetHints":{"allow":["GET"]}}],"collection":[{"href":"https:\/\/diariodominicano.com\/index.php?rest_route=\/wp\/v2\/posts"}],"about":[{"href":"https:\/\/diariodominicano.com\/index.php?rest_route=\/wp\/v2\/types\/post"}],"author":[{"embeddable":true,"href":"https:\/\/diariodominicano.com\/index.php?rest_route=\/wp\/v2\/users\/3"}],"replies":[{"embeddable":true,"href":"https:\/\/diariodominicano.com\/index.php?rest_route=%2Fwp%2Fv2%2Fcomments&post=161943"}],"version-history":[{"count":0,"href":"https:\/\/diariodominicano.com\/index.php?rest_route=\/wp\/v2\/posts\/161943\/revisions"}],"wp:attachment":[{"href":"https:\/\/diariodominicano.com\/index.php?rest_route=%2Fwp%2Fv2%2Fmedia&parent=161943"}],"wp:term":[{"taxonomy":"category","embeddable":true,"href":"https:\/\/diariodominicano.com\/index.php?rest_route=%2Fwp%2Fv2%2Fcategories&post=161943"},{"taxonomy":"post_tag","embeddable":true,"href":"https:\/\/diariodominicano.com\/index.php?rest_route=%2Fwp%2Fv2%2Ftags&post=161943"}],"curies":[{"name":"wp","href":"https:\/\/api.w.org\/{rel}","templated":true}]}}