{"id":161942,"date":"2014-10-05T14:46:43","date_gmt":"2014-10-05T14:46:43","guid":{"rendered":"http:\/\/diariodominicano.ddns.net\/?p=161942"},"modified":"2014-10-05T14:46:43","modified_gmt":"2014-10-05T14:46:43","slug":"advierte-al-presidente-danilo-medina-sobre-una-posible-modificacion-constitucional","status":"publish","type":"post","link":"https:\/\/diariodominicano.com\/?p=161942","title":{"rendered":"Advierte al presidente Danilo Medina sobre una posible modificacion constitucional"},"content":{"rendered":"<p><body><\/p>\n<p><img decoding=\"async\" src=\"img3\/ito.jpg\" \/>  <\/p>\n<p><span class=\"text1noticias\">Santo Domingo, RD, 5 de Octubre.-El precandidato presidencial del Partido Reformista Social Cristiano (PRSC), V\u00edctor Ito Bison\u00f3 advirti\u00f3 al Presidente Danilo Medina, que de dejarse influenciar por sus colaboradores para intentar una reforma constitucional que trille el camino para su reelecci\u00f3n, estar\u00eda no solo violando la carta magna, sino alejando las garant\u00edas constitucionales que necesita el pa\u00eds.<\/span><\/p>\n<\/p>\n<p><span class=\"text1noticias\">\u00abEl m\u00e1s grande aport\u00e9 que puede hacer el Presidente Medina en su gobierno es la consolidaci\u00f3n de la democracia, y esto ser\u00eda sacando de una vez el fantasma de las modificaciones a la constituci\u00f3n cada vez que al presidente de turno le convenga o cuando su entorno le parezca\u00bb, asegur\u00f3 Ito Bison\u00f2.<\/span><\/p>\n<\/p>\n<p><span class=\"text1noticias\">La reacci\u00f3n del tambi\u00e9n diputado reformista se produce en momentos en que a lo interno del PLD, se ha desatado un avispero, tras el anuncio del Ministro de Administraci\u00f3n P\u00fablica, Ram\u00f3n Ventura Camejo, de que propondr\u00e1 en la pr\u00f3xima reuni\u00f3n del Comit\u00e9 Pol\u00edtico que la reelecci\u00f3n sea puesta como tema de agenda.<\/span><\/p>\n<\/p>\n<p><span class=\"text1noticias\">Al ser entrevistado por Elvis Lima en el programa Fuera de Record del canal 45, el precandidato presidencial reformista afirm\u00f3 que el Presidente Medina fue elegido y se jurament\u00f3 con la constituci\u00f3n vigente que escoge al jefe de Estado  por un per\u00edodo de 4 a\u00f1os.<\/span><\/p>\n<\/p>\n<p><span class=\"text1noticias\">\u00abEl Pa\u00eds necesita de m\u00e1s garant\u00edas constitucionales y respeto a sus leyes eso comenzar\u00eda por respetar la constituci\u00f3n. La constituci\u00f3n actual dice t\u00e1citamente que no podemos legislar en favor propio, quiere decir que lo primero que har\u00eda el Presidente  ser\u00eda violarla y despu\u00e9s modificarla\u00bb, precis\u00f3.<\/span><\/p>\n<\/p>\n<p><span class=\"text1noticias\">Por otra parte, Ito Bison\u00f2 rechaz\u00f2 las pretensiones de algunos sectores a lo interno de su partido que propugnan para que el candidato presidencial de esa organizaci\u00f3n de cara al 2016, sea escogido mediante consenso, porque ese mecanismo estancar\u00eda la democracia interna de la organizaci\u00f3n.<\/span><\/p>\n<\/p>\n<p><span class=\"text1noticias\">Afirm\u00f3 que es la base del partido la que tiene que definir mediante primarias a cu\u00e1l de los aspirantes a la presidencial, prefieren para el certamen venidero, porque es el mecanismo m\u00e1s democr\u00e1tico.<\/span><\/p>\n<\/p>\n<p><span class=\"text1noticias\">\u00abEl modelo que nosotros siempre hemos aplicado son las primarias donde pueda expresarse la voluntad popular, todo aquello que est\u00e9n interesado en participar en esa din\u00e1mica del partido, yo creo que eso es lo que le puede dar fortaleza a un candidato, la competencia; Ahora dentro de esa competencia lo legal, tiene que ser leg\u00ectimo, no puede ser porque se tenga la autoridad los recursos, porque se pueda a trav\u00e9s de diferente coyuntura que se dan en pol\u00edtica tener una voluntad mec\u00e1nica, de un grupo o de una mayor\u00eda que incluso muchas veces sustentada en una forma extra partidaria que al final terminan obstruyendo el propio partido\u00bb, asegur\u00f3 Bison\u00f2.<\/span><\/p>\n<p><span class=\"text1noticias\"> <\/span><\/p>\n<p><span class=\"text1noticias\">Dijo que no se puede hablar de consenso cuando la expresi\u00f3n de lo que quiere el pueblo vaya a ser secuestrada, por las pretensiones de los que tienen el control para dar empleos, designar los miembros del directorio provincial, y escoger los candidatos.(HG)<\/span>.<\/p>\n<\/p>\n<h6> 2014-10-05 14:46:43 <\/h6>\n<p><!--\n<link rel=\"stylesheet\" href=\"css\/bootstrap.min.css\">\n\n\n<ul class=\"pagination\">\n\t    \n\t\n\n<li >\n\t<a href='?page_no=14397'>Previous<\/a>\n\t<\/li>\n\n\n       \n    \n\n<li><a href='?page_no=1'>1<\/a><\/li>\n\n\n\n<li><a href='?page_no=2'>2<\/a><\/li>\n\n\n\n<li><a>...<\/a><\/li>\n\n\n\n<li><a href='?page_no=14396'>14396<\/a><\/li>\n\n\n\n<li><a href='?page_no=14397'>14397<\/a><\/li>\n\n\n\n<li class='active'><a>14398<\/a><\/li>\n\n\n\n<li><a href='?page_no=14399'>14399<\/a><\/li>\n\n\n\n<li><a href='?page_no=14400'>14400<\/a><\/li>\n\n\n\n<li><a>...<\/a><\/li>\n\n\n\n<li><a href='?page_no=36999'>36999<\/a><\/li>\n\n\n\n<li><a href='?page_no=37000'>37000<\/a><\/li>\n\n    \n\t\n\n<li >\n\t<a href='?page_no=14399'>Next<\/a>\n\t<\/li>\n\n\n    \n\n<li><a href='?page_no=37000'>Last &rsaquo;&rsaquo;<\/a><\/li>\n\n<\/ul>\n\n\n--><br \/>\n<\/body><\/p>\n","protected":false},"excerpt":{"rendered":"<p>Santo Domingo, RD, 5 de Octubre.-El precandidato presidencial del Partido Reformista Social Cristiano (PRSC), V\u00edctor Ito Bison\u00f3 advirti\u00f3 al Presidente Danilo Medina, que de dejarse influenciar por sus colaboradores para intentar una reforma constitucional que trille el camino para su reelecci\u00f3n, estar\u00eda no solo violando la carta magna, sino alejando las garant\u00edas constitucionales que necesita [&hellip;]<\/p>\n","protected":false},"author":3,"featured_media":0,"comment_status":"open","ping_status":"open","sticky":false,"template":"","format":"standard","meta":{"footnotes":""},"categories":[22],"tags":[],"class_list":["post-161942","post","type-post","status-publish","format-standard","hentry","category-politica"],"_links":{"self":[{"href":"https:\/\/diariodominicano.com\/index.php?rest_route=\/wp\/v2\/posts\/161942","targetHints":{"allow":["GET"]}}],"collection":[{"href":"https:\/\/diariodominicano.com\/index.php?rest_route=\/wp\/v2\/posts"}],"about":[{"href":"https:\/\/diariodominicano.com\/index.php?rest_route=\/wp\/v2\/types\/post"}],"author":[{"embeddable":true,"href":"https:\/\/diariodominicano.com\/index.php?rest_route=\/wp\/v2\/users\/3"}],"replies":[{"embeddable":true,"href":"https:\/\/diariodominicano.com\/index.php?rest_route=%2Fwp%2Fv2%2Fcomments&post=161942"}],"version-history":[{"count":0,"href":"https:\/\/diariodominicano.com\/index.php?rest_route=\/wp\/v2\/posts\/161942\/revisions"}],"wp:attachment":[{"href":"https:\/\/diariodominicano.com\/index.php?rest_route=%2Fwp%2Fv2%2Fmedia&parent=161942"}],"wp:term":[{"taxonomy":"category","embeddable":true,"href":"https:\/\/diariodominicano.com\/index.php?rest_route=%2Fwp%2Fv2%2Fcategories&post=161942"},{"taxonomy":"post_tag","embeddable":true,"href":"https:\/\/diariodominicano.com\/index.php?rest_route=%2Fwp%2Fv2%2Ftags&post=161942"}],"curies":[{"name":"wp","href":"https:\/\/api.w.org\/{rel}","templated":true}]}}