{"id":161941,"date":"2014-10-06T02:51:26","date_gmt":"2014-10-06T02:51:26","guid":{"rendered":"http:\/\/diariodominicano.ddns.net\/?p=161941"},"modified":"2014-10-06T02:51:26","modified_gmt":"2014-10-06T02:51:26","slug":"leonel-fernandez-dice-problemas-de-rd-solo-deben-resolverlos-los-dominicanos","status":"publish","type":"post","link":"https:\/\/diariodominicano.com\/?p=161941","title":{"rendered":"Leonel Fern\u00e1ndez dice problemas de RD s\u00f3lo deben resolverlos los dominicanos"},"content":{"rendered":"<p><body><\/p>\n<p><img decoding=\"async\" src=\"img3\/image(4).jpeg\" \/><br \/><img decoding=\"async\" src=\"img3\/leonel222.jpg\" \/><br \/><img decoding=\"async\" src=\"img3\/leon00.jpg\" \/>  <\/p>\n<p><strong><span class=\"text1noticias\">El ex presidente encabez\u00f3 el  s\u00e1bado diversas actividades pol\u00edticas y contactos con empresarios en la ciudad de Santiago<\/span><\/strong><\/p>\n<\/p>\n<p><span class=\"text1noticias\">SANTIAGO DE LOS CABALLEROS, R D, 5 octubre.- El ex presidente Leonel Fern\u00e1ndez, afirm\u00f3 hoy que los problemas de la Rep\u00fablica Dominicana solo los pueden resolver los dominicanos, y asegur\u00f3 que el Partido de la Liberaci\u00f3n Dominicana (PLD) continuar\u00e1 gobernando m\u00e1s all\u00e1 del 2016 porque representa el progreso, la paz y la estabilidad.<\/span><\/p>\n<\/p>\n<p><span class=\"text1noticias\">Sostuvo que ning\u00fan otro pa\u00eds por m\u00e1s amigo que sea, por m\u00e1s cercano que se sienta y por m\u00e1s solidario que sea, \u00abno va a resolver nuestros problemas y nuestros desaf\u00edos\u00bb.<\/span><\/p>\n<\/p>\n<p><span class=\"text1noticias\">Al  hablar en un encuentro con centenares de j\u00f3venes que lo recibieron en la residencia de los hermanos Luis Maurio y Cristian Perell\u00f3, en el sector Los Cerros de Gurabo, dijo que la juventud tiene el reto de contribuir con la democracia y la institucionalidad del pa\u00eds, por lo que los exhort\u00f3 a trabajar de manera entusiasta en ese sentido.<\/span><\/p>\n<\/p>\n<p><span class=\"text1noticias\">Agreg\u00f3: \u00abustedes ser\u00e1n en parte, arquitectos del destino de nuestro pa\u00eds\u00bb, tras se\u00f1alar que tienen que trabajar juntos porque aisladamente no es posible construir el futuro que desean\u00bb.<\/span><\/p>\n<\/p>\n<p><span class=\"text1noticias\">Expres\u00f3 que cuando el PLD gobierna en la Rep\u00fablica Dominicana hay progreso, paz, estabilidad y existe siempre una esperanza de que seguiremos avanzando en la construcci\u00f3n de un mejor porvenir para nuestros ciuddanos.<\/span><\/p>\n<\/p>\n<p><span class=\"text1noticias\">Fern\u00e1ndez a\u00f1adi\u00f3 que el PLD representa el progreso y la felicidad, pero \u00abtodo cuanto emprendemos; todo cuanto hacemos, siempre encuentra la resistencia de quienes se oponen al progreso en la Rep\u00fablica Dominicana\u00bb.<\/span><\/p>\n<\/p>\n<p><span class=\"text1noticias\">El ex jefe de Estado dijo que en definitiva y \u00aben Rep\u00fablica Dominicana no s\u00f3lo se trata de un enfrentamiento entre fuerzas pol\u00edticas, sino que por un lado tenemos la civilizaci\u00f3n, representada por el PLD y por el otro lado la barbarie, anarqu\u00eda y el desorden\u00bb.<\/span><\/p>\n<\/p>\n<p><span class=\"text1noticias\">\u00abY como de eso es que se trata, el pueblo dominicano se ha abrazado al PLD y reconoce que en las elecciones del 2016 habr\u00e1 un nuevo triunfo de nuestro Partido de la Liberaci\u00f3n Dominicana porque el pueblo no quiere anarqu\u00eda ni desorden\u00bb.<\/span><\/p>\n<\/p>\n<p><span class=\"text1noticias\">En la residencia de los hermanos Perell\u00f3 el ex presidente fue recibido con prolongados aplausos por centenares de j\u00f3venes que crearon el Movimiento \u00abLo Nuevo con Leonel\u00bb, quienes a gritos le pidieron que acepte la precandidatura presidencial por el PLD para las pr\u00f3ximas elecciones de mayo.<\/span><\/p>\n<\/p>\n<p><span class=\"text1noticias\">Los dirigentes de ese momiento, Luis Mauricio y Cristian Perell\u00f3 y Libbys Le\u00f3n, se comprometieron a trabajar sin descanso por la eventual candidatura del ex presidente Fern\u00e1ndez.<\/span><\/p>\n<\/p>\n<p><span class=\"text1noticias\">Tambi\u00e9n, el exgobernate encabez\u00f3 un acto en la residencia del diputado V\u00edctor Menc\u00edas, donde estaban presentes cientos de dirigentes pelede\u00edstas de la circunscripci\u00f3n n\u00famero tres en esta ciudad de Santiago,quienes le ped\u00edan en medio de una algarab\u00eda que aceptara la precandidatura presidencial del PLD para el 2016, debido a que los vientos est\u00e1n soplando tan fuertes que se han convertido en un hurac\u00e1n de categor\u00eda cinco.<\/span><\/p>\n<\/p>\n<p><span class=\"text1noticias\">En ese encuentro adem\u00e1s de Macias estaban presentes los dirigentes pelede\u00edstas Nelson Mata, Rolando S\u00e1nchez, Anyolino Germosen, Alejandro Ure\u00f1a, Rosalba Estrella, Juan Isidro P\u00e9rez y Rafael Mata, entre otros.<\/span><\/p>\n<\/p>\n<p><span class=\"text1noticias\">El ex presidente Fern\u00e1ndez inici\u00f3 su recorrido por Santiago pasado el mediod\u00eda con una visita a la factor\u00eda de arroz \u00abArturo Bison\u00f3\u00bb, en el municipio de Navarrete, donde convers\u00f3 con sus propietarios Juan Manuel y Luis Arturo Portela, y luego hizo un recorrido por las instalaciones de la empresa donde observ\u00f3 el procesamiento del cereal. Luego particip\u00f3 de un almuerzo en la residencia de los empresarios.<\/span><\/p>\n<\/p>\n<p><strong><span class=\"text1noticias\">Lanzamiento Generaci\u00f3n Leonelista<\/span><\/strong><\/p>\n<\/p>\n<p><span class=\"text1noticias\">El ex presidente Leonel Fern\u00e1ndez encabez\u00f3 anoche el lanzamiento de del movimiento juvenil, Generaci\u00f3n Leonelista, donde dijo que seg\u00fan como solpan los vientos, cualquiera siente el entusiasmo de volver al gobierno para continuar la revoluci\u00f3n tecnol\u00f3gica que transformar\u00e1 el pa\u00eds t\u00e9rmino de desarrollo econ\u00f3mico, social, cultural, cient\u00edtico y de innovaci\u00f3n.<\/span><\/p>\n<\/p>\n<p><span class=\"text1noticias\">Sostuvo que en visitas internacionales a incubadoras de empresas y centros tecnol\u00f3gicos, ha visto grandes oportunidades de ejecutar esos proyectos en el pa\u00eds  y sostuvo que \u00abcuando se tienen las posibilidades de llevar a cabo estos avances tecnol\u00f3gicos, cualquiera siente el entusiasmo de volver al gobierno. Volver al gobierno para hacer cosas que transformen a la Rep\u00fablica Dominicana\u00bb.<\/span><\/p>\n<\/p>\n<p><span class=\"text1noticias\">El tambi\u00e9n presidente del Partido de la Liberaci\u00f3n Dominicana, expres\u00f3 que hay j\u00f3venes que se le acercan para decirle que tienen la idea de c\u00f3mo desarrollar aplicaciones m\u00f3viles, con lo cual ha sentido el deseo de poder ayudar a potenciales emprendedores a desarrollar productos tecnol\u00f3gicos. \u00abEntonces esas ideas se podr\u00edan verificar y si tienen el potencial comercial, el sector empresarial financiar\u00eda la creaci\u00f3n de esa empresa\u00bb, argument\u00f3 el exmandatario.<\/span><\/p>\n<\/p>\n<p><span class=\"text1noticias\">En el acto organizado en el hotel Mat\u00fan en esta ciudad, participaron miles de j\u00f3venes en apoyo a su eventual precandidatura presidencial por el Partido de la Liberaci\u00f3n Dominicana (PLD) para las elecciones de 2016.<\/span><\/p>\n<\/p>\n<p><span class=\"text1noticias\">En el  acto hablaron el presidentes de la Juventud del PLD y del Movimiento Generaci\u00f3n Leonelista, Franklin Rodr\u00edguez y Ram\u00f3n Jim\u00e9nez, respectivamente, quienes dijeron que el ex presidente Fern\u00e1ndez, representa la modernizaci\u00f3n, el progreso y el desarrollo de la Rep\u00fablica Dominicana.<\/span><\/p>\n<\/p>\n<h6> 2014-10-06 02:51:26 <\/h6>\n<p><!--\n<link rel=\"stylesheet\" href=\"css\/bootstrap.min.css\">\n\n\n<ul class=\"pagination\">\n\t    \n\t\n\n<li >\n\t<a href='?page_no=14396'>Previous<\/a>\n\t<\/li>\n\n\n       \n    \n\n<li><a href='?page_no=1'>1<\/a><\/li>\n\n\n\n<li><a href='?page_no=2'>2<\/a><\/li>\n\n\n\n<li><a>...<\/a><\/li>\n\n\n\n<li><a href='?page_no=14395'>14395<\/a><\/li>\n\n\n\n<li><a href='?page_no=14396'>14396<\/a><\/li>\n\n\n\n<li class='active'><a>14397<\/a><\/li>\n\n\n\n<li><a href='?page_no=14398'>14398<\/a><\/li>\n\n\n\n<li><a href='?page_no=14399'>14399<\/a><\/li>\n\n\n\n<li><a>...<\/a><\/li>\n\n\n\n<li><a href='?page_no=36999'>36999<\/a><\/li>\n\n\n\n<li><a href='?page_no=37000'>37000<\/a><\/li>\n\n    \n\t\n\n<li >\n\t<a href='?page_no=14398'>Next<\/a>\n\t<\/li>\n\n\n    \n\n<li><a href='?page_no=37000'>Last &rsaquo;&rsaquo;<\/a><\/li>\n\n<\/ul>\n\n\n--><br \/>\n<\/body><\/p>\n","protected":false},"excerpt":{"rendered":"<p>El ex presidente encabez\u00f3 el s\u00e1bado diversas actividades pol\u00edticas y contactos con empresarios en la ciudad de Santiago SANTIAGO DE LOS CABALLEROS, R D, 5 octubre.- El ex presidente Leonel Fern\u00e1ndez, afirm\u00f3 hoy que los problemas de la Rep\u00fablica Dominicana solo los pueden resolver los dominicanos, y asegur\u00f3 que el Partido de la Liberaci\u00f3n Dominicana [&hellip;]<\/p>\n","protected":false},"author":3,"featured_media":0,"comment_status":"open","ping_status":"open","sticky":false,"template":"","format":"standard","meta":{"footnotes":""},"categories":[22],"tags":[],"class_list":["post-161941","post","type-post","status-publish","format-standard","hentry","category-politica"],"_links":{"self":[{"href":"https:\/\/diariodominicano.com\/index.php?rest_route=\/wp\/v2\/posts\/161941","targetHints":{"allow":["GET"]}}],"collection":[{"href":"https:\/\/diariodominicano.com\/index.php?rest_route=\/wp\/v2\/posts"}],"about":[{"href":"https:\/\/diariodominicano.com\/index.php?rest_route=\/wp\/v2\/types\/post"}],"author":[{"embeddable":true,"href":"https:\/\/diariodominicano.com\/index.php?rest_route=\/wp\/v2\/users\/3"}],"replies":[{"embeddable":true,"href":"https:\/\/diariodominicano.com\/index.php?rest_route=%2Fwp%2Fv2%2Fcomments&post=161941"}],"version-history":[{"count":0,"href":"https:\/\/diariodominicano.com\/index.php?rest_route=\/wp\/v2\/posts\/161941\/revisions"}],"wp:attachment":[{"href":"https:\/\/diariodominicano.com\/index.php?rest_route=%2Fwp%2Fv2%2Fmedia&parent=161941"}],"wp:term":[{"taxonomy":"category","embeddable":true,"href":"https:\/\/diariodominicano.com\/index.php?rest_route=%2Fwp%2Fv2%2Fcategories&post=161941"},{"taxonomy":"post_tag","embeddable":true,"href":"https:\/\/diariodominicano.com\/index.php?rest_route=%2Fwp%2Fv2%2Ftags&post=161941"}],"curies":[{"name":"wp","href":"https:\/\/api.w.org\/{rel}","templated":true}]}}