{"id":161940,"date":"2014-10-06T14:16:38","date_gmt":"2014-10-06T14:16:38","guid":{"rendered":"http:\/\/diariodominicano.ddns.net\/?p=161940"},"modified":"2014-10-06T14:16:38","modified_gmt":"2014-10-06T14:16:38","slug":"aspirantes-a-nominacion-presidencial-de-distintos-partidos-opinan-sobre-propuesta-de-reeleccion","status":"publish","type":"post","link":"https:\/\/diariodominicano.com\/?p=161940","title":{"rendered":"&#13;Aspirantes a nominaci\u00f3n presidencial de distintos partidos opinan sobre propuesta de reelecci\u00f3n"},"content":{"rendered":"<p><body><\/p>\n<p><img decoding=\"async\" src=\"img3\/fede 6.jpg\" \/><br \/><img decoding=\"async\" src=\"img3\/fran 6.jpg\" \/><br \/><img decoding=\"async\" src=\"img3\/segura 6.jpeg\" \/>  <\/p>\n<p>Santo Domingo RD 6 octubre.- La propuesta de llevar al Comit\u00e9 Pol\u00edtico del Partido de la Liberaci\u00f3n Dominicana (PLD) una posible reelecci\u00f3n del presidente Danilo Medina provoc\u00f3 distintas opiniones entre su  partido y la oposici\u00f3n.<\/p>\n<\/p>\n<p>El aspirante presidencial  Radham\u00e9s Segura afirm\u00f3 que debe manejarse con prudencia el tema, debido a que el propio Presidente  dijo que se referir\u00e1 al mismo en su momento y a\u00fan eso no se ha producido.<\/p>\n<\/p>\n<p>Federico Ant\u00fan, presidente del Partido Reformista (PSRC), dijo que si se presenta el partido lo discutir\u00e1, pero por ahora no est\u00e1n en ese debate. Pero el aspirante presidencial del PRSC, V\u00edctor \u00f1Ito\u00f1 Bison\u00f3, advirti\u00f3 al presidente Medina, que de dejarse influenciar por sus colaboradores para intentar una reforma constitucional para su reelecci\u00f3n, estar\u00eda no solo violando la Carta Magna, sino alejando las garant\u00edas constitucionales que necesita el pa\u00eds.<\/p>\n<\/p>\n<p>La discusi\u00f3n surge luego que el dirigente del PLD y ministro de Administraci\u00f3n P\u00fablica, Ram\u00f3n Ventura Camejo, dijo que llevar\u00eda al Comit\u00e9 Pol\u00edtico de su partido el tema de la reelecci\u00f3n presidencial.<\/p>\n<\/p>\n<p>Mientras que el senador de Santiago, Julio C\u00e9sar Valent\u00edn, sostuvo que la reforma constitucional solo concierne al Congreso Nacional.<\/p>\n<\/p>\n<p>En cambio, Radham\u00e9s Segura expres\u00f3 que se referir\u00e1 a la misma luego de que lo haga el mandatario, porque a\u00fan no se conoce la posici\u00f3n del Presidente sobre su posible repostulaci\u00f3n, al tiempo de respetar la sugerencia de que  \u00abahora lo que se requiere es mucha prudencia para manejar los temas pol\u00edticos porque hablar del candidato del PLD es seguro hablar del presidente a partir del a\u00f1o 2016\u00bb.<\/p>\n<\/p>\n<p>\u00abEl m\u00e1s grande aporte que puede hacer el Presidente  en su gobierno es la consolidaci\u00f3n de la democracia, y esto ser\u00eda sacando de una vez el fantasma de las modificaciones a la Constituci\u00f3n cada vez que al presidente de turno le convenga o cuando su entorno le parezca??, asegur\u00f3 Ito Bison\u00f3. Afirm\u00f3 que el presidente Medina fue elegido y se jurament\u00f3 con la Constituci\u00f3n vigente que escoge al jefe de Estado por un per\u00edodo de 4 a\u00f1os.<\/p>\n<\/p>\n<p>??El pa\u00eds necesita de m\u00e1s garant\u00edas constitucionales y respeto a sus leyes eso comenzar\u00eda por respetar la constituci\u00f3n.<\/p>\n<\/p>\n<p>La constituci\u00f3n actual dice t\u00e1citamente que no podemos legislar en favor propio, quiere decir que lo primero que har\u00eda el presidente ser\u00eda violarla y despu\u00e9s modificarla??, precis\u00f3.<\/p>\n<\/p>\n<h6> 2014-10-06 14:16:38 <\/h6>\n<p><!--\n<link rel=\"stylesheet\" href=\"css\/bootstrap.min.css\">\n\n\n<ul class=\"pagination\">\n\t    \n\t\n\n<li >\n\t<a href='?page_no=14395'>Previous<\/a>\n\t<\/li>\n\n\n       \n    \n\n<li><a href='?page_no=1'>1<\/a><\/li>\n\n\n\n<li><a href='?page_no=2'>2<\/a><\/li>\n\n\n\n<li><a>...<\/a><\/li>\n\n\n\n<li><a href='?page_no=14394'>14394<\/a><\/li>\n\n\n\n<li><a href='?page_no=14395'>14395<\/a><\/li>\n\n\n\n<li class='active'><a>14396<\/a><\/li>\n\n\n\n<li><a href='?page_no=14397'>14397<\/a><\/li>\n\n\n\n<li><a href='?page_no=14398'>14398<\/a><\/li>\n\n\n\n<li><a>...<\/a><\/li>\n\n\n\n<li><a href='?page_no=36999'>36999<\/a><\/li>\n\n\n\n<li><a href='?page_no=37000'>37000<\/a><\/li>\n\n    \n\t\n\n<li >\n\t<a href='?page_no=14397'>Next<\/a>\n\t<\/li>\n\n\n    \n\n<li><a href='?page_no=37000'>Last &rsaquo;&rsaquo;<\/a><\/li>\n\n<\/ul>\n\n\n--><br \/>\n<\/body><\/p>\n","protected":false},"excerpt":{"rendered":"<p>Santo Domingo RD 6 octubre.- La propuesta de llevar al Comit\u00e9 Pol\u00edtico del Partido de la Liberaci\u00f3n Dominicana (PLD) una posible reelecci\u00f3n del presidente Danilo Medina provoc\u00f3 distintas opiniones entre su partido y la oposici\u00f3n. El aspirante presidencial Radham\u00e9s Segura afirm\u00f3 que debe manejarse con prudencia el tema, debido a que el propio Presidente dijo [&hellip;]<\/p>\n","protected":false},"author":3,"featured_media":0,"comment_status":"open","ping_status":"open","sticky":false,"template":"","format":"standard","meta":{"footnotes":""},"categories":[22],"tags":[],"class_list":["post-161940","post","type-post","status-publish","format-standard","hentry","category-politica"],"_links":{"self":[{"href":"https:\/\/diariodominicano.com\/index.php?rest_route=\/wp\/v2\/posts\/161940","targetHints":{"allow":["GET"]}}],"collection":[{"href":"https:\/\/diariodominicano.com\/index.php?rest_route=\/wp\/v2\/posts"}],"about":[{"href":"https:\/\/diariodominicano.com\/index.php?rest_route=\/wp\/v2\/types\/post"}],"author":[{"embeddable":true,"href":"https:\/\/diariodominicano.com\/index.php?rest_route=\/wp\/v2\/users\/3"}],"replies":[{"embeddable":true,"href":"https:\/\/diariodominicano.com\/index.php?rest_route=%2Fwp%2Fv2%2Fcomments&post=161940"}],"version-history":[{"count":0,"href":"https:\/\/diariodominicano.com\/index.php?rest_route=\/wp\/v2\/posts\/161940\/revisions"}],"wp:attachment":[{"href":"https:\/\/diariodominicano.com\/index.php?rest_route=%2Fwp%2Fv2%2Fmedia&parent=161940"}],"wp:term":[{"taxonomy":"category","embeddable":true,"href":"https:\/\/diariodominicano.com\/index.php?rest_route=%2Fwp%2Fv2%2Fcategories&post=161940"},{"taxonomy":"post_tag","embeddable":true,"href":"https:\/\/diariodominicano.com\/index.php?rest_route=%2Fwp%2Fv2%2Ftags&post=161940"}],"curies":[{"name":"wp","href":"https:\/\/api.w.org\/{rel}","templated":true}]}}