{"id":161937,"date":"2014-10-06T15:03:57","date_gmt":"2014-10-06T15:03:57","guid":{"rendered":"http:\/\/diariodominicano.ddns.net\/?p=161937"},"modified":"2014-10-06T15:03:57","modified_gmt":"2014-10-06T15:03:57","slug":"reinaldo-pared-proclama-en-san-juan-y-elias-pina-no-me-gana-nadie-las-elecciones-internas-del-pld","status":"publish","type":"post","link":"https:\/\/diariodominicano.com\/?p=161937","title":{"rendered":"Reinaldo Pared proclama  \u00abEn San Juan y El\u00edas Pi\u00f1a no me gana nadie las elecciones internas del PLD\u00bb"},"content":{"rendered":"<p><body><\/p>\n<p><img decoding=\"async\" src=\"img3\/pared 2.jpg\" \/><br \/><img decoding=\"async\" src=\"img3\/pared 6.jpg\" \/>  <\/p>\n<p>San Juan de la Maguana RD 6 octubre.-El aspirante presidencial Reinaldo Pared P\u00e9rez afirm\u00f3 aqu\u00ed que el respaldo recibido este fin de semana lo dejan claramente convencido de que en las provincias San Juan y El\u00edas Pi\u00f1a nadie tiene nada que buscar, pues \u00e9l tiene ganado el proceso interno del Partido de la Liberaci\u00f3n Dominicana (PLD) y sus compa\u00f1eros de partido y el pa\u00eds lo llevar\u00e1n a la Presidencia de la Rep\u00fablica.<\/p>\n<\/p>\n<p>El tambi\u00e9n  secretario general del PLD calific\u00f3 como \u00abcompletamente exitoso\u00bb el recorrido realizado por los municipios de las provincias San Juan y El\u00edas Pi\u00f1a, donde recibi\u00f3 el respaldo de la mayor\u00eda de la dirigencia y la militancia pelede\u00edsta.<\/p>\n<\/p>\n<p>\u00abMe voy seguro, absolutamente seguro, de que con esta demostraci\u00f3n que ustedes han dado esta tarde, aqu\u00ed en San Juan nadie tiene nada que buscar. En el partido han salido varios  aspirantes y pueden surgir otros, pero nadie podr\u00e1 vencer a Reinaldo Pared. Este que est\u00e1 aqu\u00ed frente a ustedes es el seguro candidato presidencial del PLD y con el favor de Dios y el respaldo del pueblo dominicano, el 16 de agosto del 2016 me estar\u00e9 juramentando como presidente de la Rep\u00fablica\u00bb, proclam\u00f3 el doctor Pared P\u00e9rez.<\/p>\n<\/p>\n<p>Destac\u00f3 que, al igual que en San Juan, en El\u00edas Pi\u00f1a \u00e9l tiene el favor de la mayor\u00eda del partido, pues en esa provincia fronteriza la dirigencia del PLD envi\u00f3 un claro mensaje: quiere a Reinaldo Pared como su candidato presidencial y como mandatario del pa\u00eds.<\/p>\n<\/p>\n<p>Cientos de dirigentes y militantes del Partido de la Liberaci\u00f3n Dominicana llenaron a toda capacidad la sede de la Federaci\u00f3n de Productores de San Juan de la Maguana, mientras a decenas de personas que respaldan las aspiraciones presidenciales del doctor Pared P\u00e9rez se les hizo imposible entrar al local y debieron conformarse con escuchar las incidencias desde una \u00abdisco light\u00bb ubicada en las afueras del lugar donde se celebr\u00f3 el masivo acto.  <\/p>\n<\/p>\n<p>Con la actividad celebrada la tarde del domingo en esta ciudad, la comunidad sanjuanera dio un contundente respaldo al senador del Distrito Nacional, quien manifest\u00f3 que durante los tres \u00faltimos d\u00edas \u00ablos pueblos de las provincias El\u00edas Pi\u00f1a y San Juan han dejado claramente establecido que quieren a Reinaldo Pared como su pr\u00f3ximo presidente de la Rep\u00fablica\u00bb.<\/p>\n<\/p>\n<p><strong>Ram\u00f3n de la Rosa: \u00abest\u00e1 listo para gobernar\u00bb<\/strong><\/p>\n<\/p>\n<p>Previo a que el doctor Pared P\u00e9rez pronunciara sus palabras, el c\u00f3nsul dominicano en Puerto Pr\u00edncipe, exsenador y aspirante a esta misma posici\u00f3n, Ram\u00f3n de la Rosa, hizo vibrar a la multitud al resaltar la figura del doctor Pared P\u00e9rez y se\u00f1alarlo como el \u00fanico l\u00edder del PLD listo para seguir ejecutando la majestuosa obra de gobierno que ejecuta el presidente Danilo Medina.<\/p>\n<\/p>\n<p>Adem\u00e1s del doctor Pared P\u00e9rez y Ram\u00f3n de la Rosa, en la actividad hablaron Julio C\u00e9sar Dugu\u00e9, presidente del ayuntamiento local y aspirante a alcalde de este municipio, quien pronunci\u00f3 las palabras de bienvenida; Robinson Alexis de la Cruz Encarnaci\u00f3n, en representaci\u00f3n del liderazgo barrial; el doctor Francisco Valenzuela, en representaci\u00f3n de la juventud;  y Miguel \u00c1ngel Ram\u00edrez <\/p>\n<p>D\u00edaz, en representaci\u00f3n de un grupo de dirigentes del Partido Revolucionario Dominicano que decidieron renunciar a esa <\/p>\n<p>organizaci\u00f3n para afiliarse al PLD y apoyar la candidatura del doctor Pared P\u00e9rez.<\/p>\n<\/p>\n<p>Tambi\u00e9n hablaron el presidente del comit\u00e9 municipal en Las Matas de Farf\u00e1n, Ruddy D\u00edaz, y la  profesora F\u00e1tima Milagros P\u00e9rez, en representaci\u00f3n de la mujer. Todos coincidieron en se\u00f1alar que el secretario general del PLD es el pr\u00f3ximo eslab\u00f3n de la cadena de presidentes que est\u00e1 saliendo de las filas del partido fundado por el profesor Juan Bosch.<\/p>\n<\/p>\n<p>En esta jornada de respaldo a las aspiraciones presidenciales del doctor Pared P\u00e9rez hubo presencia de los dirigentes provinciales y municipales del PLD en San Juan, delegaciones de las circunscripciones electorales, as\u00ed como de los municipios y distritos municipales Juan de Herrera, Bohech\u00edo, El Cercado, Las Matas de Farf\u00e1n, Maguana Arriba, Maguana Abajo, Ca\u00f1afistol y Jinova.<\/p>\n<\/p>\n<p>Reinaldo Pared P\u00e9rez tambi\u00e9n realiz\u00f3 visitas puntuales, adem\u00e1s de importantes encuentros con la dirigencia del PLD en Comendador, Hondo Valle, Juan Santiago, El Llano, Arroyo Cano, Palmar del Yaque, Loma del Yaque, El Rosario, Card\u00f3n, Vallejuelo, El C\u00f3rbano Sur, El C\u00f3rbano Norte y otras localidades, en cada una de las cuales recibi\u00f3 un s\u00f3lido y contundente respaldo.<\/p>\n<\/p>\n<p>Durante la masiva actividad celebrada este domingo aqu\u00ed ocuparon asientos en la mesa principal los senadores Rafael Calder\u00f3n, de la provincia Azua, y Juan Orlando Mercedes, de Independencia, as\u00ed como el ingeniero Rafael Hidalgo, alcalde de Azua; Bol\u00edvar Marte, aspirante a alcalde de La Vega; el diputado Franklin de la Cruz, el exdirector general del Instituto Agrario Dominicano, <\/p>\n<p>Radham\u00e9s Valenzuela; el aspirante a diputado por El\u00edas Pi\u00f1a, profesor Arsenio Quevedo, entre otros, quienes tambi\u00e9n acompa\u00f1aron al doctor Pared P\u00e9rez durante el periplo de fin de semana por San Juan y El\u00edas Pi\u00f1a.<\/p>\n<\/p>\n<p>Tambi\u00e9n estaban en la mesa de honor dirigentes de los diferentes municipios de esta provincia, entre \u00e9stos la ex regidora y ex dirigente del Partido Reformista Social Cristiano, Karina Noble; Arturo Castro, Jos\u00e9 Morillo y Orlando Mateo, de El Cercado; el exdiputado Pascual Valenzuela, el fundador del PLD residente en Las Matas de Farf\u00e1n, F\u00e9lix Manuel Abreu; F\u00e1tima P\u00e9rez, Olgu\u00edn Valdez; el presidente del PLD en Las Matas de Farf\u00e1n, Ruddy D\u00edaz; Jos\u00e9 Alc\u00e1ntara (Chicho) y Juan Alberto  Aquino (Pip\u00edn).   <\/p>\n<\/p>\n<p>Decenas de presidentes de comit\u00e9s intermedios del PLD, as\u00ed como delegaciones del Bloque Institucional Socialdem\u00f3crata (BIS), encabezadas por Elvis Brito y de varios movimientos de apoyo, como el Proyecto de Apoyo a Reinaldo (PARED), conformado por agrimensores, arquitectos e ingenieros; Caminando con Reinaldo, Nosotras con Reinaldo, Deportistas con Reinaldo, acompa\u00f1aron al doctor Reinaldo Pared P\u00e9rez durante el recorrido por ambas provincias.<\/p>\n<\/p>\n<h6> 2014-10-06 15:03:57 <\/h6>\n<p><!--\n<link rel=\"stylesheet\" href=\"css\/bootstrap.min.css\">\n\n\n<ul class=\"pagination\">\n\t    \n\t\n\n<li >\n\t<a href='?page_no=14392'>Previous<\/a>\n\t<\/li>\n\n\n       \n    \n\n<li><a href='?page_no=1'>1<\/a><\/li>\n\n\n\n<li><a href='?page_no=2'>2<\/a><\/li>\n\n\n\n<li><a>...<\/a><\/li>\n\n\n\n<li><a href='?page_no=14391'>14391<\/a><\/li>\n\n\n\n<li><a href='?page_no=14392'>14392<\/a><\/li>\n\n\n\n<li class='active'><a>14393<\/a><\/li>\n\n\n\n<li><a href='?page_no=14394'>14394<\/a><\/li>\n\n\n\n<li><a href='?page_no=14395'>14395<\/a><\/li>\n\n\n\n<li><a>...<\/a><\/li>\n\n\n\n<li><a href='?page_no=36999'>36999<\/a><\/li>\n\n\n\n<li><a href='?page_no=37000'>37000<\/a><\/li>\n\n    \n\t\n\n<li >\n\t<a href='?page_no=14394'>Next<\/a>\n\t<\/li>\n\n\n    \n\n<li><a href='?page_no=37000'>Last &rsaquo;&rsaquo;<\/a><\/li>\n\n<\/ul>\n\n\n--><br \/>\n<\/body><\/p>\n","protected":false},"excerpt":{"rendered":"<p>San Juan de la Maguana RD 6 octubre.-El aspirante presidencial Reinaldo Pared P\u00e9rez afirm\u00f3 aqu\u00ed que el respaldo recibido este fin de semana lo dejan claramente convencido de que en las provincias San Juan y El\u00edas Pi\u00f1a nadie tiene nada que buscar, pues \u00e9l tiene ganado el proceso interno del Partido de la Liberaci\u00f3n Dominicana [&hellip;]<\/p>\n","protected":false},"author":3,"featured_media":0,"comment_status":"open","ping_status":"open","sticky":false,"template":"","format":"standard","meta":{"footnotes":""},"categories":[22],"tags":[],"class_list":["post-161937","post","type-post","status-publish","format-standard","hentry","category-politica"],"_links":{"self":[{"href":"https:\/\/diariodominicano.com\/index.php?rest_route=\/wp\/v2\/posts\/161937","targetHints":{"allow":["GET"]}}],"collection":[{"href":"https:\/\/diariodominicano.com\/index.php?rest_route=\/wp\/v2\/posts"}],"about":[{"href":"https:\/\/diariodominicano.com\/index.php?rest_route=\/wp\/v2\/types\/post"}],"author":[{"embeddable":true,"href":"https:\/\/diariodominicano.com\/index.php?rest_route=\/wp\/v2\/users\/3"}],"replies":[{"embeddable":true,"href":"https:\/\/diariodominicano.com\/index.php?rest_route=%2Fwp%2Fv2%2Fcomments&post=161937"}],"version-history":[{"count":0,"href":"https:\/\/diariodominicano.com\/index.php?rest_route=\/wp\/v2\/posts\/161937\/revisions"}],"wp:attachment":[{"href":"https:\/\/diariodominicano.com\/index.php?rest_route=%2Fwp%2Fv2%2Fmedia&parent=161937"}],"wp:term":[{"taxonomy":"category","embeddable":true,"href":"https:\/\/diariodominicano.com\/index.php?rest_route=%2Fwp%2Fv2%2Fcategories&post=161937"},{"taxonomy":"post_tag","embeddable":true,"href":"https:\/\/diariodominicano.com\/index.php?rest_route=%2Fwp%2Fv2%2Ftags&post=161937"}],"curies":[{"name":"wp","href":"https:\/\/api.w.org\/{rel}","templated":true}]}}