{"id":161936,"date":"2014-10-06T16:56:39","date_gmt":"2014-10-06T16:56:39","guid":{"rendered":"http:\/\/diariodominicano.ddns.net\/?p=161936"},"modified":"2014-10-06T16:56:39","modified_gmt":"2014-10-06T16:56:39","slug":"julio-cury-propone-reformar-constitucion","status":"publish","type":"post","link":"https:\/\/diariodominicano.com\/?p=161936","title":{"rendered":"Julio Cury propone reformar Constituci\u00f3n"},"content":{"rendered":"<p><body><\/p>\n<p><img decoding=\"async\" src=\"img3\/cury 6.jpg\" \/>  <\/p>\n<p>Santo Domingo RD 6 octubre.- -El doctor Julio Cury propuso instituir nuevamente el derecho a la repostulaci\u00f3n sucesiva presidencial a condici\u00f3n de que se modifiquen los art\u00edculos 22, 24, 154 y 214 de la Constituci\u00f3n, a fin de consagrar la suspensi\u00f3n o inhabilitaci\u00f3n de los derechos ciudadanos durante 10 a\u00f1os \u00aben perjuicio de quien respalde o de cualquier manera o medio promueva la reelecci\u00f3n presidencial m\u00e1s all\u00e1 de un \u00fanico per\u00edodo\u00bb, dijo.<\/p>\n<\/p>\n<p>A tal efecto, sugiri\u00f3 otorgarle competencia al Tribunal Superior Electoral, en primera instancia, y a la Suprema Corte de Justicia, en grado de apelaci\u00f3n, para instruir los procesos derivados de imputaciones formuladas por la comisi\u00f3n de la infracci\u00f3n constitucional que propuso.  <\/p>\n<\/p>\n<p>De esa manera, sostuvo el jurista, se evitar\u00e1 que la Carta Magna sea modifica por capricho de grupos enquistados en el poder. Expres\u00f3 que en Honduras ha sido exitosa la inclusi\u00f3n de parecida sanci\u00f3n, pues ha disuadido a presidentes bien valorados de retener el poder al cabo del l\u00edmite constitucionalmente permitido.<\/p>\n<\/p>\n<p>Manifest\u00f3 que tambi\u00e9n en la Constituci\u00f3n de Guatemala figura como un deber ciudadano la defensa del principio de alternabilidad y no reelecci\u00f3n en el ejercicio de la Presidencia, lo que, seg\u00fan dijo, ha contribuido \u00aba forjar conciencia, distinto a nosotros, de que no hay tal cosa como liderazgos mesi\u00e1nicos\u00bb.<\/p>\n<\/p>\n<p>El jurista se mostr\u00f3 partidario de que el presidente que sucumba o gane la repostulaci\u00f3n inmediata, pierda el derecho a optar jam\u00e1s por un tercer per\u00edodo. Sin embargo, adujo que antes o paralelamente deben aprobarse leyes y reformarse otras existentes para \u00abaminorar el influjo presidencialista sobre los dem\u00e1s poderes del Estado y fortalecer la institucionalidad, de modo que los recursos p\u00fablicos no sean aprovechados con fines electorales, y en caso de que se haga, contemplar penas privativas de libertad\u00bb, apunt\u00f3.<\/p>\n<p>Julio <\/p>\n<h6> 2014-10-06 16:56:39 <\/h6>\n<p><!--\n<link rel=\"stylesheet\" href=\"css\/bootstrap.min.css\">\n\n\n<ul class=\"pagination\">\n\t    \n\t\n\n<li >\n\t<a href='?page_no=14391'>Previous<\/a>\n\t<\/li>\n\n\n       \n    \n\n<li><a href='?page_no=1'>1<\/a><\/li>\n\n\n\n<li><a href='?page_no=2'>2<\/a><\/li>\n\n\n\n<li><a>...<\/a><\/li>\n\n\n\n<li><a href='?page_no=14390'>14390<\/a><\/li>\n\n\n\n<li><a href='?page_no=14391'>14391<\/a><\/li>\n\n\n\n<li class='active'><a>14392<\/a><\/li>\n\n\n\n<li><a href='?page_no=14393'>14393<\/a><\/li>\n\n\n\n<li><a href='?page_no=14394'>14394<\/a><\/li>\n\n\n\n<li><a>...<\/a><\/li>\n\n\n\n<li><a href='?page_no=36999'>36999<\/a><\/li>\n\n\n\n<li><a href='?page_no=37000'>37000<\/a><\/li>\n\n    \n\t\n\n<li >\n\t<a href='?page_no=14393'>Next<\/a>\n\t<\/li>\n\n\n    \n\n<li><a href='?page_no=37000'>Last &rsaquo;&rsaquo;<\/a><\/li>\n\n<\/ul>\n\n\n--><br \/>\n<\/body><\/p>\n","protected":false},"excerpt":{"rendered":"<p>Santo Domingo RD 6 octubre.- -El doctor Julio Cury propuso instituir nuevamente el derecho a la repostulaci\u00f3n sucesiva presidencial a condici\u00f3n de que se modifiquen los art\u00edculos 22, 24, 154 y 214 de la Constituci\u00f3n, a fin de consagrar la suspensi\u00f3n o inhabilitaci\u00f3n de los derechos ciudadanos durante 10 a\u00f1os \u00aben perjuicio de quien respalde [&hellip;]<\/p>\n","protected":false},"author":3,"featured_media":0,"comment_status":"open","ping_status":"open","sticky":false,"template":"","format":"standard","meta":{"footnotes":""},"categories":[22],"tags":[],"class_list":["post-161936","post","type-post","status-publish","format-standard","hentry","category-politica"],"_links":{"self":[{"href":"https:\/\/diariodominicano.com\/index.php?rest_route=\/wp\/v2\/posts\/161936","targetHints":{"allow":["GET"]}}],"collection":[{"href":"https:\/\/diariodominicano.com\/index.php?rest_route=\/wp\/v2\/posts"}],"about":[{"href":"https:\/\/diariodominicano.com\/index.php?rest_route=\/wp\/v2\/types\/post"}],"author":[{"embeddable":true,"href":"https:\/\/diariodominicano.com\/index.php?rest_route=\/wp\/v2\/users\/3"}],"replies":[{"embeddable":true,"href":"https:\/\/diariodominicano.com\/index.php?rest_route=%2Fwp%2Fv2%2Fcomments&post=161936"}],"version-history":[{"count":0,"href":"https:\/\/diariodominicano.com\/index.php?rest_route=\/wp\/v2\/posts\/161936\/revisions"}],"wp:attachment":[{"href":"https:\/\/diariodominicano.com\/index.php?rest_route=%2Fwp%2Fv2%2Fmedia&parent=161936"}],"wp:term":[{"taxonomy":"category","embeddable":true,"href":"https:\/\/diariodominicano.com\/index.php?rest_route=%2Fwp%2Fv2%2Fcategories&post=161936"},{"taxonomy":"post_tag","embeddable":true,"href":"https:\/\/diariodominicano.com\/index.php?rest_route=%2Fwp%2Fv2%2Ftags&post=161936"}],"curies":[{"name":"wp","href":"https:\/\/api.w.org\/{rel}","templated":true}]}}