{"id":161935,"date":"2014-10-06T18:57:12","date_gmt":"2014-10-06T18:57:12","guid":{"rendered":"http:\/\/diariodominicano.ddns.net\/?p=161935"},"modified":"2014-10-06T18:57:12","modified_gmt":"2014-10-06T18:57:12","slug":"presidente-provincial-del-pld-destaca-la-inversion-del-gobierno-en-la-provincia-surena","status":"publish","type":"post","link":"https:\/\/diariodominicano.com\/?p=161935","title":{"rendered":"&#13;&#13;&#13;Presidente provincial del PLD destaca la inversi\u00f3n del gobierno en la provincia sure\u00f1a"},"content":{"rendered":"<p><body><\/p>\n<p><img decoding=\"async\" src=\"img3\/dirigente.jpg\" \/>  <\/p>\n<\/p>\n<p><span class=\"text1noticias\"> <\/span><\/p>\n<p><span class=\"text1noticias\">Santo Domingo, RD.-El trabajo tesonero, organizado, planificado de los miembros y dirigentes del Partido de la Liberaci\u00f3n Dominicana, junto a las acciones de las gestiones de gobierno del PLD, han tra\u00eddo como resultado el desplome de lo que se llam\u00f3 \u00abla guardia imperial\u00bb perrede\u00edsta y el posicionamiento del partido morado como la principal fuerza pol\u00edtica en Azua.<\/span><\/p>\n<p><span class=\"text1noticias\"> <\/span><\/p>\n<p><span class=\"text1noticias\">La afirmaci\u00f3n es del Presidente provincial del PLD, Isa\u00edas Medina, un veterano dirigente pol\u00edtico, miembro fundador del PLD en la sure\u00f1a provincia al proyectar un nuevo triunfo de la organizaci\u00f3n partidaria en las pr\u00f3ximas elecciones.<\/span><\/p>\n<p><span class=\"text1noticias\"> <\/span><\/p>\n<p><span class=\"text1noticias\">\u00abSi las elecciones fueran este d\u00eda, les asegur\u00f3 que ganamos con m\u00e1s de un 60 por ciento\u00bb, dijo Medina muy seguro del triunfo electoral y de los niveles de simpat\u00eda del PLD en Azua en un trabajo publicado en Vanguardia del Pueblo en su formato digital y en entrevista para La Voz del PLD, vocero radial de ese partido.<\/span><\/p>\n<p><span class=\"text1noticias\"> <\/span><\/p>\n<p><span class=\"text1noticias\">Apunta que el trabajo de la dirigencia pele de\u00edsta en Azua junto a la atenci\u00f3n de los gobiernos del PLD a sus comunidades es lo que ha motivado que los electores az\u00f3anos se inclinen ahora al Partido de la Liberaci\u00f3n Dominicana, entidad partidaria que gan\u00f3 las elecciones congresionales y municipales del 2010 y las presidenciales del 2012.<\/span><\/p>\n<p><span class=\"text1noticias\"> <\/span><\/p>\n<p><span class=\"text1noticias\">\u00abNing\u00fan otro gobierno ha hecho una inversi\u00f3n tan cuantiosa en Azua, como los gobiernos del Partido de la Liberaci\u00f3n Dominicana\u00bb dice Isa\u00edas Medina en sus declaraciones a la multimedia del PLD.<\/span><\/p>\n<p><span class=\"text1noticias\"> <\/span><\/p>\n<p><span class=\"text1noticias\">En ese sentido el Presidente del PLD en Azua hace saber que en la actualidad el gobierno del Presidente Danilo Medina realiza una inversi\u00f3n en la provincia que sobrepasa los 40 mil millones de pesos, que se ubican en obras de infraestructura, como construcci\u00f3n y reconstrucci\u00f3n de presas, citando la remodelaci\u00f3n de Sabana yegua, Palomino y se trabaja en Monte Grande, ubicada en los limites con Barahona. Tambi\u00e9n se labora en carreteras y caminos vecinales y el sector educativo con la construcci\u00f3n de m\u00faltiples escuelas para la Tanda Extendida.<\/span><\/p>\n<p><span class=\"text1noticias\"> <\/span><\/p>\n<p><span class=\"text1noticias\">En un primer plano Isa\u00edas medina mencion\u00f3 la avenida de circunvalaci\u00f3n, que bordear\u00e1 el municipio cabecera, haciendo el transporte m\u00e1s expedito, evitando los taponamientos vehiculares y sus dificultades. Adelant\u00f3 que para los primeros meses del pr\u00f3ximo a\u00f1o, seg\u00fan se ha informado, esa importante obra ser\u00e1 inaugurada.<\/span><\/p>\n<\/p>\n<h6> 2014-10-06 18:57:12 <\/h6>\n<p><!--\n<link rel=\"stylesheet\" href=\"css\/bootstrap.min.css\">\n\n\n<ul class=\"pagination\">\n\t    \n\t\n\n<li >\n\t<a href='?page_no=14390'>Previous<\/a>\n\t<\/li>\n\n\n       \n    \n\n<li><a href='?page_no=1'>1<\/a><\/li>\n\n\n\n<li><a href='?page_no=2'>2<\/a><\/li>\n\n\n\n<li><a>...<\/a><\/li>\n\n\n\n<li><a href='?page_no=14389'>14389<\/a><\/li>\n\n\n\n<li><a href='?page_no=14390'>14390<\/a><\/li>\n\n\n\n<li class='active'><a>14391<\/a><\/li>\n\n\n\n<li><a href='?page_no=14392'>14392<\/a><\/li>\n\n\n\n<li><a href='?page_no=14393'>14393<\/a><\/li>\n\n\n\n<li><a>...<\/a><\/li>\n\n\n\n<li><a href='?page_no=36999'>36999<\/a><\/li>\n\n\n\n<li><a href='?page_no=37000'>37000<\/a><\/li>\n\n    \n\t\n\n<li >\n\t<a href='?page_no=14392'>Next<\/a>\n\t<\/li>\n\n\n    \n\n<li><a href='?page_no=37000'>Last &rsaquo;&rsaquo;<\/a><\/li>\n\n<\/ul>\n\n\n--><br \/>\n<\/body><\/p>\n","protected":false},"excerpt":{"rendered":"<p>Santo Domingo, RD.-El trabajo tesonero, organizado, planificado de los miembros y dirigentes del Partido de la Liberaci\u00f3n Dominicana, junto a las acciones de las gestiones de gobierno del PLD, han tra\u00eddo como resultado el desplome de lo que se llam\u00f3 \u00abla guardia imperial\u00bb perrede\u00edsta y el posicionamiento del partido morado como la principal fuerza pol\u00edtica [&hellip;]<\/p>\n","protected":false},"author":3,"featured_media":0,"comment_status":"open","ping_status":"open","sticky":false,"template":"","format":"standard","meta":{"footnotes":""},"categories":[22],"tags":[],"class_list":["post-161935","post","type-post","status-publish","format-standard","hentry","category-politica"],"_links":{"self":[{"href":"https:\/\/diariodominicano.com\/index.php?rest_route=\/wp\/v2\/posts\/161935","targetHints":{"allow":["GET"]}}],"collection":[{"href":"https:\/\/diariodominicano.com\/index.php?rest_route=\/wp\/v2\/posts"}],"about":[{"href":"https:\/\/diariodominicano.com\/index.php?rest_route=\/wp\/v2\/types\/post"}],"author":[{"embeddable":true,"href":"https:\/\/diariodominicano.com\/index.php?rest_route=\/wp\/v2\/users\/3"}],"replies":[{"embeddable":true,"href":"https:\/\/diariodominicano.com\/index.php?rest_route=%2Fwp%2Fv2%2Fcomments&post=161935"}],"version-history":[{"count":0,"href":"https:\/\/diariodominicano.com\/index.php?rest_route=\/wp\/v2\/posts\/161935\/revisions"}],"wp:attachment":[{"href":"https:\/\/diariodominicano.com\/index.php?rest_route=%2Fwp%2Fv2%2Fmedia&parent=161935"}],"wp:term":[{"taxonomy":"category","embeddable":true,"href":"https:\/\/diariodominicano.com\/index.php?rest_route=%2Fwp%2Fv2%2Fcategories&post=161935"},{"taxonomy":"post_tag","embeddable":true,"href":"https:\/\/diariodominicano.com\/index.php?rest_route=%2Fwp%2Fv2%2Ftags&post=161935"}],"curies":[{"name":"wp","href":"https:\/\/api.w.org\/{rel}","templated":true}]}}