{"id":161934,"date":"2014-10-06T19:20:32","date_gmt":"2014-10-06T19:20:32","guid":{"rendered":"http:\/\/diariodominicano.ddns.net\/?p=161934"},"modified":"2014-10-06T19:20:32","modified_gmt":"2014-10-06T19:20:32","slug":"montas-el-reto-de-la-juventud-es-la-alternancia-o-la-vuelta-al-pasado","status":"publish","type":"post","link":"https:\/\/diariodominicano.com\/?p=161934","title":{"rendered":"&#13;&#13;Mont\u00e1s: el reto de la juventud es la alternancia o la vuelta al pasado"},"content":{"rendered":"<p><body><\/p>\n<p><img decoding=\"async\" src=\"img3\/temomont.jpg\" \/><br \/><img decoding=\"async\" src=\"img3\/temo2.jpg\" \/>  <\/p>\n<\/p>\n<\/p>\n<\/p>\n<p><span class=\"text1noticias\">Santo Domingo, RD, 6 octubre. &#8211; El aspirante a la candidatura presidencial por el Partido de la Liberaci\u00f3n Dominicana (PLD), Tem\u00edstocles Mont\u00e1s, miembro del comit\u00e9 pol\u00edtico y central,  inst\u00f3 este fin de semana a la juventud a levantar la alternancia en el poder como bandera de lucha contra el pasado.<\/span><\/p>\n<\/p>\n<p><span class=\"text1noticias\">En un recorrido por la circunscripci\u00f3n electoral uno del Distrito Nacional, dijo a los j\u00f3venes que las primarias del PLD el pr\u00f3ximo a\u00f1o significar\u00e1n para ellos el reto de escoger entre alternancia en el partido o vuelta al pasado.<\/span><\/p>\n<\/p>\n<p><span class=\"text1noticias\">Mont\u00e1s, en su recorrido por el kil\u00f3metro ocho y medio de la carretera S\u00e1nchez (Los Kil\u00f3metros), dirigi\u00f3 su mensaje casi de manera exclusiva a la juventud pelede\u00edsta y a la del pa\u00eds en general.<\/span><\/p>\n<\/p>\n<p><span class=\"text1noticias\">Inst\u00f3 a ese determinante segmento electoral a no temer a la alternancia sino a  recordar al profesor Juan Bosch, el fundador del partido, cuando dec\u00eda que el pasado era bueno s\u00f3lo para no volver a \u00e9l, para no repetirlo.<\/span><\/p>\n<\/p>\n<p><span class=\"text1noticias\">En consecuencia, Mont\u00e1s inst\u00f3 a la juventud a seguir confiada en el futuro que abri\u00f3 las puertas del poder a otros compa\u00f1eros como Danilo Medina, actualmente el mandatario m\u00e1s valorado en la historia dominicana y en Am\u00e9rica Latina.<\/span><\/p>\n<\/p>\n<p><span class=\"text1noticias\">Mont\u00e1s concentr\u00f3 su recorrido en el barrio San Miguel, donde camino junto a dirigentes del PLD en la Circunscripci\u00f3n 1 y posteriormente encabez\u00f3 un concurrido encuentro de respaldo a sus aspiraciones presidenciales en la calle 16 del referido sector.<\/span><\/p>\n<\/p>\n<p><span class=\"text1noticias\">Durante el encuentro intervinieron Nelson Valdez, An\u00edbal Rafael de los Santos, Juan Manuel D\u00edaz,  Aneudy Leyba, estos dos \u00faltimos dirigentes del Movimiento Juventud con Temo; Ignacio Garc\u00eda, Luis Manuel Montero, Isaac de la Cruz.<\/span><\/p>\n<\/p>\n<p><span class=\"text1noticias\">\u00abCompa\u00f1eros y compa\u00f1eras, esa es una de las razones para no temer a la alternancia en el poder y sobre todo la raz\u00f3n para seguir apostando a ella, a fin de que el 2016 vaya a la Presidencia un hombre con el traje de Danilo, humilde, conectado con el pueblo, quien les habla\u00bb, subray\u00f3 Temo.<\/span><\/p>\n<\/p>\n<p><span class=\"text1noticias\">Prometi\u00f3 que un gobierno suyo levantar\u00e1 las banderas de la libertad, de la justicia social y la democracia y, m\u00e1s a\u00fan, de la \u00e9tica y la moral, porque la pol\u00edtica no debe ser usada por los pol\u00edticos para servirse de ella sino para servir al pueblo.<\/span><\/p>\n<\/p>\n<p><span class=\"text1noticias\">Agradeci\u00f3 a la juventud pelede\u00edsta de la circunscripci\u00f3n electoral la organizaci\u00f3n de la actividad para que \u00e9l hablara, porque  la Rep\u00fablica Dominicana es el fruto hist\u00f3rico de la obra de los j\u00f3venes.<\/span><\/p>\n<\/p>\n<p><span class=\"text1noticias\">Record\u00f3 los 25 a\u00f1os que Duarte ten\u00eda cuando fund\u00f3 La Trinitaria, los 23 de Mella y los 22 de S\u00e1nchez. Tambi\u00e9n j\u00f3venes como el general Gregorio Luper\u00f3n cuando luch\u00f3 por reconquistar la independencia a partir de 1863, lo mismo que el profesor Bosch con no m\u00e1s 30 a\u00f1os cuando fund\u00f3 al PRD en el exilio para luchar contra la tiran\u00eda de Trujillo.<\/span><\/p>\n<\/p>\n<p><span class=\"text1noticias\">\u00abY tambi\u00e9n eran j\u00f3venes aquellos que como el coronel Caama\u00f1o, con apenas 33 a\u00f1os dirigi\u00f3 la Revoluci\u00f3n de Abril y enfrent\u00f3 la ocupaci\u00f3n militar de  Estados Unidos\u00bb, para tratar de hacer a este pa\u00eds libre y soberano.<\/span><\/p>\n<\/p>\n<p><span class=\"text1noticias\">Aclar\u00f3 empero que hoy, despu\u00e9s de conquistados derechos como el de reuni\u00f3n sin temor a ser reprimidos, permanecen por conquistar los econ\u00f3micos y sociales.<\/span><\/p>\n<\/p>\n<p><span class=\"text1noticias\">Reconoci\u00f3 que el pa\u00eds en alguna medida ha avanzado pero que todav\u00eda no se logra que todos disfruten de una vivienda digna, de un empleo y un salario decentes, de una educaci\u00f3n de calidad, del derecho a una salud de calidad ni de una seguridad social para todos y para todas.<\/span><\/p>\n<\/p>\n<p><span class=\"text1noticias\">\u00abEn fin, no podemos decir todav\u00eda que Rep\u00fablica Dominicana es un pa\u00eds de todos. Aqu\u00ed todav\u00eda hay muchos privilegios, y hasta que logremos conquistar, adem\u00e1s de la libertad, la solidaridad y la igualdad, es mucho lo que tendremos que luchar para llegar a una sociedad donde todos nos sintamos incluidos\u00bb, declar\u00f3.<\/span><\/p>\n<\/p>\n<p><span class=\"text1noticias\">Finalmente exhort\u00f3 a los asistentes a trabajar en esa circunscripci\u00f3n para garantizar la victoria suya en las primarias del partido de gobierno a condici\u00f3n de que si llega a la Presidencia de la Rep\u00fablica gobernar\u00eda para todos.<\/span><\/p>\n<h6> 2014-10-06 19:20:32 <\/h6>\n<p><!--\n<link rel=\"stylesheet\" href=\"css\/bootstrap.min.css\">\n\n\n<ul class=\"pagination\">\n\t    \n\t\n\n<li >\n\t<a href='?page_no=14389'>Previous<\/a>\n\t<\/li>\n\n\n       \n    \n\n<li><a href='?page_no=1'>1<\/a><\/li>\n\n\n\n<li><a href='?page_no=2'>2<\/a><\/li>\n\n\n\n<li><a>...<\/a><\/li>\n\n\n\n<li><a href='?page_no=14388'>14388<\/a><\/li>\n\n\n\n<li><a href='?page_no=14389'>14389<\/a><\/li>\n\n\n\n<li class='active'><a>14390<\/a><\/li>\n\n\n\n<li><a href='?page_no=14391'>14391<\/a><\/li>\n\n\n\n<li><a href='?page_no=14392'>14392<\/a><\/li>\n\n\n\n<li><a>...<\/a><\/li>\n\n\n\n<li><a href='?page_no=36999'>36999<\/a><\/li>\n\n\n\n<li><a href='?page_no=37000'>37000<\/a><\/li>\n\n    \n\t\n\n<li >\n\t<a href='?page_no=14391'>Next<\/a>\n\t<\/li>\n\n\n    \n\n<li><a href='?page_no=37000'>Last &rsaquo;&rsaquo;<\/a><\/li>\n\n<\/ul>\n\n\n--><br \/>\n<\/body><\/p>\n","protected":false},"excerpt":{"rendered":"<p>Santo Domingo, RD, 6 octubre. &#8211; El aspirante a la candidatura presidencial por el Partido de la Liberaci\u00f3n Dominicana (PLD), Tem\u00edstocles Mont\u00e1s, miembro del comit\u00e9 pol\u00edtico y central, inst\u00f3 este fin de semana a la juventud a levantar la alternancia en el poder como bandera de lucha contra el pasado. En un recorrido por la [&hellip;]<\/p>\n","protected":false},"author":3,"featured_media":0,"comment_status":"open","ping_status":"open","sticky":false,"template":"","format":"standard","meta":{"footnotes":""},"categories":[22],"tags":[],"class_list":["post-161934","post","type-post","status-publish","format-standard","hentry","category-politica"],"_links":{"self":[{"href":"https:\/\/diariodominicano.com\/index.php?rest_route=\/wp\/v2\/posts\/161934","targetHints":{"allow":["GET"]}}],"collection":[{"href":"https:\/\/diariodominicano.com\/index.php?rest_route=\/wp\/v2\/posts"}],"about":[{"href":"https:\/\/diariodominicano.com\/index.php?rest_route=\/wp\/v2\/types\/post"}],"author":[{"embeddable":true,"href":"https:\/\/diariodominicano.com\/index.php?rest_route=\/wp\/v2\/users\/3"}],"replies":[{"embeddable":true,"href":"https:\/\/diariodominicano.com\/index.php?rest_route=%2Fwp%2Fv2%2Fcomments&post=161934"}],"version-history":[{"count":0,"href":"https:\/\/diariodominicano.com\/index.php?rest_route=\/wp\/v2\/posts\/161934\/revisions"}],"wp:attachment":[{"href":"https:\/\/diariodominicano.com\/index.php?rest_route=%2Fwp%2Fv2%2Fmedia&parent=161934"}],"wp:term":[{"taxonomy":"category","embeddable":true,"href":"https:\/\/diariodominicano.com\/index.php?rest_route=%2Fwp%2Fv2%2Fcategories&post=161934"},{"taxonomy":"post_tag","embeddable":true,"href":"https:\/\/diariodominicano.com\/index.php?rest_route=%2Fwp%2Fv2%2Ftags&post=161934"}],"curies":[{"name":"wp","href":"https:\/\/api.w.org\/{rel}","templated":true}]}}