{"id":161932,"date":"2014-10-06T19:33:05","date_gmt":"2014-10-06T19:33:05","guid":{"rendered":"http:\/\/diariodominicano.ddns.net\/?p=161932"},"modified":"2014-10-06T19:33:05","modified_gmt":"2014-10-06T19:33:05","slug":"fernando-rosa-engrasa-maquinaria-rumbo-a-la-alcandia-de-santiago","status":"publish","type":"post","link":"https:\/\/diariodominicano.com\/?p=161932","title":{"rendered":"&#13;&#13;Fernando Rosa engrasa maquinaria rumbo a la alcand\u00eda de Santiago"},"content":{"rendered":"<p><body><\/p>\n<p><img decoding=\"async\" src=\"img3\/delarosa.jpg\" \/><br \/><img decoding=\"async\" src=\"img3\/delarosa2jpg.jpg\" \/><br \/><img decoding=\"async\" src=\"img3\/delarosa3jpg.jpg\" \/>  <\/p>\n<\/p>\n<p><span class=\"text1noticias\">Santo Domingo, RD, 6 de octubre.-  El licenciado Fernando Rosa asegur\u00f3 que su precandidatura a la alcald\u00eda por Santiago mantiene un crecimiento ascendente en todo el municipio, porque los pelede\u00edstas y simpatizantes tienen la confianza en quien siempre ha dado frutos positivos.<\/span><\/p>\n<\/p>\n<p><span class=\"text1noticias\">Asimismo, manifest\u00f3 \u00abQue se siente regocijado y emocionado por los \u00e9xitos de las actividades y la algarab\u00eda que expresaban los mun\u00edcipes en los sectores que se realizan los \u00abMano a Mano\u00bb, ya que cada ciudadano se tiraba a la calle a saludar al pr\u00f3ximo alcalde de la ciudad de Santiago el 16 de mayo del 2016&#8243;.<\/span><\/p>\n<\/p>\n<p><span class=\"text1noticias\">Dijo que todas las encuestas lo dan como el gran favorito para ser el alcalde de la ciudad de Santiago, porque cada d\u00eda que pasan son m\u00e1s los simpatizantes que se agregan a su candidatura, ya que consideran que es la mejor opci\u00f3n para modernizar la ciudad coraz\u00f3n.<\/span><\/p>\n<\/p>\n<p><span class=\"text1noticias\">El precandidato a la alcald\u00eda del Partido de la Liberaci\u00f3n Dominicana PLD por Santiago, Fernando Rosa, se expreso en esos t\u00e9rminos al encabezar varios \u00abmano a mano\u00bb por las principales calles de los hist\u00f3ricos sectores La Otra Banda y Ensanche Libertad.<\/span><\/p>\n<\/p>\n<p><span class=\"text1noticias\">Durante los mano a mano Fernando Rosa, salud\u00f3 personalmente a cientos de personas que sal\u00edan de sus hogares con banderas, afiches y gorras moradas a expresar su apoyo, el cual se comprometi\u00f3 a trabajar para llevar soluci\u00f3n a cada rinc\u00f3n de la ciudad de Santiago.<\/span><\/p>\n<\/p>\n<p><span class=\"text1noticias\">Hubo j\u00fabilo por doquier, hombres y mujeres vociferaban \u00abFernando Rosa el alcalde que Santiago necesita\u00bb, entre otras consignas que indicaban el deseo ferviente para que llegue la modernidad y el progreso a Santiago con un verdadero alcalde que realmente resuelvas las principales demandas de sus mun\u00edcipes.<\/span><\/p>\n<\/p>\n<p><span class=\"text1noticias\">Los mano a mano, eran convertido en un mar humano inmediatamente el miembro del Comit\u00e9 Central y Precandidato a la alcald\u00eda  por Santiago se desmontaba de su veh\u00edculo, debido al respaldo recibido de los simpatizantes al dirigente pol\u00edtico.<\/span><\/p>\n<\/p>\n<p><span class=\"text1noticias\">\u00abEstas actividades que realiza el licenciado Fernando Rosa, son un engrase de su maquinaria, ya que hace bastante tiempo que el PLD, no gobierna la ciudad coraz\u00f3n y el abandono en que est\u00e1 sumergida la ciudad, es el resultado la mala administraciones que ha tomado el cabildo local\u00bb, expresaron dirigentes de ambas barriadas.<\/span><\/p>\n<\/p>\n<p><span class=\"text1noticias\">Dijeron adem\u00e1s que Fernando Rosa tiene la caracteriza ideal para ser el alcalde de Santiago, porque es una persona que te conoce desde el primer momento que te saluda, es una persona que siempre tiene las puertas abiertas para cualquier problemas que se presente en la comunidad. <\/span><\/p>\n<\/p>\n<p><span class=\"text1noticias\"> \u00abNecesitamos una persona con capacidad, con honestidad, que se preocupe por los problemas de nuestras comunidad y sobre todo sea nativo de Santiago para que sientas las necesidades del pueblo y los mun\u00edcipes de la ciudad\u00bb, dijeron los dirigentes.<\/span><\/p>\n<p><span class=\"text1noticias\"> <\/span><\/p>\n<\/p>\n<h6> 2014-10-06 19:33:05 <\/h6>\n<p><!--\n<link rel=\"stylesheet\" href=\"css\/bootstrap.min.css\">\n\n\n<ul class=\"pagination\">\n\t    \n\t\n\n<li >\n\t<a href='?page_no=14388'>Previous<\/a>\n\t<\/li>\n\n\n       \n    \n\n<li><a href='?page_no=1'>1<\/a><\/li>\n\n\n\n<li><a href='?page_no=2'>2<\/a><\/li>\n\n\n\n<li><a>...<\/a><\/li>\n\n\n\n<li><a href='?page_no=14387'>14387<\/a><\/li>\n\n\n\n<li><a href='?page_no=14388'>14388<\/a><\/li>\n\n\n\n<li class='active'><a>14389<\/a><\/li>\n\n\n\n<li><a href='?page_no=14390'>14390<\/a><\/li>\n\n\n\n<li><a href='?page_no=14391'>14391<\/a><\/li>\n\n\n\n<li><a>...<\/a><\/li>\n\n\n\n<li><a href='?page_no=36999'>36999<\/a><\/li>\n\n\n\n<li><a href='?page_no=37000'>37000<\/a><\/li>\n\n    \n\t\n\n<li >\n\t<a href='?page_no=14390'>Next<\/a>\n\t<\/li>\n\n\n    \n\n<li><a href='?page_no=37000'>Last &rsaquo;&rsaquo;<\/a><\/li>\n\n<\/ul>\n\n\n--><br \/>\n<\/body><\/p>\n","protected":false},"excerpt":{"rendered":"<p>Santo Domingo, RD, 6 de octubre.- El licenciado Fernando Rosa asegur\u00f3 que su precandidatura a la alcald\u00eda por Santiago mantiene un crecimiento ascendente en todo el municipio, porque los pelede\u00edstas y simpatizantes tienen la confianza en quien siempre ha dado frutos positivos. Asimismo, manifest\u00f3 \u00abQue se siente regocijado y emocionado por los \u00e9xitos de las [&hellip;]<\/p>\n","protected":false},"author":3,"featured_media":0,"comment_status":"open","ping_status":"open","sticky":false,"template":"","format":"standard","meta":{"footnotes":""},"categories":[22],"tags":[],"class_list":["post-161932","post","type-post","status-publish","format-standard","hentry","category-politica"],"_links":{"self":[{"href":"https:\/\/diariodominicano.com\/index.php?rest_route=\/wp\/v2\/posts\/161932","targetHints":{"allow":["GET"]}}],"collection":[{"href":"https:\/\/diariodominicano.com\/index.php?rest_route=\/wp\/v2\/posts"}],"about":[{"href":"https:\/\/diariodominicano.com\/index.php?rest_route=\/wp\/v2\/types\/post"}],"author":[{"embeddable":true,"href":"https:\/\/diariodominicano.com\/index.php?rest_route=\/wp\/v2\/users\/3"}],"replies":[{"embeddable":true,"href":"https:\/\/diariodominicano.com\/index.php?rest_route=%2Fwp%2Fv2%2Fcomments&post=161932"}],"version-history":[{"count":0,"href":"https:\/\/diariodominicano.com\/index.php?rest_route=\/wp\/v2\/posts\/161932\/revisions"}],"wp:attachment":[{"href":"https:\/\/diariodominicano.com\/index.php?rest_route=%2Fwp%2Fv2%2Fmedia&parent=161932"}],"wp:term":[{"taxonomy":"category","embeddable":true,"href":"https:\/\/diariodominicano.com\/index.php?rest_route=%2Fwp%2Fv2%2Fcategories&post=161932"},{"taxonomy":"post_tag","embeddable":true,"href":"https:\/\/diariodominicano.com\/index.php?rest_route=%2Fwp%2Fv2%2Ftags&post=161932"}],"curies":[{"name":"wp","href":"https:\/\/api.w.org\/{rel}","templated":true}]}}