{"id":161930,"date":"2014-10-06T20:42:29","date_gmt":"2014-10-06T20:42:29","guid":{"rendered":"http:\/\/diariodominicano.ddns.net\/?p=161930"},"modified":"2014-10-06T20:42:29","modified_gmt":"2014-10-06T20:42:29","slug":"estratega-dice-gobiernos-recientes-han-transformado-a-rd","status":"publish","type":"post","link":"https:\/\/diariodominicano.com\/?p=161930","title":{"rendered":"Estratega dice gobiernos recientes han transformado a RD"},"content":{"rendered":"<p><body><\/p>\n<p><img decoding=\"async\" src=\"img3\/Antonio.jpg\" \/>  <\/p>\n<p><span class=\"text1noticias\">Santo Domingo, RD, 6 de Octubre.-El estratega pol\u00edtico espa\u00f1ol Antonio Sol\u00e1, dijo que los recientes gobiernos que se han sucedido en la Rep\u00fablica Dominicana han cambiado la faz del pa\u00eds, aunque asegur\u00f3 que es necesario seguir fortaleciendo algunos aspectos de la institucionalidad.<\/span><\/p>\n<\/p>\n<p><span class=\"text1noticias\">Cree que la pol\u00edtica debe servir para construir un mundo mejor. \u00abLo creo personalmente y profesionalmente\u00bb, dijo, y se\u00f1al\u00f3 que la pol\u00edtica puede servir para ayudar a la gente a vivir mejor.<\/span><\/p>\n<\/p>\n<p><span class=\"text1noticias\">Sostuvo que en los pr\u00f3ximos 20 a\u00f1os los pa\u00edses latinoamericanos van a vivir procesos de consolidaci\u00f3n democr\u00e1tica y de profesionalizaci\u00f3n de la pol\u00edtica, y agreg\u00f3 que Chile, Colombia, Rep\u00fablica Dominicana y Per\u00fa van a ser espejos donde se va a poder mirar si se sigue la senda de esa consolidaci\u00f3n.<\/span><\/p>\n<\/p>\n<p><span class=\"text1noticias\">\u00abEn los pr\u00f3ximos 20 a\u00f1os vamos a tener menos clientelismo y m\u00e1s ciudadan\u00eda; m\u00e1s ciudadanos independientes y m\u00e1s instituciones s\u00f3lidas, porque eso es el mejor de los sistemas para poder convivir como sociedad\u00bb, a\u00f1adi\u00f3 Sol\u00e1.<\/span><\/p>\n<\/p>\n<p><span class=\"text1noticias\">Manifest\u00f3 que los pa\u00edses europeos van a verse reflejados en la evoluci\u00f3n de la democracia en las naciones latinoamericanas, donde ?asegur\u00f3- va haber un fortalecimiento institucional.<\/span><\/p>\n<\/p>\n<p><span class=\"text1noticias\">\u00abEs necesario acabar con la debilidad institucional en nuestros pa\u00edses y con los ciudadanos dependientes, y esta tarea es de los pol\u00edticos y de sus asesores\u00bb, enfatiz\u00f3 Sol\u00e1 en una conferencia titulada \u00abEfectos de la profesionalizaci\u00f3n en la evoluci\u00f3n de la estrategia pol\u00edtica\u00bb, en el primer ciclodel curso \u00abCampa\u00f1as Electorales en el Siglo XXI: De la Improvisaci\u00f3n a la Ciencia, que se celebra en el hotel El Embajador, en esta capital, con el auspicio de la Academia Profesionalizaci\u00f3n y Pol\u00edtica (APP).<\/span><\/p>\n<\/p>\n<p><span class=\"text1noticias\">Expres\u00f3 que la pol\u00edtica sirve para construir un mundo mejor, y revel\u00f3 que en Am\u00e9rica Latina el 80% de las noticias que salen en los medios de comunicaci\u00f3n son negativas, como es el tema de drogas, sexos, trata de personas, narcotr\u00e1ficos y asesinatos.<\/span><\/p>\n<\/p>\n<p><span class=\"text1noticias\">\u00abPero las cosas no son tan negras como pintamos, aunque tampoco son tan blancas. Podemos encontrar t\u00e9rminos medios que lleven a pensar que hoy Am\u00e9rica Latina est\u00e1 mucho mejor que hace cien a\u00f1os\u00bb, indic\u00f3.<\/span><\/p>\n<\/p>\n<p><span class=\"text1noticias\">El consultor pol\u00edtico puso como ejemplo que en la Rep\u00fablica Dominicana los recientes gobiernos han cambiado la faz del pa\u00eds, y aspira que as\u00ed suceda en Hait\u00ed y en cada uno de los otros pa\u00edses del \u00e1rea, tras reiterar que las naciones latinoamericanas han crecido considerablemente en los \u00faltimos a\u00f1os.<\/span><\/p>\n<\/p>\n<p><span class=\"text1noticias\">La ceremonia de inauguraci\u00f3n del primer ciclo de conferencias cont\u00f3 con la presencia de la Vicepresidenta de la Rep\u00fablica, doctora Margarita Cede\u00f1o de Fern\u00e1ndez, y de decenas de dirigentes pol\u00edticos, empresarios, periodistas y otras personalidades.(HG)<\/span>.<\/p>\n<\/p>\n<h6> 2014-10-06 20:42:29 <\/h6>\n<p><!--\n<link rel=\"stylesheet\" href=\"css\/bootstrap.min.css\">\n\n\n<ul class=\"pagination\">\n\t    \n\t\n\n<li >\n\t<a href='?page_no=14386'>Previous<\/a>\n\t<\/li>\n\n\n       \n    \n\n<li><a href='?page_no=1'>1<\/a><\/li>\n\n\n\n<li><a href='?page_no=2'>2<\/a><\/li>\n\n\n\n<li><a>...<\/a><\/li>\n\n\n\n<li><a href='?page_no=14385'>14385<\/a><\/li>\n\n\n\n<li><a href='?page_no=14386'>14386<\/a><\/li>\n\n\n\n<li class='active'><a>14387<\/a><\/li>\n\n\n\n<li><a href='?page_no=14388'>14388<\/a><\/li>\n\n\n\n<li><a href='?page_no=14389'>14389<\/a><\/li>\n\n\n\n<li><a>...<\/a><\/li>\n\n\n\n<li><a href='?page_no=36999'>36999<\/a><\/li>\n\n\n\n<li><a href='?page_no=37000'>37000<\/a><\/li>\n\n    \n\t\n\n<li >\n\t<a href='?page_no=14388'>Next<\/a>\n\t<\/li>\n\n\n    \n\n<li><a href='?page_no=37000'>Last &rsaquo;&rsaquo;<\/a><\/li>\n\n<\/ul>\n\n\n--><br \/>\n<\/body><\/p>\n","protected":false},"excerpt":{"rendered":"<p>Santo Domingo, RD, 6 de Octubre.-El estratega pol\u00edtico espa\u00f1ol Antonio Sol\u00e1, dijo que los recientes gobiernos que se han sucedido en la Rep\u00fablica Dominicana han cambiado la faz del pa\u00eds, aunque asegur\u00f3 que es necesario seguir fortaleciendo algunos aspectos de la institucionalidad. Cree que la pol\u00edtica debe servir para construir un mundo mejor. \u00abLo creo [&hellip;]<\/p>\n","protected":false},"author":3,"featured_media":0,"comment_status":"open","ping_status":"open","sticky":false,"template":"","format":"standard","meta":{"footnotes":""},"categories":[22],"tags":[],"class_list":["post-161930","post","type-post","status-publish","format-standard","hentry","category-politica"],"_links":{"self":[{"href":"https:\/\/diariodominicano.com\/index.php?rest_route=\/wp\/v2\/posts\/161930","targetHints":{"allow":["GET"]}}],"collection":[{"href":"https:\/\/diariodominicano.com\/index.php?rest_route=\/wp\/v2\/posts"}],"about":[{"href":"https:\/\/diariodominicano.com\/index.php?rest_route=\/wp\/v2\/types\/post"}],"author":[{"embeddable":true,"href":"https:\/\/diariodominicano.com\/index.php?rest_route=\/wp\/v2\/users\/3"}],"replies":[{"embeddable":true,"href":"https:\/\/diariodominicano.com\/index.php?rest_route=%2Fwp%2Fv2%2Fcomments&post=161930"}],"version-history":[{"count":0,"href":"https:\/\/diariodominicano.com\/index.php?rest_route=\/wp\/v2\/posts\/161930\/revisions"}],"wp:attachment":[{"href":"https:\/\/diariodominicano.com\/index.php?rest_route=%2Fwp%2Fv2%2Fmedia&parent=161930"}],"wp:term":[{"taxonomy":"category","embeddable":true,"href":"https:\/\/diariodominicano.com\/index.php?rest_route=%2Fwp%2Fv2%2Fcategories&post=161930"},{"taxonomy":"post_tag","embeddable":true,"href":"https:\/\/diariodominicano.com\/index.php?rest_route=%2Fwp%2Fv2%2Ftags&post=161930"}],"curies":[{"name":"wp","href":"https:\/\/api.w.org\/{rel}","templated":true}]}}