{"id":161929,"date":"2014-10-06T21:09:57","date_gmt":"2014-10-06T21:09:57","guid":{"rendered":"http:\/\/diariodominicano.ddns.net\/?p=161929"},"modified":"2014-10-06T21:09:57","modified_gmt":"2014-10-06T21:09:57","slug":"dice-presidente-leonel-fernandez-le-pidio-declinar-repostulacion-en-la-lmd","status":"publish","type":"post","link":"https:\/\/diariodominicano.com\/?p=161929","title":{"rendered":"Dice  presidente Leonel Fern\u00e1ndez le pidi\u00f3  declinar repostulaci\u00f3n en la LMD"},"content":{"rendered":"<p><body><\/p>\n<p><img decoding=\"async\" src=\"http:\/\/localhost:8080\/img3\/Aristy.jpg\" \/>  <\/p>\n<p><span class=\"text1noticias\">Santo Domingo, RD, 6 de Octubre.- El exsecretario de la Liga Municipal Dominicana (LMD), Fidias Aristy dijo  que el ex presidente Leonel Fern\u00e1ndez le pidi\u00f3 que no se presentara a la reelecci\u00f3n de la LMD para no provocar una divisi\u00f3n entre el Partido de la Liberaci\u00f3n Dominicana (PLD) y el Partido Reformista Social Cristiano (PRSC).<\/span><\/p>\n<\/p>\n<p><span class=\"text1noticias\">Afirm\u00f3 que su salida de la Liga Municipal fue la condici\u00f3n que impuso el Partido Reformista para apoyar la campa\u00f1a del Presidente Danilo Medina en el 2012. <\/span><\/p>\n<\/p>\n<p><span class=\"text1noticias\">Al ser entrevistado por el periodista Salvador Holgu\u00edn en el programa \u00abHilando Fino\u00bb transmitido por Teleradio Am\u00e9rica canal 45 a las 8:00 AM, Aristy expres\u00f3 que no pod\u00eda poner en peligro la alianza con el PRSC tan solo por una guerra de intereses personales. <\/span><\/p>\n<\/p>\n<p><span class=\"text1noticias\">El ex secretario dijo que reconoc\u00eda que su permanencia en la Liga Municipal generaba una serie de conflictos a lo interno de PLD, por lo que no pod\u00eda convertirse en un obst\u00e1culo en el camino de Danilo Medida para llegar a la presidencia.<\/span><\/p>\n<\/p>\n<p><strong><span class=\"text1noticias\">Una Liga paralela<\/span><\/strong><\/p>\n<\/p>\n<p><span class=\"text1noticias\">Al referirse a los inconvenientes que encontr\u00f3 en el desarrollo de su gesti\u00f3n en la Liga Municipal, Fidias Aristy se\u00f1al\u00f3 que su buen trabajo choc\u00f3 con los intereses del Partido Reformista, que a su juicio, ve\u00eda la Liga como un bot\u00edn para \u00abbotellas\u00bb y prebendas.<\/span><\/p>\n<\/p>\n<p><span class=\"text1noticias\">Aristy revel\u00f3 que un sector estrechamente ligado al dirigente reformista y al ex canciller de la Rep\u00fablica Carlos Morales Troncoso, hab\u00eda solicitado la n\u00f3mina de la Liga Municipal, aparentemente con la intenci\u00f3n de crear una Liga paralela. <\/span><\/p>\n<\/p>\n<p><span class=\"text1noticias\">Fidias Aristy dijo que se equivocaron los que esperaban que actuara de igual forma que el tambi\u00e9n ex secretario Amable Aristy Castro, puesto que sus prioridades no son las mismas, aunque resalt\u00f3 que Amable nunca fue un obst\u00e1culo para su gesti\u00f3n. <\/span><\/p>\n<\/p>\n<p><strong><span class=\"text1noticias\">Consejo Nacional de Drogas<\/span><\/strong><\/p>\n<\/p>\n<p><span class=\"text1noticias\">Tras d\u00edas de abandonar la Liga Municipal, por su fidelidad al PLD, su respeto al presidente Fern\u00e1ndez y sus valores \u00e9ticos, Fidias Aristy fue designado presidente del Consejo Nacional de Drogas.<\/span><\/p>\n<p><span class=\"text1noticias\">Seg\u00fan Aristy, Leonel Fern\u00e1ndez le expres\u00f3 que no se puede sancionar una buena gesti\u00f3n, reconociendo su intachable labor en la Liga, raz\u00f3n por la que fue escogido de igual manera como presidente del Comit\u00e9 Nacional Contra Lavado de Activos.(HG)<\/span>.<\/p>\n<h6> 2014-10-06 21:09:57 <\/h6>\n<p><!--\n<link rel=\"stylesheet\" href=\"css\/bootstrap.min.css\">\n\n\n<ul class=\"pagination\">\n\t    \n\t\n\n<li >\n\t<a href='?page_no=14385'>Previous<\/a>\n\t<\/li>\n\n\n       \n    \n\n<li><a href='?page_no=1'>1<\/a><\/li>\n\n\n\n<li><a href='?page_no=2'>2<\/a><\/li>\n\n\n\n<li><a>...<\/a><\/li>\n\n\n\n<li><a href='?page_no=14384'>14384<\/a><\/li>\n\n\n\n<li><a href='?page_no=14385'>14385<\/a><\/li>\n\n\n\n<li class='active'><a>14386<\/a><\/li>\n\n\n\n<li><a href='?page_no=14387'>14387<\/a><\/li>\n\n\n\n<li><a href='?page_no=14388'>14388<\/a><\/li>\n\n\n\n<li><a>...<\/a><\/li>\n\n\n\n<li><a href='?page_no=36999'>36999<\/a><\/li>\n\n\n\n<li><a href='?page_no=37000'>37000<\/a><\/li>\n\n    \n\t\n\n<li >\n\t<a href='?page_no=14387'>Next<\/a>\n\t<\/li>\n\n\n    \n\n<li><a href='?page_no=37000'>Last &rsaquo;&rsaquo;<\/a><\/li>\n\n<\/ul>\n\n\n--><br \/>\n<\/body><\/p>\n","protected":false},"excerpt":{"rendered":"<p>Santo Domingo, RD, 6 de Octubre.- El exsecretario de la Liga Municipal Dominicana (LMD), Fidias Aristy dijo que el ex presidente Leonel Fern\u00e1ndez le pidi\u00f3 que no se presentara a la reelecci\u00f3n de la LMD para no provocar una divisi\u00f3n entre el Partido de la Liberaci\u00f3n Dominicana (PLD) y el Partido Reformista Social Cristiano (PRSC). [&hellip;]<\/p>\n","protected":false},"author":3,"featured_media":0,"comment_status":"open","ping_status":"open","sticky":false,"template":"","format":"standard","meta":{"footnotes":""},"categories":[22],"tags":[],"class_list":["post-161929","post","type-post","status-publish","format-standard","hentry","category-politica"],"_links":{"self":[{"href":"https:\/\/diariodominicano.com\/index.php?rest_route=\/wp\/v2\/posts\/161929","targetHints":{"allow":["GET"]}}],"collection":[{"href":"https:\/\/diariodominicano.com\/index.php?rest_route=\/wp\/v2\/posts"}],"about":[{"href":"https:\/\/diariodominicano.com\/index.php?rest_route=\/wp\/v2\/types\/post"}],"author":[{"embeddable":true,"href":"https:\/\/diariodominicano.com\/index.php?rest_route=\/wp\/v2\/users\/3"}],"replies":[{"embeddable":true,"href":"https:\/\/diariodominicano.com\/index.php?rest_route=%2Fwp%2Fv2%2Fcomments&post=161929"}],"version-history":[{"count":0,"href":"https:\/\/diariodominicano.com\/index.php?rest_route=\/wp\/v2\/posts\/161929\/revisions"}],"wp:attachment":[{"href":"https:\/\/diariodominicano.com\/index.php?rest_route=%2Fwp%2Fv2%2Fmedia&parent=161929"}],"wp:term":[{"taxonomy":"category","embeddable":true,"href":"https:\/\/diariodominicano.com\/index.php?rest_route=%2Fwp%2Fv2%2Fcategories&post=161929"},{"taxonomy":"post_tag","embeddable":true,"href":"https:\/\/diariodominicano.com\/index.php?rest_route=%2Fwp%2Fv2%2Ftags&post=161929"}],"curies":[{"name":"wp","href":"https:\/\/api.w.org\/{rel}","templated":true}]}}