{"id":161928,"date":"2014-10-06T22:26:11","date_gmt":"2014-10-06T22:26:11","guid":{"rendered":"http:\/\/diariodominicano.ddns.net\/?p=161928"},"modified":"2014-10-06T22:26:11","modified_gmt":"2014-10-06T22:26:11","slug":"aspirante-alcalde-hace-llamado-de-auxilio-ante-peligro-representa-canada-en-sdn","status":"publish","type":"post","link":"https:\/\/diariodominicano.com\/?p=161928","title":{"rendered":"Aspirante alcalde hace llamado de auxilio ante peligro representa ca\u00f1ada en SDN"},"content":{"rendered":"<p><body><\/p>\n<p><img decoding=\"async\" src=\"img3\/BRUNO.jpg\" \/>  <\/p>\n<p><span class=\"text1noticias\">Santo Domingo, RD, 6 de Octubre.-El regidor  Jeovanny Bruno, del Partido Revolucionario Mayoritario (PRM), llam\u00f3 al alcalde de Santo Domingo Norte (SDN), Francisco Fern\u00e1ndez, acudir en apoyo de los moradores del barrio Juan Pablo II de Sabana Perdida, debido al peligro que representa la ca\u00f1ada Mara\u00f1\u00f3n, cuyo desbordamiento amenaza la salud y la vida de cientos de ciudadanos.<\/span><\/p>\n<p><span class=\"text1noticias\"> <\/span><\/p>\n<p><span class=\"text1noticias\">El concejal Bruno, quien tambi\u00e9n es precandidato a la Alcalde, explic\u00f3 que la gente de esa comunidad est\u00e1 expuesta a sufrir contaminaci\u00f3n por la acumulaci\u00f3n de basura, aguas residuales y las inundaciones que se producen cada vez que llueve.<\/span><\/p>\n<p><span class=\"text1noticias\"> <\/span><\/p>\n<p><span class=\"text1noticias\">\u00abEsta es una situaci\u00f3n deprimente, la que est\u00e1n viviendo los moradores de esta zona, por lo que llamamos al s\u00edndico, no en nuestra condici\u00f3n de regidor del Ayuntamiento, sino como ciudadano preocupado por el bienestar de nuestra comunidad, que atienda cuanto antes a este clamor, por el peligro que representa\u00bb, indic\u00f3.<\/span><\/p>\n<p><span class=\"text1noticias\"> <\/span><\/p>\n<p><span class=\"text1noticias\">Asimismo, edil coment\u00f3 que hab\u00eda una propuesta de organismos internacionales encaminada a sanear la referida ca\u00f1ada, y que aunque no se ha producido el desembolso de los recursos, se hace urgente que Fern\u00e1ndez inicie lo m\u00e1s pronto posible los trabajos, por entender que constituyen una verdadera necesidad.    <\/span><\/p>\n<p><span class=\"text1noticias\"> <\/span><\/p>\n<p><span class=\"text1noticias\">El edil del PRM habl\u00f3 del tema tras recorrer varios sectores de SDN, donde dijo adem\u00e1s que el 65% de la poblaci\u00f3n de la zona est\u00e1 compuesto por j\u00f3venes, por lo que prometi\u00f3 trabajar a favor de dicho segmento poblacional, adem\u00e1s durante su visita entreg\u00f3 10 computadoras, 2 canchas de baloncesto y un proyector.<\/span><\/p>\n<p><span class=\"text1noticias\"> <\/span><\/p>\n<p><span class=\"text1noticias\">Bruno visit\u00f3 el barrio Brisa de Los Palmares, all\u00ed en la Pastoral Juvenil de la iglesia cat\u00f3lica entreg\u00f3 un proyector; mientras que en el Juan Pablo Duarte II y en Barrio Agrario dej\u00f3 en funcionamiento dos canchas de baloncesto, al momento en que pidi\u00f3  al gobierno central a acudir en ayuda de miles de j\u00f3venes, que practican deporte porque no quieren delinquir.<\/span><\/p>\n<p><span class=\"text1noticias\"> <\/span><\/p>\n<p><span class=\"text1noticias\">Mientras en  los  sectores Para\u00edso Escondido, de Villa Mella y en  La Barquita, de Sabana Perdida don\u00f3 5 computadoras en cada una de estas comunidades, como una forma de incentivar a los  j\u00f3venes al estudio y la superaci\u00f3n.<\/span><\/p>\n<p><span class=\"text1noticias\"> <\/span><\/p>\n<p><span class=\"text1noticias\">\u00abCon el apoyo sostenido a la juventud, por medio de dotarlos de canchas, play, y centros de formaci\u00f3n para que se capaciten y puedan optar por trabajos decentes, alejaremos la delincuencia y los vicios de esta parte de la poblaci\u00f3n\u00bb, manifest\u00f3 Bruno.<\/span><\/p>\n<p><span class=\"text1noticias\"> <\/span><\/p>\n<p><span class=\"text1noticias\">En ese sentido agreg\u00f3 que \u00abCon los limitados recursos que manejamos  hacemos grandes obras de bien social y comunitario, pero est\u00e9n seguro que cuando nos coloquemos la banda municipal como s\u00edndico, ejecutaremos un vasto programa de acciones a favor de todos los mun\u00edcipes de SDN\u00bb.(HG)<\/span>.<\/p>\n<\/p>\n<h6> 2014-10-06 22:26:11 <\/h6>\n<p><!--\n<link rel=\"stylesheet\" href=\"css\/bootstrap.min.css\">\n\n\n<ul class=\"pagination\">\n\t    \n\t\n\n<li >\n\t<a href='?page_no=14384'>Previous<\/a>\n\t<\/li>\n\n\n       \n    \n\n<li><a href='?page_no=1'>1<\/a><\/li>\n\n\n\n<li><a href='?page_no=2'>2<\/a><\/li>\n\n\n\n<li><a>...<\/a><\/li>\n\n\n\n<li><a href='?page_no=14383'>14383<\/a><\/li>\n\n\n\n<li><a href='?page_no=14384'>14384<\/a><\/li>\n\n\n\n<li class='active'><a>14385<\/a><\/li>\n\n\n\n<li><a href='?page_no=14386'>14386<\/a><\/li>\n\n\n\n<li><a href='?page_no=14387'>14387<\/a><\/li>\n\n\n\n<li><a>...<\/a><\/li>\n\n\n\n<li><a href='?page_no=36999'>36999<\/a><\/li>\n\n\n\n<li><a href='?page_no=37000'>37000<\/a><\/li>\n\n    \n\t\n\n<li >\n\t<a href='?page_no=14386'>Next<\/a>\n\t<\/li>\n\n\n    \n\n<li><a href='?page_no=37000'>Last &rsaquo;&rsaquo;<\/a><\/li>\n\n<\/ul>\n\n\n--><br \/>\n<\/body><\/p>\n","protected":false},"excerpt":{"rendered":"<p>Santo Domingo, RD, 6 de Octubre.-El regidor Jeovanny Bruno, del Partido Revolucionario Mayoritario (PRM), llam\u00f3 al alcalde de Santo Domingo Norte (SDN), Francisco Fern\u00e1ndez, acudir en apoyo de los moradores del barrio Juan Pablo II de Sabana Perdida, debido al peligro que representa la ca\u00f1ada Mara\u00f1\u00f3n, cuyo desbordamiento amenaza la salud y la vida de [&hellip;]<\/p>\n","protected":false},"author":3,"featured_media":0,"comment_status":"open","ping_status":"open","sticky":false,"template":"","format":"standard","meta":{"footnotes":""},"categories":[22],"tags":[],"class_list":["post-161928","post","type-post","status-publish","format-standard","hentry","category-politica"],"_links":{"self":[{"href":"https:\/\/diariodominicano.com\/index.php?rest_route=\/wp\/v2\/posts\/161928","targetHints":{"allow":["GET"]}}],"collection":[{"href":"https:\/\/diariodominicano.com\/index.php?rest_route=\/wp\/v2\/posts"}],"about":[{"href":"https:\/\/diariodominicano.com\/index.php?rest_route=\/wp\/v2\/types\/post"}],"author":[{"embeddable":true,"href":"https:\/\/diariodominicano.com\/index.php?rest_route=\/wp\/v2\/users\/3"}],"replies":[{"embeddable":true,"href":"https:\/\/diariodominicano.com\/index.php?rest_route=%2Fwp%2Fv2%2Fcomments&post=161928"}],"version-history":[{"count":0,"href":"https:\/\/diariodominicano.com\/index.php?rest_route=\/wp\/v2\/posts\/161928\/revisions"}],"wp:attachment":[{"href":"https:\/\/diariodominicano.com\/index.php?rest_route=%2Fwp%2Fv2%2Fmedia&parent=161928"}],"wp:term":[{"taxonomy":"category","embeddable":true,"href":"https:\/\/diariodominicano.com\/index.php?rest_route=%2Fwp%2Fv2%2Fcategories&post=161928"},{"taxonomy":"post_tag","embeddable":true,"href":"https:\/\/diariodominicano.com\/index.php?rest_route=%2Fwp%2Fv2%2Ftags&post=161928"}],"curies":[{"name":"wp","href":"https:\/\/api.w.org\/{rel}","templated":true}]}}