{"id":161925,"date":"2014-10-07T14:29:18","date_gmt":"2014-10-07T14:29:18","guid":{"rendered":"http:\/\/diariodominicano.ddns.net\/?p=161925"},"modified":"2014-10-07T14:29:18","modified_gmt":"2014-10-07T14:29:18","slug":"senador-denuncia-que-solo-30-millones-de-dolares-hay-en-el-presupuesto-del-2015-para-monte-grande","status":"publish","type":"post","link":"https:\/\/diariodominicano.com\/?p=161925","title":{"rendered":"Senador denuncia que s\u00f3lo 30 millones de d\u00f3lares hay en el presupuesto del 2015 para Monte Grande."},"content":{"rendered":"<p><body><\/p>\n<p><img decoding=\"async\" src=\"img3\/0.jpg\" \/>  <\/p>\n<p>Barahona RD 7 octubre.- El senador por esta provincia, licenciado Eddy Mateo V\u00e1squez denunci\u00f3 ayer que s\u00f3lo 30 millones de d\u00f3lares est\u00e1n asignados en el presupuesto del 2015 para la construcci\u00f3n de la presa de Monte Grande, por lo que la obra continuar\u00e1 siendo una utopia.<\/p>\n<\/p>\n<p>        El legislador dijo que ese dinero es menos de la tercera parte de lo que se requiere en este a\u00f1o para que los trabajos no se detengan, \u00abde la poca cosa que se ha estado haciendo\u00bb.<\/p>\n<\/p>\n<p>        \u00abYa esta aprobado el financiamiento con el Banco Nacional del Desarrollo de Brasil, ya est\u00e1n aprobados los Aden dum desde el uno al tres del contrato, lo que indica que lo \u00fanico que falta es la voluntad pol\u00edtica\u00bb, expuso.<\/p>\n<\/p>\n<p>        El congresista oficialista expres\u00f3 que por la forma en que van los trabajos de construcci\u00f3n de Monte Grande, la misma ser\u00e1 una utopia o sue\u00f1o para los pobladores del Suroeste del pa\u00eds.<\/p>\n<\/p>\n<p>        Dijo que la zona esta reclamando a viva voz la obra porque va a aportar 18 megavatios al sistema energ\u00e9tico nacional, adem\u00e1s de que evitar\u00e1 las inundaciones en los pueblos que est\u00e1n ubicados en la parte baja del Yaque del Sur.<\/p>\n<\/p>\n<p>        \u00abUstedes recuerdan que Tamayo fue sepultado por el lodo en el 1998 producto de las aguas que provoc\u00f3 el hurac\u00e1n Georges, por lo que nada a cambiado para que ese pueblo y otros no corran la misma suerte en esta temporada de ciclones\u00bb, expres\u00f3.<\/p>\n<\/p>\n<p>         El licenciado Mateo V\u00e1squez reiter\u00f3 que el tienes sus dudas de que el proyecto vaya a ser consumados en la actual gesti\u00f3n del Presidente Danilo Medina, \u00aba pesar de las buenas intenciones que tiene el mandatario de querer inaugurar en el 2016 esa obra\u00bb.<\/p>\n<\/p>\n<p>        \u00abEl ritmo lento en que van los trabajos de Monte Grande determinan que la obra no ser\u00eda terminada en el tiempo establecido por el Gobierno\u00bb, precis\u00f3.<\/p>\n<\/p>\n<p>        Reiter\u00f3 que hace falta voluntad pol\u00edtica para que Monte Grande sea una realidad.<\/p>\n<\/p>\n<p>        El legislador manifest\u00f3 que en esta zona hay tres ejes fundamentales para el desarrollo, que son Monte Grande, carretera Cibao-Sur y Bah\u00eda de las \u00c1guilas en Pedernales.<\/p>\n<\/p>\n<p>        \u00abEl mas factible de todas esas cosas es la construcci\u00f3n de la presa de Monte Grande, ya que es una realidad desde el punto de vista financiero, esta en el presupuesto y se realizaron los estudios correspondientes\u00bb, expuso.<\/p>\n<\/p>\n<p>        Lament\u00f3 que en esta ciudad, se construyera un aeropuerto primero sin que existiera una infraestructura de hospedaje, que no existe<\/p>\n<h6> 2014-10-07 14:29:18 <\/h6>\n<p><!--\n<link rel=\"stylesheet\" href=\"css\/bootstrap.min.css\">\n\n\n<ul class=\"pagination\">\n\t    \n\t\n\n<li >\n\t<a href='?page_no=14381'>Previous<\/a>\n\t<\/li>\n\n\n       \n    \n\n<li><a href='?page_no=1'>1<\/a><\/li>\n\n\n\n<li><a href='?page_no=2'>2<\/a><\/li>\n\n\n\n<li><a>...<\/a><\/li>\n\n\n\n<li><a href='?page_no=14380'>14380<\/a><\/li>\n\n\n\n<li><a href='?page_no=14381'>14381<\/a><\/li>\n\n\n\n<li class='active'><a>14382<\/a><\/li>\n\n\n\n<li><a href='?page_no=14383'>14383<\/a><\/li>\n\n\n\n<li><a href='?page_no=14384'>14384<\/a><\/li>\n\n\n\n<li><a>...<\/a><\/li>\n\n\n\n<li><a href='?page_no=36999'>36999<\/a><\/li>\n\n\n\n<li><a href='?page_no=37000'>37000<\/a><\/li>\n\n    \n\t\n\n<li >\n\t<a href='?page_no=14383'>Next<\/a>\n\t<\/li>\n\n\n    \n\n<li><a href='?page_no=37000'>Last &rsaquo;&rsaquo;<\/a><\/li>\n\n<\/ul>\n\n\n--><br \/>\n<\/body><\/p>\n","protected":false},"excerpt":{"rendered":"<p>Barahona RD 7 octubre.- El senador por esta provincia, licenciado Eddy Mateo V\u00e1squez denunci\u00f3 ayer que s\u00f3lo 30 millones de d\u00f3lares est\u00e1n asignados en el presupuesto del 2015 para la construcci\u00f3n de la presa de Monte Grande, por lo que la obra continuar\u00e1 siendo una utopia. El legislador dijo que ese dinero es menos de [&hellip;]<\/p>\n","protected":false},"author":3,"featured_media":0,"comment_status":"open","ping_status":"open","sticky":false,"template":"","format":"standard","meta":{"footnotes":""},"categories":[22],"tags":[],"class_list":["post-161925","post","type-post","status-publish","format-standard","hentry","category-politica"],"_links":{"self":[{"href":"https:\/\/diariodominicano.com\/index.php?rest_route=\/wp\/v2\/posts\/161925","targetHints":{"allow":["GET"]}}],"collection":[{"href":"https:\/\/diariodominicano.com\/index.php?rest_route=\/wp\/v2\/posts"}],"about":[{"href":"https:\/\/diariodominicano.com\/index.php?rest_route=\/wp\/v2\/types\/post"}],"author":[{"embeddable":true,"href":"https:\/\/diariodominicano.com\/index.php?rest_route=\/wp\/v2\/users\/3"}],"replies":[{"embeddable":true,"href":"https:\/\/diariodominicano.com\/index.php?rest_route=%2Fwp%2Fv2%2Fcomments&post=161925"}],"version-history":[{"count":0,"href":"https:\/\/diariodominicano.com\/index.php?rest_route=\/wp\/v2\/posts\/161925\/revisions"}],"wp:attachment":[{"href":"https:\/\/diariodominicano.com\/index.php?rest_route=%2Fwp%2Fv2%2Fmedia&parent=161925"}],"wp:term":[{"taxonomy":"category","embeddable":true,"href":"https:\/\/diariodominicano.com\/index.php?rest_route=%2Fwp%2Fv2%2Fcategories&post=161925"},{"taxonomy":"post_tag","embeddable":true,"href":"https:\/\/diariodominicano.com\/index.php?rest_route=%2Fwp%2Fv2%2Ftags&post=161925"}],"curies":[{"name":"wp","href":"https:\/\/api.w.org\/{rel}","templated":true}]}}