{"id":161923,"date":"2014-10-07T17:30:49","date_gmt":"2014-10-07T17:30:49","guid":{"rendered":"http:\/\/diariodominicano.ddns.net\/?p=161923"},"modified":"2014-10-07T17:30:49","modified_gmt":"2014-10-07T17:30:49","slug":"fuerza-boschista-advierte-de-acciones-en-contra-del-pld-y-del-pais","status":"publish","type":"post","link":"https:\/\/diariodominicano.com\/?p=161923","title":{"rendered":"Fuerza Boschista advierte de acciones en contra del PLD y del pa\u00eds"},"content":{"rendered":"<p><body><\/p>\n<p><img decoding=\"async\" src=\"img3\/leon 7.jpg\" \/>  <\/p>\n<\/p>\n<\/p>\n<p>Santo Domingo, RD, 7 de octubre.- La Fuerza Boschcista denunci\u00f3 que la oposici\u00f3n pol\u00edtica y determinados sectores radicales y oportunistas han desatado una campa\u00f1a medi\u00e1tica y sucia con la que buscan afectar la imagen y el buen nombre de la Rep\u00fablica Dominicana.<\/p>\n<\/p>\n<p>El coordinador de la Fuerza Boschista, Luis de Le\u00f3n, miembro del Comite Central del PLD alert\u00f3 que dicha campa\u00f1a es parte de un plan de origen nacional e internacional, que tiene como prop\u00f3sito romper con el orden institucional y democr\u00e1tico e intentar sacar al Partido de la Liberaci\u00f3n Dominicana del poder, sin importar el medio o la v\u00eda.<\/p>\n<\/p>\n<p>\u00abEsta campa\u00f1a contradice el clima de paz, democracia y de estabilidad econ\u00f3mica que mantiene la naci\u00f3n a pesar de la crisis mundial\u00bb, resalt\u00f3 de Le\u00f3n, en declaraciones ofrecidas a los medios de comunicaci\u00f3n.<\/p>\n<\/p>\n<p>Exhort\u00f3 a ciudadanos y ciudadanas a estar alerta contra la creciente injerencia que atenta contra la democracia y el progreso social de la Patria.<\/p>\n<\/p>\n<p>Llam\u00f3 tambi\u00e9n a todos los miembros y dirigentes del Partido de la Liberaci\u00f3n Dominicana a fortalecer  y cuidar la unidad partidaria y seguir apoyando al presidente Danilo Medina y sus ejecutorias.<\/p>\n<\/p>\n<p>\u00abEl plan no es contra los dos liderazgos fundamentales del pa\u00eds, Danilo Medina y Leonel Fern\u00e1ndez, ciertamente, es contra el hist\u00f3rico, democr\u00e1tico Partido de la Liberaci\u00f3n, obra maestra del profesor Juan Bosch\u00bb, se\u00f1al\u00f3.<\/p>\n<\/p>\n<h6> 2014-10-07 17:30:49 <\/h6>\n<p><!--\n<link rel=\"stylesheet\" href=\"css\/bootstrap.min.css\">\n\n\n<ul class=\"pagination\">\n\t    \n\t\n\n<li >\n\t<a href='?page_no=14379'>Previous<\/a>\n\t<\/li>\n\n\n       \n    \n\n<li><a href='?page_no=1'>1<\/a><\/li>\n\n\n\n<li><a href='?page_no=2'>2<\/a><\/li>\n\n\n\n<li><a>...<\/a><\/li>\n\n\n\n<li><a href='?page_no=14378'>14378<\/a><\/li>\n\n\n\n<li><a href='?page_no=14379'>14379<\/a><\/li>\n\n\n\n<li class='active'><a>14380<\/a><\/li>\n\n\n\n<li><a href='?page_no=14381'>14381<\/a><\/li>\n\n\n\n<li><a href='?page_no=14382'>14382<\/a><\/li>\n\n\n\n<li><a>...<\/a><\/li>\n\n\n\n<li><a href='?page_no=36999'>36999<\/a><\/li>\n\n\n\n<li><a href='?page_no=37000'>37000<\/a><\/li>\n\n    \n\t\n\n<li >\n\t<a href='?page_no=14381'>Next<\/a>\n\t<\/li>\n\n\n    \n\n<li><a href='?page_no=37000'>Last &rsaquo;&rsaquo;<\/a><\/li>\n\n<\/ul>\n\n\n--><br \/>\n<\/body><\/p>\n","protected":false},"excerpt":{"rendered":"<p>Santo Domingo, RD, 7 de octubre.- La Fuerza Boschcista denunci\u00f3 que la oposici\u00f3n pol\u00edtica y determinados sectores radicales y oportunistas han desatado una campa\u00f1a medi\u00e1tica y sucia con la que buscan afectar la imagen y el buen nombre de la Rep\u00fablica Dominicana. El coordinador de la Fuerza Boschista, Luis de Le\u00f3n, miembro del Comite Central [&hellip;]<\/p>\n","protected":false},"author":3,"featured_media":0,"comment_status":"open","ping_status":"open","sticky":false,"template":"","format":"standard","meta":{"footnotes":""},"categories":[22],"tags":[],"class_list":["post-161923","post","type-post","status-publish","format-standard","hentry","category-politica"],"_links":{"self":[{"href":"https:\/\/diariodominicano.com\/index.php?rest_route=\/wp\/v2\/posts\/161923","targetHints":{"allow":["GET"]}}],"collection":[{"href":"https:\/\/diariodominicano.com\/index.php?rest_route=\/wp\/v2\/posts"}],"about":[{"href":"https:\/\/diariodominicano.com\/index.php?rest_route=\/wp\/v2\/types\/post"}],"author":[{"embeddable":true,"href":"https:\/\/diariodominicano.com\/index.php?rest_route=\/wp\/v2\/users\/3"}],"replies":[{"embeddable":true,"href":"https:\/\/diariodominicano.com\/index.php?rest_route=%2Fwp%2Fv2%2Fcomments&post=161923"}],"version-history":[{"count":0,"href":"https:\/\/diariodominicano.com\/index.php?rest_route=\/wp\/v2\/posts\/161923\/revisions"}],"wp:attachment":[{"href":"https:\/\/diariodominicano.com\/index.php?rest_route=%2Fwp%2Fv2%2Fmedia&parent=161923"}],"wp:term":[{"taxonomy":"category","embeddable":true,"href":"https:\/\/diariodominicano.com\/index.php?rest_route=%2Fwp%2Fv2%2Fcategories&post=161923"},{"taxonomy":"post_tag","embeddable":true,"href":"https:\/\/diariodominicano.com\/index.php?rest_route=%2Fwp%2Fv2%2Ftags&post=161923"}],"curies":[{"name":"wp","href":"https:\/\/api.w.org\/{rel}","templated":true}]}}