{"id":161921,"date":"2014-10-07T18:03:15","date_gmt":"2014-10-07T18:03:15","guid":{"rendered":"http:\/\/diariodominicano.ddns.net\/?p=161921"},"modified":"2014-10-07T18:03:15","modified_gmt":"2014-10-07T18:03:15","slug":"ministro-de-administracion-publica-aclara-interpretaron-mal-sobre-tema-de-la-reeleccion","status":"publish","type":"post","link":"https:\/\/diariodominicano.com\/?p=161921","title":{"rendered":"Ministro de Administraci\u00f3n P\u00fablica aclara interpretaron mal sobre tema de la reelecci\u00f3n"},"content":{"rendered":"<p><body><\/p>\n<p><img decoding=\"async\" src=\"img3\/camejo 7.jpg\" \/>  <\/p>\n<p>Santo Domingo RD, 7 de octubre.- El ministro de Administraci\u00f3n P\u00fablica (MAP), Ram\u00f3n Ventura Camejo aclar\u00f3 este martes que cuando trata el tema de la reelecci\u00f3n no busca favorecer al presidente Danilo Medina, sino que Rep\u00fablica Dominicana retome el modelo de Estados Uniodos, que establece dos per\u00edodos presidenciales consecutivos.<\/p>\n<\/p>\n<p>Dijo que su propuesta ha sido mal interpretada, y que nunca se ha identificado como seguidor de Medina en el Partido de la Liberaci\u00f3n Dominicana (PLD), sino de Leonel Fern\u00e1ndez.<\/p>\n<\/p>\n<p>\u00abExpreso mis ideas, sean certeras o no, en funci\u00f3n del momento que entiendo que hay que plantearlo. Y en ese sentido, propuse un debate, porque entiendo que se debe correr riesgos y romper paradigmas, lo que, a mi juicio, dar\u00eda nuevo impulso a la actividad pol\u00edtica, que est\u00e1 un poco dormida\u00bb, expres\u00f3. <\/p>\n<\/p>\n<p>Record\u00f3 que en 2010, cuando se elimin\u00f3 la reelecci\u00f3n, la postura del PLD y de Fern\u00e1ndez era la del modelo norteamericano, \u00abpero no la aprobamos, porque llegamos a un acuerdo con otros partidos\u00bb.<\/p>\n<\/p>\n<p>Explic\u00f3 que la implementaci\u00f3n de \u00absolo cuatro a\u00f1os\u00bb fue una propuesta del presidente del PRD, Miguel Vargas.<\/p>\n<\/p>\n<p>\u00abYo dije en la primera declaraci\u00f3n, que el tema de reelecci\u00f3n iba a ser discutido en un momento determinado, \u00bfy por qu\u00e9 no ahora?\u00bb, indic\u00f3.<\/p>\n<\/p>\n<p>Camejo fue entrevistado en el programa Enfoque Matinal, que se transmite por NCDN, canal 37.<\/p>\n<h6> 2014-10-07 18:03:15 <\/h6>\n<p><!--\n<link rel=\"stylesheet\" href=\"css\/bootstrap.min.css\">\n\n\n<ul class=\"pagination\">\n\t    \n\t\n\n<li >\n\t<a href='?page_no=14378'>Previous<\/a>\n\t<\/li>\n\n\n       \n    \n\n<li><a href='?page_no=1'>1<\/a><\/li>\n\n\n\n<li><a href='?page_no=2'>2<\/a><\/li>\n\n\n\n<li><a>...<\/a><\/li>\n\n\n\n<li><a href='?page_no=14377'>14377<\/a><\/li>\n\n\n\n<li><a href='?page_no=14378'>14378<\/a><\/li>\n\n\n\n<li class='active'><a>14379<\/a><\/li>\n\n\n\n<li><a href='?page_no=14380'>14380<\/a><\/li>\n\n\n\n<li><a href='?page_no=14381'>14381<\/a><\/li>\n\n\n\n<li><a>...<\/a><\/li>\n\n\n\n<li><a href='?page_no=36999'>36999<\/a><\/li>\n\n\n\n<li><a href='?page_no=37000'>37000<\/a><\/li>\n\n    \n\t\n\n<li >\n\t<a href='?page_no=14380'>Next<\/a>\n\t<\/li>\n\n\n    \n\n<li><a href='?page_no=37000'>Last &rsaquo;&rsaquo;<\/a><\/li>\n\n<\/ul>\n\n\n--><br \/>\n<\/body><\/p>\n","protected":false},"excerpt":{"rendered":"<p>Santo Domingo RD, 7 de octubre.- El ministro de Administraci\u00f3n P\u00fablica (MAP), Ram\u00f3n Ventura Camejo aclar\u00f3 este martes que cuando trata el tema de la reelecci\u00f3n no busca favorecer al presidente Danilo Medina, sino que Rep\u00fablica Dominicana retome el modelo de Estados Uniodos, que establece dos per\u00edodos presidenciales consecutivos. Dijo que su propuesta ha sido [&hellip;]<\/p>\n","protected":false},"author":3,"featured_media":0,"comment_status":"open","ping_status":"open","sticky":false,"template":"","format":"standard","meta":{"footnotes":""},"categories":[22],"tags":[],"class_list":["post-161921","post","type-post","status-publish","format-standard","hentry","category-politica"],"_links":{"self":[{"href":"https:\/\/diariodominicano.com\/index.php?rest_route=\/wp\/v2\/posts\/161921","targetHints":{"allow":["GET"]}}],"collection":[{"href":"https:\/\/diariodominicano.com\/index.php?rest_route=\/wp\/v2\/posts"}],"about":[{"href":"https:\/\/diariodominicano.com\/index.php?rest_route=\/wp\/v2\/types\/post"}],"author":[{"embeddable":true,"href":"https:\/\/diariodominicano.com\/index.php?rest_route=\/wp\/v2\/users\/3"}],"replies":[{"embeddable":true,"href":"https:\/\/diariodominicano.com\/index.php?rest_route=%2Fwp%2Fv2%2Fcomments&post=161921"}],"version-history":[{"count":0,"href":"https:\/\/diariodominicano.com\/index.php?rest_route=\/wp\/v2\/posts\/161921\/revisions"}],"wp:attachment":[{"href":"https:\/\/diariodominicano.com\/index.php?rest_route=%2Fwp%2Fv2%2Fmedia&parent=161921"}],"wp:term":[{"taxonomy":"category","embeddable":true,"href":"https:\/\/diariodominicano.com\/index.php?rest_route=%2Fwp%2Fv2%2Fcategories&post=161921"},{"taxonomy":"post_tag","embeddable":true,"href":"https:\/\/diariodominicano.com\/index.php?rest_route=%2Fwp%2Fv2%2Ftags&post=161921"}],"curies":[{"name":"wp","href":"https:\/\/api.w.org\/{rel}","templated":true}]}}