{"id":161920,"date":"2014-10-07T18:03:44","date_gmt":"2014-10-07T18:03:44","guid":{"rendered":"http:\/\/diariodominicano.ddns.net\/?p=161920"},"modified":"2014-10-07T18:03:44","modified_gmt":"2014-10-07T18:03:44","slug":"franklin-almeyda-alerta-que-no-se-debe-distraer-la-atencion-del-gobierno","status":"publish","type":"post","link":"https:\/\/diariodominicano.com\/?p=161920","title":{"rendered":"&#13;&#13;&#13;Franklin Almeyda alerta que no se debe distraer la atenci\u00f3n del gobierno&#13;"},"content":{"rendered":"<p><body><\/p>\n<p><img decoding=\"async\" src=\"img3\/almeyda.jpg\" \/>  <\/p>\n<p><span class=\"text1noticias\">Santo Domingo, RD, 7 octubre.- Franklin Almeyda Rancier, miembro del Comit\u00e9 Pol\u00edtico del Partido de la Liberaci\u00f3n Dominicana, reiter\u00f3 este d\u00eda, que el reto m\u00e1s importante que tiene esa organizaci\u00f3n pol\u00edtica en el gobierno es disminuir la desigualdad que existe en el pa\u00eds.<\/span><\/p>\n<p><span class=\"text1noticias\"> <\/span><\/p>\n<p><span class=\"text1noticias\">Almeyda Rancier manifest\u00f3 que la reducci\u00f3n de ese mal social, as\u00ed como superar los niveles de pobreza  que existen en la Rep\u00fablica Dominicana, le tomar\u00e1 mucho tiempo al gobierno, a su juicio varios per\u00edodos presidenciales.<\/span><\/p>\n<p><span class=\"text1noticias\"> <\/span><\/p>\n<p><span class=\"text1noticias\">\u00abLa falta de empleo, la carencia de energ\u00eda, viviendas, el problema de la seguridad vial y el transporte, son algunos de los temas relevantes que ameritan ser profundizados\u00bb, destac\u00f3 el miembro fundador del PLD, entrevistado en el programa Por la Ma\u00f1ana.<\/span><\/p>\n<p><span class=\"text1noticias\"> <\/span><\/p>\n<p><span class=\"text1noticias\">El dirigente pol\u00edtico precis\u00f3 que para superar estos males, el presidente Danilo Medina tiene todo el apoyo del Partido de la Liberaci\u00f3n Dominicana, los miembros de los Comit\u00e9s Central y Pol\u00edtico, as\u00ed como de toda la dirigencia nacional.<\/span><\/p>\n<p><span class=\"text1noticias\"> <\/span><\/p>\n<p><span class=\"text1noticias\">\u00abSomos un Partido en el poder, somos un partido organizado, nos quejamos nosotros mismos de nosotros mismos, con frecuencia decimos que tenemos que aplicar todas las resoluciones del VIII Congreso para superar debilidades en el Partido\u00bb, sostuvo al destacar los retos y compromisos de la organizaci\u00f3n partidaria.<\/span><\/p>\n<p><span class=\"text1noticias\"> <\/span><\/p>\n<p><span class=\"text1noticias\">Cuestionado en torno a una posible reelecci\u00f3n del presidente Danilo Medina dijo que cuando un presidente est\u00e1 gobernando no puede verse envuelto en ese tipo de discusi\u00f3n. \u00abEs como distraer la atenci\u00f3n de los problemas b\u00e1sicos y se desenfoca\u00bb, coment\u00f3 Almeyda a sus interlocutores quienes le abordaron sobre ese y otros temas y que la Secretaria de Comunicaciones del PLD rese\u00f1o en un parte de prensa.<\/span><\/p>\n<h6> 2014-10-07 18:03:44 <\/h6>\n<p><!--\n<link rel=\"stylesheet\" href=\"css\/bootstrap.min.css\">\n\n\n<ul class=\"pagination\">\n\t    \n\t\n\n<li >\n\t<a href='?page_no=14377'>Previous<\/a>\n\t<\/li>\n\n\n       \n    \n\n<li><a href='?page_no=1'>1<\/a><\/li>\n\n\n\n<li><a href='?page_no=2'>2<\/a><\/li>\n\n\n\n<li><a>...<\/a><\/li>\n\n\n\n<li><a href='?page_no=14376'>14376<\/a><\/li>\n\n\n\n<li><a href='?page_no=14377'>14377<\/a><\/li>\n\n\n\n<li class='active'><a>14378<\/a><\/li>\n\n\n\n<li><a href='?page_no=14379'>14379<\/a><\/li>\n\n\n\n<li><a href='?page_no=14380'>14380<\/a><\/li>\n\n\n\n<li><a>...<\/a><\/li>\n\n\n\n<li><a href='?page_no=36999'>36999<\/a><\/li>\n\n\n\n<li><a href='?page_no=37000'>37000<\/a><\/li>\n\n    \n\t\n\n<li >\n\t<a href='?page_no=14379'>Next<\/a>\n\t<\/li>\n\n\n    \n\n<li><a href='?page_no=37000'>Last &rsaquo;&rsaquo;<\/a><\/li>\n\n<\/ul>\n\n\n--><br \/>\n<\/body><\/p>\n","protected":false},"excerpt":{"rendered":"<p>Santo Domingo, RD, 7 octubre.- Franklin Almeyda Rancier, miembro del Comit\u00e9 Pol\u00edtico del Partido de la Liberaci\u00f3n Dominicana, reiter\u00f3 este d\u00eda, que el reto m\u00e1s importante que tiene esa organizaci\u00f3n pol\u00edtica en el gobierno es disminuir la desigualdad que existe en el pa\u00eds. Almeyda Rancier manifest\u00f3 que la reducci\u00f3n de ese mal social, as\u00ed como [&hellip;]<\/p>\n","protected":false},"author":3,"featured_media":0,"comment_status":"open","ping_status":"open","sticky":false,"template":"","format":"standard","meta":{"footnotes":""},"categories":[22],"tags":[],"class_list":["post-161920","post","type-post","status-publish","format-standard","hentry","category-politica"],"_links":{"self":[{"href":"https:\/\/diariodominicano.com\/index.php?rest_route=\/wp\/v2\/posts\/161920","targetHints":{"allow":["GET"]}}],"collection":[{"href":"https:\/\/diariodominicano.com\/index.php?rest_route=\/wp\/v2\/posts"}],"about":[{"href":"https:\/\/diariodominicano.com\/index.php?rest_route=\/wp\/v2\/types\/post"}],"author":[{"embeddable":true,"href":"https:\/\/diariodominicano.com\/index.php?rest_route=\/wp\/v2\/users\/3"}],"replies":[{"embeddable":true,"href":"https:\/\/diariodominicano.com\/index.php?rest_route=%2Fwp%2Fv2%2Fcomments&post=161920"}],"version-history":[{"count":0,"href":"https:\/\/diariodominicano.com\/index.php?rest_route=\/wp\/v2\/posts\/161920\/revisions"}],"wp:attachment":[{"href":"https:\/\/diariodominicano.com\/index.php?rest_route=%2Fwp%2Fv2%2Fmedia&parent=161920"}],"wp:term":[{"taxonomy":"category","embeddable":true,"href":"https:\/\/diariodominicano.com\/index.php?rest_route=%2Fwp%2Fv2%2Fcategories&post=161920"},{"taxonomy":"post_tag","embeddable":true,"href":"https:\/\/diariodominicano.com\/index.php?rest_route=%2Fwp%2Fv2%2Ftags&post=161920"}],"curies":[{"name":"wp","href":"https:\/\/api.w.org\/{rel}","templated":true}]}}