{"id":161918,"date":"2014-10-07T20:24:12","date_gmt":"2014-10-07T20:24:12","guid":{"rendered":"http:\/\/diariodominicano.ddns.net\/?p=161918"},"modified":"2014-10-07T20:24:12","modified_gmt":"2014-10-07T20:24:12","slug":"guido-gomez-dice-miguel-vargas-esta-envuelto-en-escandalo-de-corrupcion-en-espana","status":"publish","type":"post","link":"https:\/\/diariodominicano.com\/?p=161918","title":{"rendered":"Guido G\u00f3mez  dice  Miguel Vargas est\u00e1 envuelto en esc\u00e1ndalo de corrupci\u00f3n en Espa\u00f1a"},"content":{"rendered":"<p><body><\/p>\n<p><img decoding=\"async\" src=\"img3\/Guido.jpg\" \/>  <\/p>\n<p><span class=\"text1noticias\">Santo Domingo, RD, 7 de Octubre.-El dirigente del Partido Revolucionario Dominicano (PRD) Guido G\u00f3mez Mazara dijo  que el presidente de esa organizaci\u00f3n pol\u00edtica Miguel Vargas Maldonado \u00abest\u00e1 envuelto en un esc\u00e1ndalo de corrupci\u00f3n vinculado con la ex ministra de Defensa de Espa\u00f1a Carmen Chac\u00f3n\u00bb. <\/span><\/p>\n<\/p>\n<p><span class=\"text1noticias\">Indic\u00f3 que la  ex ministra espa\u00f1ola est\u00e1 acusada de transferir 17 millones de euros a Saman\u00e1, lugar donde compr\u00f3 una vivienda de lujo. G\u00f3mez Mazara cit\u00f3 al diario espa\u00f1ol ABC como proveedor de la informaci\u00f3n.<\/span><\/p>\n<\/p>\n<p><span class=\"text1noticias\">Al ser entrevistado por el periodista Salvador Holgu\u00edn en el programa \u00abHilando Fino\u00bb  transmitido por Teleradio Am\u00e9rica canal 45 a las 8:00 AM, Guido G\u00f3mez Mazara dijo que el nombre de Vargas Maldonado aparece entre los dominicanos involucrados en el referido caso.<\/span><\/p>\n<\/p>\n<p><em><strong><span class=\"text1noticias\">Otros negocios de Vargas<\/span><\/strong><\/em><\/p>\n<\/p>\n<p><span class=\"text1noticias\">Guido G\u00f3mez Mazara mencion\u00f3 otros negocios, que dijo  no muy transparentes \u00abdonde Miguel Vargas es el protagonista\u00bb.<\/span><\/p>\n<\/p>\n<p><span class=\"text1noticias\">El dirigente pol\u00edtico hizo referencia a un pr\u00e9stamo de 585 millones de pesos, otorgado por el Banco de Reservas a Vargas Maldonado en diciembre del 2011, a nombre de la firma \u00abGeneral de Galer\u00edas Comerciales Mundo Mall, S.A, la cual tiene como accionista al presidente del PRD, su hijo Miguel Paul Vargas Garc\u00eda y la secretaria Gisela Altagracia Cartacio.<\/span><\/p>\n<\/p>\n<p><span class=\"text1noticias\">G\u00f3mez Mazara indic\u00f3 que como parte del pago a este pr\u00e9stamo, Vargas entreg\u00f3 un edificio situado en la avenida L\u00f3pez de Vega. <\/span><\/p>\n<\/p>\n<p><span class=\"text1noticias\">Guido dijo que no tiene ning\u00fan problema personal con Miguel, ni con la actividad empresarial, pero se\u00f1alo que el referido pr\u00e9stamo fue recibido justamente en tiempo de campa\u00f1a, lo que deja mucho que decir.<\/span><\/p>\n<\/p>\n<p><span class=\"text1noticias\">G\u00f3mez Mazara se\u00f1al\u00f3 otros desaciertos que seg\u00fan \u00e9l, ha tenido Miguel Vargas, se\u00f1alando que varios de sus negocios est\u00e1n relacionados con el gobierno.<\/span><\/p>\n<\/p>\n<p><span class=\"text1noticias\">Afirm\u00f3  que en la venta de un edificio a la Direcci\u00f3n General de Aduanas (DGA) por parte de Vargas despu\u00e9s de ser candidato presidencial y expres\u00f3 que estos comportamientos pocos \u00e9ticos del presidente del PRD afectan y obstruyen el desarrollo y comportamiento del partido.(HG)<\/span>. <\/p>\n<h6> 2014-10-07 20:24:12 <\/h6>\n<p><!--\n<link rel=\"stylesheet\" href=\"css\/bootstrap.min.css\">\n\n\n<ul class=\"pagination\">\n\t    \n\t\n\n<li >\n\t<a href='?page_no=14375'>Previous<\/a>\n\t<\/li>\n\n\n       \n    \n\n<li><a href='?page_no=1'>1<\/a><\/li>\n\n\n\n<li><a href='?page_no=2'>2<\/a><\/li>\n\n\n\n<li><a>...<\/a><\/li>\n\n\n\n<li><a href='?page_no=14374'>14374<\/a><\/li>\n\n\n\n<li><a href='?page_no=14375'>14375<\/a><\/li>\n\n\n\n<li class='active'><a>14376<\/a><\/li>\n\n\n\n<li><a href='?page_no=14377'>14377<\/a><\/li>\n\n\n\n<li><a href='?page_no=14378'>14378<\/a><\/li>\n\n\n\n<li><a>...<\/a><\/li>\n\n\n\n<li><a href='?page_no=36999'>36999<\/a><\/li>\n\n\n\n<li><a href='?page_no=37000'>37000<\/a><\/li>\n\n    \n\t\n\n<li >\n\t<a href='?page_no=14377'>Next<\/a>\n\t<\/li>\n\n\n    \n\n<li><a href='?page_no=37000'>Last &rsaquo;&rsaquo;<\/a><\/li>\n\n<\/ul>\n\n\n--><br \/>\n<\/body><\/p>\n","protected":false},"excerpt":{"rendered":"<p>Santo Domingo, RD, 7 de Octubre.-El dirigente del Partido Revolucionario Dominicano (PRD) Guido G\u00f3mez Mazara dijo que el presidente de esa organizaci\u00f3n pol\u00edtica Miguel Vargas Maldonado \u00abest\u00e1 envuelto en un esc\u00e1ndalo de corrupci\u00f3n vinculado con la ex ministra de Defensa de Espa\u00f1a Carmen Chac\u00f3n\u00bb. Indic\u00f3 que la ex ministra espa\u00f1ola est\u00e1 acusada de transferir 17 [&hellip;]<\/p>\n","protected":false},"author":3,"featured_media":0,"comment_status":"open","ping_status":"open","sticky":false,"template":"","format":"standard","meta":{"footnotes":""},"categories":[22],"tags":[],"class_list":["post-161918","post","type-post","status-publish","format-standard","hentry","category-politica"],"_links":{"self":[{"href":"https:\/\/diariodominicano.com\/index.php?rest_route=\/wp\/v2\/posts\/161918","targetHints":{"allow":["GET"]}}],"collection":[{"href":"https:\/\/diariodominicano.com\/index.php?rest_route=\/wp\/v2\/posts"}],"about":[{"href":"https:\/\/diariodominicano.com\/index.php?rest_route=\/wp\/v2\/types\/post"}],"author":[{"embeddable":true,"href":"https:\/\/diariodominicano.com\/index.php?rest_route=\/wp\/v2\/users\/3"}],"replies":[{"embeddable":true,"href":"https:\/\/diariodominicano.com\/index.php?rest_route=%2Fwp%2Fv2%2Fcomments&post=161918"}],"version-history":[{"count":0,"href":"https:\/\/diariodominicano.com\/index.php?rest_route=\/wp\/v2\/posts\/161918\/revisions"}],"wp:attachment":[{"href":"https:\/\/diariodominicano.com\/index.php?rest_route=%2Fwp%2Fv2%2Fmedia&parent=161918"}],"wp:term":[{"taxonomy":"category","embeddable":true,"href":"https:\/\/diariodominicano.com\/index.php?rest_route=%2Fwp%2Fv2%2Fcategories&post=161918"},{"taxonomy":"post_tag","embeddable":true,"href":"https:\/\/diariodominicano.com\/index.php?rest_route=%2Fwp%2Fv2%2Ftags&post=161918"}],"curies":[{"name":"wp","href":"https:\/\/api.w.org\/{rel}","templated":true}]}}