{"id":161917,"date":"2014-10-07T22:23:37","date_gmt":"2014-10-07T22:23:37","guid":{"rendered":"http:\/\/diariodominicano.ddns.net\/?p=161917"},"modified":"2014-10-07T22:23:37","modified_gmt":"2014-10-07T22:23:37","slug":"politico-opositor-llama-a-enfrentar-desempleo-y-aumento-de-la-informalidad","status":"publish","type":"post","link":"https:\/\/diariodominicano.com\/?p=161917","title":{"rendered":"Pol\u00edtico opositor  llama a enfrentar  desempleo y aumento de la informalidad"},"content":{"rendered":"<p><body><\/p>\n<p><img decoding=\"async\" src=\"http:\/\/localhost:8080\/img3\/Ismael.jpg\" \/>  <\/p>\n<p><span class=\"text1noticias\">Santo Domingo, RD, 7 de Octubre.- El l\u00edder del Partido Dem\u00f3crata Institucional, PDI, Ismael Reyes expres\u00f3 su preocupaci\u00f3n por el mantenimiento de los altos \u00edndices de desempleo y el crecimiento del trabajo informal con bajo nivel de productividad y escasa protecci\u00f3n social.<\/span><\/p>\n<\/p>\n<p><span class=\"text1noticias\">El presidente del PDI afirm\u00f3 que con esta declaraci\u00f3n el no est\u00e1 inventando nada, sino haci\u00e9ndose eco de los informes y estudios peri\u00f3dicos de los distintos organismos internacionales especializados en asuntos de nuestra marcha econ\u00f3mica, los cuales han revelado que el crecimiento econ\u00f3mico del que se han ufanado los \u00faltimos gobiernos del PLD no se ha desparramado hacia abajo, sino que se ha quedado concentrado muy arriba entre los sectores m\u00e1s pudientes que casi no crean empleos. <\/span><\/p>\n<\/p>\n<p><span class=\"text1noticias\">En este sentido, el m\u00e1ximo dirigente de los pede\u00edstas dijo que no se puede continuar con un modelo de desarrollo que no redistribuye adecuadamente los ingresos ni las oportunidades, sino que secuestra el bienestar a favor de unos pocos, mientras la mayor\u00eda agoniza en el desempleo, el subempleo  y los que tienen la \u00absuerte\u00bb de estar laborando tienen que hacer malabares para poder llegar a fin de mes.<\/span><\/p>\n<\/p>\n<p><span class=\"text1noticias\">Dijo Reyes, que analistas de prestigiosos medios mundiales como The Economist han revelado nuestros niveles de desempleo siguen siendo altos, y que incluso, este problema se agrav\u00f3 m\u00e1s en el 2013 que el a\u00f1o que le antecedi\u00f3. Esto fue confirmado por los propios datos del Banco Central de la Rep\u00fablica Dominicana.<\/span><\/p>\n<p><span class=\"text1noticias\"> <\/span><\/p>\n<p><span class=\"text1noticias\">\u00abSi proyectamos esa tendencia registrada por estudios internacionales al presente a\u00f1o, tenemos que colegir que estamos marchando en la direcci\u00f3n incorrecta, como ya lo est\u00e1 percibiendo la mayor\u00eda de la gente, seg\u00fan el reciente informe de Encuesta CID Latinoam\u00e9rica, la cual puso en evidencia la abundancia de quejas por la situaci\u00f3n de la econom\u00eda en RD\u00bb, apunt\u00f3 Ismael Reyes.<\/span><\/p>\n<\/p>\n<p><span class=\"text1noticias\">Abundando, sobre esto, Reyes cita el dato de la Encuesta CID Latinoam\u00e9rica, donde se revela que  seis de cada diez dominicanos afirman que conseguir trabajo est\u00e1 m\u00e1s dif\u00edcil ahora que hace un a\u00f1o y que as\u00ed piensa  la mayor\u00eda de los conciudadanos.<\/span><\/p>\n<\/p>\n<p><span class=\"text1noticias\"> El m\u00e1s alto dirigente del PDI cree que se debe aumentar el financiamiento de los sectores productivos para que absorban  una buena parte de la alta tasa de desempleo que es m\u00e1s escandalosa en los j\u00f3venes en edad productiva, y seleccionar el cr\u00e9dito para dirigirlo hacia aquellos sectores de m\u00e1s alta aplicaci\u00f3n intensiva de mano de obra, que no son precisamente las ramas de los servicios, de los cuales ha dependido m\u00e1s el crecimiento que hemos tenido con bajo nivel redistributivo.<\/span><\/p>\n<\/p>\n<p><span class=\"text1noticias\">Con relaci\u00f3n al desarrollo del subempleo que acompa\u00f1a a nuestro elevado nivel de desocupados, el Doctor Reyes dijo que nos estamos convirtiendo en un pa\u00eds de venduteros que arrabalizan nuestras calles y ciudades, gente con ingresos inseguros y sin protecci\u00f3n m\u00e9dica ni social ni horizonte de progreso que solo luchan por subsistir malamente. <\/span><\/p>\n<\/p>\n<p><span class=\"text1noticias\">Ismael Reyes afirm\u00f3 que esas masas de trabajadores informales son parte de una realidad de exclusi\u00f3n social que no crea los empleos necesarios para incorporarlos al mercado de trabajo en condiciones de vida m\u00e1s digna de un ser humano.<\/span><\/p>\n<\/p>\n<p><span class=\"text1noticias\">Ismael Reyes dijo que si nos atenemos a la cifras oficiales que pueden maquillar o no revelar toda la verdad, vemos que aun as\u00ed no deja de ser gravemente preocupante el hecho de que en 2013 hab\u00eda un estimado de 2,3 millones de puestos de trabajo informales, o sea, el 56% de la fuerza laboral, seg\u00fan datos del Banco Central. \u00abEste dato nos dice que la pobreza ha continuado perpetu\u00e1ndose\u00bb, afirm\u00f3 el presidente del PDI.(HG)<\/span>.<\/p>\n<h6> 2014-10-07 22:23:37 <\/h6>\n<p><!--\n<link rel=\"stylesheet\" href=\"css\/bootstrap.min.css\">\n\n\n<ul class=\"pagination\">\n\t    \n\t\n\n<li >\n\t<a href='?page_no=14374'>Previous<\/a>\n\t<\/li>\n\n\n       \n    \n\n<li><a href='?page_no=1'>1<\/a><\/li>\n\n\n\n<li><a href='?page_no=2'>2<\/a><\/li>\n\n\n\n<li><a>...<\/a><\/li>\n\n\n\n<li><a href='?page_no=14373'>14373<\/a><\/li>\n\n\n\n<li><a href='?page_no=14374'>14374<\/a><\/li>\n\n\n\n<li class='active'><a>14375<\/a><\/li>\n\n\n\n<li><a href='?page_no=14376'>14376<\/a><\/li>\n\n\n\n<li><a href='?page_no=14377'>14377<\/a><\/li>\n\n\n\n<li><a>...<\/a><\/li>\n\n\n\n<li><a href='?page_no=36999'>36999<\/a><\/li>\n\n\n\n<li><a href='?page_no=37000'>37000<\/a><\/li>\n\n    \n\t\n\n<li >\n\t<a href='?page_no=14376'>Next<\/a>\n\t<\/li>\n\n\n    \n\n<li><a href='?page_no=37000'>Last &rsaquo;&rsaquo;<\/a><\/li>\n\n<\/ul>\n\n\n--><br \/>\n<\/body><\/p>\n","protected":false},"excerpt":{"rendered":"<p>Santo Domingo, RD, 7 de Octubre.- El l\u00edder del Partido Dem\u00f3crata Institucional, PDI, Ismael Reyes expres\u00f3 su preocupaci\u00f3n por el mantenimiento de los altos \u00edndices de desempleo y el crecimiento del trabajo informal con bajo nivel de productividad y escasa protecci\u00f3n social. El presidente del PDI afirm\u00f3 que con esta declaraci\u00f3n el no est\u00e1 inventando [&hellip;]<\/p>\n","protected":false},"author":3,"featured_media":0,"comment_status":"open","ping_status":"open","sticky":false,"template":"","format":"standard","meta":{"footnotes":""},"categories":[22],"tags":[],"class_list":["post-161917","post","type-post","status-publish","format-standard","hentry","category-politica"],"_links":{"self":[{"href":"https:\/\/diariodominicano.com\/index.php?rest_route=\/wp\/v2\/posts\/161917","targetHints":{"allow":["GET"]}}],"collection":[{"href":"https:\/\/diariodominicano.com\/index.php?rest_route=\/wp\/v2\/posts"}],"about":[{"href":"https:\/\/diariodominicano.com\/index.php?rest_route=\/wp\/v2\/types\/post"}],"author":[{"embeddable":true,"href":"https:\/\/diariodominicano.com\/index.php?rest_route=\/wp\/v2\/users\/3"}],"replies":[{"embeddable":true,"href":"https:\/\/diariodominicano.com\/index.php?rest_route=%2Fwp%2Fv2%2Fcomments&post=161917"}],"version-history":[{"count":0,"href":"https:\/\/diariodominicano.com\/index.php?rest_route=\/wp\/v2\/posts\/161917\/revisions"}],"wp:attachment":[{"href":"https:\/\/diariodominicano.com\/index.php?rest_route=%2Fwp%2Fv2%2Fmedia&parent=161917"}],"wp:term":[{"taxonomy":"category","embeddable":true,"href":"https:\/\/diariodominicano.com\/index.php?rest_route=%2Fwp%2Fv2%2Fcategories&post=161917"},{"taxonomy":"post_tag","embeddable":true,"href":"https:\/\/diariodominicano.com\/index.php?rest_route=%2Fwp%2Fv2%2Ftags&post=161917"}],"curies":[{"name":"wp","href":"https:\/\/api.w.org\/{rel}","templated":true}]}}