{"id":161916,"date":"2014-10-07T22:30:12","date_gmt":"2014-10-07T22:30:12","guid":{"rendered":"http:\/\/diariodominicano.ddns.net\/?p=161916"},"modified":"2014-10-07T22:30:12","modified_gmt":"2014-10-07T22:30:12","slug":"andy-mieses-alcalde-cumplira-10-anos-con-ciudad-caotica","status":"publish","type":"post","link":"https:\/\/diariodominicano.com\/?p=161916","title":{"rendered":"Andy Mieses: \u00abalcalde cumplir\u00e1 10 a\u00f1os con ciudad ca\u00f3tica\u00bb"},"content":{"rendered":"<p><body><\/p>\n<p><img decoding=\"async\" src=\"img3\/andy.jpg\" \/>  <\/p>\n<p><span class=\"text1noticias\">Alto Manhattan, Nueva York, EE.UU., 7 de Octubre.-Andy Mieses consider\u00f3 aqu\u00ed que el alcalde del Municipio Santo Domingo Este, Juan de los Santos, cumplir\u00e1 10 a\u00f1os de gesti\u00f3n con un saldo de una ciudad ca\u00f3tica de condiciones inhumanas.<\/span><\/p>\n<\/p>\n<p><span class=\"text1noticias\">Mieses, aspirante a dirigir la alcald\u00eda de la zona oriental de la capital dominicana, se\u00f1al\u00f3 que durante el largo per\u00edodo de los Santos ha mantenido un deficiente servicio de recogida de basura, un descuido total de la limpieza de los sistemas de drenaje pluvial y de las aguas residuales, as\u00ed como sin levantar las plantas de tratamiento necesarias para evitar la acumulaci\u00f3n de residuos cloacales que afecta el medio ambiente y la salud de las personas.<\/span><\/p>\n<\/p>\n<p><span class=\"text1noticias\">El miembro de la direcci\u00f3n ejecutiva de la Alianza por la Democracia (APD) al conversar con miembros de la comunidad criolla en el Alto Manhattan, durante un operativo de distribuci\u00f3n de documentos contentivos de su proyecto, cit\u00f3, asimismo, la falta de se\u00f1alizaci\u00f3n en el tr\u00e1nsito, las decenas de sem\u00e1foros da\u00f1ados y la ausencia de placas rotuladas en cientos de calles de esta demarcaci\u00f3n. <\/span><\/p>\n<\/p>\n<p><span class=\"text1noticias\">Agreg\u00f3 que para el actual alcalde de Santo Domingo Este las personas con discapacidad no cuentan en su gesti\u00f3n porque han mantenido un dise\u00f1o urban\u00edstico municipal que excluye a estos mun\u00edcipes del derecho a trasladarse por las calles, las aceras y a tener acceso a los espacios de todos y a las edificaciones p\u00fablicas y privadas.<\/span><\/p>\n<\/p>\n<p><span class=\"text1noticias\">Apunt\u00f3, adem\u00e1s, que las \u00e1reas verdes de los espacios p\u00fablicos no son atendidas provocando su degradaci\u00f3n y dejando en condiciones de abandono las plazas y parques.(HG)<\/span>.<\/p>\n<\/p>\n<\/p>\n<\/p>\n<h6> 2014-10-07 22:30:12 <\/h6>\n<p><!--\n<link rel=\"stylesheet\" href=\"css\/bootstrap.min.css\">\n\n\n<ul class=\"pagination\">\n\t    \n\t\n\n<li >\n\t<a href='?page_no=14373'>Previous<\/a>\n\t<\/li>\n\n\n       \n    \n\n<li><a href='?page_no=1'>1<\/a><\/li>\n\n\n\n<li><a href='?page_no=2'>2<\/a><\/li>\n\n\n\n<li><a>...<\/a><\/li>\n\n\n\n<li><a href='?page_no=14372'>14372<\/a><\/li>\n\n\n\n<li><a href='?page_no=14373'>14373<\/a><\/li>\n\n\n\n<li class='active'><a>14374<\/a><\/li>\n\n\n\n<li><a href='?page_no=14375'>14375<\/a><\/li>\n\n\n\n<li><a href='?page_no=14376'>14376<\/a><\/li>\n\n\n\n<li><a>...<\/a><\/li>\n\n\n\n<li><a href='?page_no=36999'>36999<\/a><\/li>\n\n\n\n<li><a href='?page_no=37000'>37000<\/a><\/li>\n\n    \n\t\n\n<li >\n\t<a href='?page_no=14375'>Next<\/a>\n\t<\/li>\n\n\n    \n\n<li><a href='?page_no=37000'>Last &rsaquo;&rsaquo;<\/a><\/li>\n\n<\/ul>\n\n\n--><br \/>\n<\/body><\/p>\n","protected":false},"excerpt":{"rendered":"<p>Alto Manhattan, Nueva York, EE.UU., 7 de Octubre.-Andy Mieses consider\u00f3 aqu\u00ed que el alcalde del Municipio Santo Domingo Este, Juan de los Santos, cumplir\u00e1 10 a\u00f1os de gesti\u00f3n con un saldo de una ciudad ca\u00f3tica de condiciones inhumanas. Mieses, aspirante a dirigir la alcald\u00eda de la zona oriental de la capital dominicana, se\u00f1al\u00f3 que durante [&hellip;]<\/p>\n","protected":false},"author":3,"featured_media":0,"comment_status":"open","ping_status":"open","sticky":false,"template":"","format":"standard","meta":{"footnotes":""},"categories":[22],"tags":[],"class_list":["post-161916","post","type-post","status-publish","format-standard","hentry","category-politica"],"_links":{"self":[{"href":"https:\/\/diariodominicano.com\/index.php?rest_route=\/wp\/v2\/posts\/161916","targetHints":{"allow":["GET"]}}],"collection":[{"href":"https:\/\/diariodominicano.com\/index.php?rest_route=\/wp\/v2\/posts"}],"about":[{"href":"https:\/\/diariodominicano.com\/index.php?rest_route=\/wp\/v2\/types\/post"}],"author":[{"embeddable":true,"href":"https:\/\/diariodominicano.com\/index.php?rest_route=\/wp\/v2\/users\/3"}],"replies":[{"embeddable":true,"href":"https:\/\/diariodominicano.com\/index.php?rest_route=%2Fwp%2Fv2%2Fcomments&post=161916"}],"version-history":[{"count":0,"href":"https:\/\/diariodominicano.com\/index.php?rest_route=\/wp\/v2\/posts\/161916\/revisions"}],"wp:attachment":[{"href":"https:\/\/diariodominicano.com\/index.php?rest_route=%2Fwp%2Fv2%2Fmedia&parent=161916"}],"wp:term":[{"taxonomy":"category","embeddable":true,"href":"https:\/\/diariodominicano.com\/index.php?rest_route=%2Fwp%2Fv2%2Fcategories&post=161916"},{"taxonomy":"post_tag","embeddable":true,"href":"https:\/\/diariodominicano.com\/index.php?rest_route=%2Fwp%2Fv2%2Ftags&post=161916"}],"curies":[{"name":"wp","href":"https:\/\/api.w.org\/{rel}","templated":true}]}}