{"id":161908,"date":"2014-10-09T15:56:01","date_gmt":"2014-10-09T15:56:01","guid":{"rendered":"http:\/\/diariodominicano.ddns.net\/?p=161908"},"modified":"2014-10-09T15:56:01","modified_gmt":"2014-10-09T15:56:01","slug":"en-encuentro-se-discutiran-los-diferentes-aspectos-del-anteproyecto-de-ley-de-partidos","status":"publish","type":"post","link":"https:\/\/diariodominicano.com\/?p=161908","title":{"rendered":"En encuentro se discutir\u00e1n los diferentes aspectos del anteproyecto de Ley de Partidos"},"content":{"rendered":"<p><body><\/p>\n<p><img decoding=\"async\" src=\"img3\/sanchez 9.jpg\" \/>  <\/p>\n<p>Santo Domingo RD 9 octubre.- Los congresistas del Partido de la Liberaci\u00f3n Dominicana (PLD)  tienen en agenda una reuni\u00f3n ampliada para afinar algunos de los aspectos de la Ley de partidos y agrupaciones pol\u00edticas que cursa en el Congreso de la Rep\u00fablica.<\/p>\n<\/p>\n<p>La afirmaci\u00f3n es de Gustavo S\u00e1nchez, diputado del PLD por el Distrito Nacional al recordar que son varios los anteproyectos presentados en el congreso que procuran regular el funcionamiento de las agrupaciones pol\u00edticas.<\/p>\n<\/p>\n<p>Record\u00f3 que es un proyecto de m\u00faltiples versiones incluyendo la presentada por la Junta Central Electoral y el Comit\u00e9 Pol\u00edtico del Partido de la Liberaci\u00f3n Dominicana con recomendaciones y propuestas concretas.<\/p>\n<\/p>\n<p>Explic\u00f3 el diputado S\u00e1nchez que como referencia para el estudio y las discusiones se ha tomado el anteproyecto remitido por el organismo electoral y que sobre \u00e9l del PLD y su direcci\u00f3n pol\u00edtica, se tiene contemplado un encuentro con legisladores de la organizaci\u00f3n para discutir la justificaci\u00f3n que tuvo el organismo de direcci\u00f3n  para presentar sus recomendaciones.<\/p>\n<\/p>\n<p>\u00abQuienes votamos somos nosotros, los legisladores\u00bb, declar\u00f3 Gustavo S\u00e1nchez al precisar que como dirigentes, reciben las orientaciones partidarias y que en el hemiciclo presentan sus mociones y consideraciones en su calidad de congresistas.<\/p>\n<\/p>\n<p>Dijo que no descarta modificaciones a la propuesta enviada por el Comit\u00e9 Pol\u00edtico, fruto del an\u00e1lisis y las discusiones, procurando mejorar la normativa que se ha enviado.<\/p>\n<\/p>\n<p>Se manifest\u00f3 de acuerdo con el Comit\u00e9 Pol\u00edtico en la parte que se\u00f1ala que es responsabilidad de cada partido organizar sus elecciones internas, porque de lo contrario, la organizaci\u00f3n no tendr\u00eda raz\u00f3n de ser.<\/p>\n<\/p>\n<p>Advierte que unas primarias en los partidos, organizadas por la Junta Central Electoral,  ser\u00eda otras elecciones nacionales. \u00abEstoy de acuerdo con que la realizaci\u00f3n de las primarias las organicen los  partidos\u00bb, apunt\u00f3.<\/p>\n<h6> 2014-10-09 15:56:01 <\/h6>\n<p><!--\n<link rel=\"stylesheet\" href=\"css\/bootstrap.min.css\">\n\n\n<ul class=\"pagination\">\n\t    \n\t\n\n<li >\n\t<a href='?page_no=14366'>Previous<\/a>\n\t<\/li>\n\n\n       \n    \n\n<li><a href='?page_no=1'>1<\/a><\/li>\n\n\n\n<li><a href='?page_no=2'>2<\/a><\/li>\n\n\n\n<li><a>...<\/a><\/li>\n\n\n\n<li><a href='?page_no=14365'>14365<\/a><\/li>\n\n\n\n<li><a href='?page_no=14366'>14366<\/a><\/li>\n\n\n\n<li class='active'><a>14367<\/a><\/li>\n\n\n\n<li><a href='?page_no=14368'>14368<\/a><\/li>\n\n\n\n<li><a href='?page_no=14369'>14369<\/a><\/li>\n\n\n\n<li><a>...<\/a><\/li>\n\n\n\n<li><a href='?page_no=36999'>36999<\/a><\/li>\n\n\n\n<li><a href='?page_no=37000'>37000<\/a><\/li>\n\n    \n\t\n\n<li >\n\t<a href='?page_no=14368'>Next<\/a>\n\t<\/li>\n\n\n    \n\n<li><a href='?page_no=37000'>Last &rsaquo;&rsaquo;<\/a><\/li>\n\n<\/ul>\n\n\n--><br \/>\n<\/body><\/p>\n","protected":false},"excerpt":{"rendered":"<p>Santo Domingo RD 9 octubre.- Los congresistas del Partido de la Liberaci\u00f3n Dominicana (PLD) tienen en agenda una reuni\u00f3n ampliada para afinar algunos de los aspectos de la Ley de partidos y agrupaciones pol\u00edticas que cursa en el Congreso de la Rep\u00fablica. La afirmaci\u00f3n es de Gustavo S\u00e1nchez, diputado del PLD por el Distrito Nacional [&hellip;]<\/p>\n","protected":false},"author":3,"featured_media":0,"comment_status":"open","ping_status":"open","sticky":false,"template":"","format":"standard","meta":{"footnotes":""},"categories":[22],"tags":[],"class_list":["post-161908","post","type-post","status-publish","format-standard","hentry","category-politica"],"_links":{"self":[{"href":"https:\/\/diariodominicano.com\/index.php?rest_route=\/wp\/v2\/posts\/161908","targetHints":{"allow":["GET"]}}],"collection":[{"href":"https:\/\/diariodominicano.com\/index.php?rest_route=\/wp\/v2\/posts"}],"about":[{"href":"https:\/\/diariodominicano.com\/index.php?rest_route=\/wp\/v2\/types\/post"}],"author":[{"embeddable":true,"href":"https:\/\/diariodominicano.com\/index.php?rest_route=\/wp\/v2\/users\/3"}],"replies":[{"embeddable":true,"href":"https:\/\/diariodominicano.com\/index.php?rest_route=%2Fwp%2Fv2%2Fcomments&post=161908"}],"version-history":[{"count":0,"href":"https:\/\/diariodominicano.com\/index.php?rest_route=\/wp\/v2\/posts\/161908\/revisions"}],"wp:attachment":[{"href":"https:\/\/diariodominicano.com\/index.php?rest_route=%2Fwp%2Fv2%2Fmedia&parent=161908"}],"wp:term":[{"taxonomy":"category","embeddable":true,"href":"https:\/\/diariodominicano.com\/index.php?rest_route=%2Fwp%2Fv2%2Fcategories&post=161908"},{"taxonomy":"post_tag","embeddable":true,"href":"https:\/\/diariodominicano.com\/index.php?rest_route=%2Fwp%2Fv2%2Ftags&post=161908"}],"curies":[{"name":"wp","href":"https:\/\/api.w.org\/{rel}","templated":true}]}}