{"id":161907,"date":"2014-10-09T16:05:03","date_gmt":"2014-10-09T16:05:03","guid":{"rendered":"http:\/\/diariodominicano.ddns.net\/?p=161907"},"modified":"2014-10-09T16:05:03","modified_gmt":"2014-10-09T16:05:03","slug":"francisco-javier-se-opone-a-tratar-reeleccion-en-el-comite-politico","status":"publish","type":"post","link":"https:\/\/diariodominicano.com\/?p=161907","title":{"rendered":"Francisco Javier se opone a tratar reelecci\u00f3n en el Comit\u00e9 Pol\u00edtico&#13;"},"content":{"rendered":"<p><body><\/p>\n<p><img decoding=\"async\" src=\"img3\/fran 9.jpg\" \/>  <\/p>\n<p>Santo Domingo RD 9 octubre.- El precandidato presidencal del Partido de la Liberaci\u00f3n Dominicana (PLD), Francisco, Javier Garc\u00eda, se mostr\u00f3 contrario a que el tema de la reelecci\u00f3n sea llevado al Comit\u00e9 Pol\u00edtico de la organizaci\u00f3n, porque considera que presionar\u00eda al presidente Danilo Medina.<\/p>\n<\/p>\n<p>De acuerdo con una nota de prensa, dijo que ser\u00eda un error que se empodere al Comit\u00e9 Pol\u00edtico del tema, debido a la coyuntura actual que vive la organizaci\u00f3n.<\/p>\n<p>Javier Garc\u00eda  consider\u00f3 que lo correcto es dar tiempo al Jefe del Estado para que libremente, en el momento en que lo estime oportuno, fije su posici\u00f3n sobre el particular.<\/p>\n<\/p>\n<p>\u00abInsisto en que no debemos presionar a Danilo Medina y en cambio hay que darle la oportunidad para que hable y fije su posici\u00f3n sobre el tema de la reelecci\u00f3n\u00bb, indic\u00f3.<\/p>\n<\/p>\n<p>Agreg\u00f3 que \u00abcuando Leonel se reeligi\u00f3 en el a\u00f1o 2008, no lo llev\u00f3 al Comit\u00e9 Pol\u00edtico; cuando sectores intentaron que Leonel se reeligiera para el 2012 no lo llevaron al Comit\u00e9 Pol\u00edtico. Yo creo que al presidente Danilo Medina hay que darle la oportunidad de dejar que se exprese, de que \u00e9l diga cu\u00e1l es el concepto que tiene sobre el tema de la reelecci\u00f3n. Cuando \u00e9l d\u00e9 su opini\u00f3n sobre el tema, en ese momento nosotros vamos a fijar nuestra posici\u00f3n\u00bb.<\/p>\n<\/p>\n<p>Javier Garc\u00eda consider\u00f3 que el PLD debe actuar con la prudencia con que hist\u00f3ricamente se ha manejado desde su fundaci\u00f3n hace m\u00e1s de cuatro d\u00e9cadas.<\/p>\n<p>El pol\u00edtico habl\u00f3 en estos t\u00e9rminos tras concluir una caravana que toc\u00f3 las provincias Duarte, Hermanas Mirabal y Espaillat.<\/p>\n<\/p>\n<h6> 2014-10-09 16:05:03 <\/h6>\n<p><!--\n<link rel=\"stylesheet\" href=\"css\/bootstrap.min.css\">\n\n\n<ul class=\"pagination\">\n\t    \n\t\n\n<li >\n\t<a href='?page_no=14365'>Previous<\/a>\n\t<\/li>\n\n\n       \n    \n\n<li><a href='?page_no=1'>1<\/a><\/li>\n\n\n\n<li><a href='?page_no=2'>2<\/a><\/li>\n\n\n\n<li><a>...<\/a><\/li>\n\n\n\n<li><a href='?page_no=14364'>14364<\/a><\/li>\n\n\n\n<li><a href='?page_no=14365'>14365<\/a><\/li>\n\n\n\n<li class='active'><a>14366<\/a><\/li>\n\n\n\n<li><a href='?page_no=14367'>14367<\/a><\/li>\n\n\n\n<li><a href='?page_no=14368'>14368<\/a><\/li>\n\n\n\n<li><a>...<\/a><\/li>\n\n\n\n<li><a href='?page_no=36999'>36999<\/a><\/li>\n\n\n\n<li><a href='?page_no=37000'>37000<\/a><\/li>\n\n    \n\t\n\n<li >\n\t<a href='?page_no=14367'>Next<\/a>\n\t<\/li>\n\n\n    \n\n<li><a href='?page_no=37000'>Last &rsaquo;&rsaquo;<\/a><\/li>\n\n<\/ul>\n\n\n--><br \/>\n<\/body><\/p>\n","protected":false},"excerpt":{"rendered":"<p>Santo Domingo RD 9 octubre.- El precandidato presidencal del Partido de la Liberaci\u00f3n Dominicana (PLD), Francisco, Javier Garc\u00eda, se mostr\u00f3 contrario a que el tema de la reelecci\u00f3n sea llevado al Comit\u00e9 Pol\u00edtico de la organizaci\u00f3n, porque considera que presionar\u00eda al presidente Danilo Medina. De acuerdo con una nota de prensa, dijo que ser\u00eda un [&hellip;]<\/p>\n","protected":false},"author":3,"featured_media":0,"comment_status":"open","ping_status":"open","sticky":false,"template":"","format":"standard","meta":{"footnotes":""},"categories":[22],"tags":[],"class_list":["post-161907","post","type-post","status-publish","format-standard","hentry","category-politica"],"_links":{"self":[{"href":"https:\/\/diariodominicano.com\/index.php?rest_route=\/wp\/v2\/posts\/161907","targetHints":{"allow":["GET"]}}],"collection":[{"href":"https:\/\/diariodominicano.com\/index.php?rest_route=\/wp\/v2\/posts"}],"about":[{"href":"https:\/\/diariodominicano.com\/index.php?rest_route=\/wp\/v2\/types\/post"}],"author":[{"embeddable":true,"href":"https:\/\/diariodominicano.com\/index.php?rest_route=\/wp\/v2\/users\/3"}],"replies":[{"embeddable":true,"href":"https:\/\/diariodominicano.com\/index.php?rest_route=%2Fwp%2Fv2%2Fcomments&post=161907"}],"version-history":[{"count":0,"href":"https:\/\/diariodominicano.com\/index.php?rest_route=\/wp\/v2\/posts\/161907\/revisions"}],"wp:attachment":[{"href":"https:\/\/diariodominicano.com\/index.php?rest_route=%2Fwp%2Fv2%2Fmedia&parent=161907"}],"wp:term":[{"taxonomy":"category","embeddable":true,"href":"https:\/\/diariodominicano.com\/index.php?rest_route=%2Fwp%2Fv2%2Fcategories&post=161907"},{"taxonomy":"post_tag","embeddable":true,"href":"https:\/\/diariodominicano.com\/index.php?rest_route=%2Fwp%2Fv2%2Ftags&post=161907"}],"curies":[{"name":"wp","href":"https:\/\/api.w.org\/{rel}","templated":true}]}}