{"id":161905,"date":"2014-10-09T18:14:30","date_gmt":"2014-10-09T18:14:30","guid":{"rendered":"http:\/\/diariodominicano.ddns.net\/?p=161905"},"modified":"2014-10-09T18:14:30","modified_gmt":"2014-10-09T18:14:30","slug":"alburquerque-responde-ataques-por-ley-de-partidos","status":"publish","type":"post","link":"https:\/\/diariodominicano.com\/?p=161905","title":{"rendered":"&#13;Alburquerque responde ataques por ley de partidos"},"content":{"rendered":"<p><body><\/p>\n<p>Santo Domingo RD 9 octubre.- El ex-vicepresidente y dirigente del Partido de la Liberaci\u00f3n Dominicana (PLD), Rafael Alburquerque consider\u00f3 que la sociedad civil quiere debilitar los partidos.<\/p>\n<\/p>\n<p>Sostuvo que las cr\u00edticas de las entidades de la sociedad civil al proyecto de ley de partidos y agrupaciones pol\u00edticas que present\u00f3 el PLD buscan debilitar esas organizaciones y que no haya liderazgo pol\u00edtico fuerte. \u00abObviamente quieren una ley que sea una camisa para ellos usar esa camisa y nosotros no lo hemos complacido ni lo vamos a complacer\u00bb, advirti\u00f3.<\/p>\n<\/p>\n<p>Sostuvo que para la aprobaci\u00f3n de la ley de partidos se requiere la dos terceras partes de las c\u00e1maras legislativas porque se trata de una ley org\u00e1nica por lo que ser\u00e1 necesario un consenso entre todas las fuerzas pol\u00edticas.<\/p>\n<\/p>\n<p>La Fundaci\u00f3n Institucionalidad y Justicia (Finjus), Participaci\u00f3n Ciudadana, la Asociaci\u00f3n de J\u00f3venes Empresarios (Anje) entre otras entidades han calificado la propuesta del PLD como un retroceso y como un traje a la medida de esa organizaci\u00f3n.<\/p>\n<\/p>\n<p>De su lado, el presidente de la Junta Central Electoral (JCE), Roberto Rosario, expres\u00f3 que tiene la esperanza de que la ley se apruebe porque los principales partidos necesitan de la intervenci\u00f3n de la JCE para la elecci\u00f3n de los candidatos a cargos congresuales y municipales. <\/p>\n<\/p>\n<h6> 2014-10-09 18:14:30 <\/h6>\n<p><!--\n<link rel=\"stylesheet\" href=\"css\/bootstrap.min.css\">\n\n\n<ul class=\"pagination\">\n\t    \n\t\n\n<li >\n\t<a href='?page_no=14363'>Previous<\/a>\n\t<\/li>\n\n\n       \n    \n\n<li><a href='?page_no=1'>1<\/a><\/li>\n\n\n\n<li><a href='?page_no=2'>2<\/a><\/li>\n\n\n\n<li><a>...<\/a><\/li>\n\n\n\n<li><a href='?page_no=14362'>14362<\/a><\/li>\n\n\n\n<li><a href='?page_no=14363'>14363<\/a><\/li>\n\n\n\n<li class='active'><a>14364<\/a><\/li>\n\n\n\n<li><a href='?page_no=14365'>14365<\/a><\/li>\n\n\n\n<li><a href='?page_no=14366'>14366<\/a><\/li>\n\n\n\n<li><a>...<\/a><\/li>\n\n\n\n<li><a href='?page_no=36999'>36999<\/a><\/li>\n\n\n\n<li><a href='?page_no=37000'>37000<\/a><\/li>\n\n    \n\t\n\n<li >\n\t<a href='?page_no=14365'>Next<\/a>\n\t<\/li>\n\n\n    \n\n<li><a href='?page_no=37000'>Last &rsaquo;&rsaquo;<\/a><\/li>\n\n<\/ul>\n\n\n--><br \/>\n<\/body><\/p>\n","protected":false},"excerpt":{"rendered":"<p>Santo Domingo RD 9 octubre.- El ex-vicepresidente y dirigente del Partido de la Liberaci\u00f3n Dominicana (PLD), Rafael Alburquerque consider\u00f3 que la sociedad civil quiere debilitar los partidos. Sostuvo que las cr\u00edticas de las entidades de la sociedad civil al proyecto de ley de partidos y agrupaciones pol\u00edticas que present\u00f3 el PLD buscan debilitar esas organizaciones [&hellip;]<\/p>\n","protected":false},"author":3,"featured_media":0,"comment_status":"open","ping_status":"open","sticky":false,"template":"","format":"standard","meta":{"footnotes":""},"categories":[22],"tags":[],"class_list":["post-161905","post","type-post","status-publish","format-standard","hentry","category-politica"],"_links":{"self":[{"href":"https:\/\/diariodominicano.com\/index.php?rest_route=\/wp\/v2\/posts\/161905","targetHints":{"allow":["GET"]}}],"collection":[{"href":"https:\/\/diariodominicano.com\/index.php?rest_route=\/wp\/v2\/posts"}],"about":[{"href":"https:\/\/diariodominicano.com\/index.php?rest_route=\/wp\/v2\/types\/post"}],"author":[{"embeddable":true,"href":"https:\/\/diariodominicano.com\/index.php?rest_route=\/wp\/v2\/users\/3"}],"replies":[{"embeddable":true,"href":"https:\/\/diariodominicano.com\/index.php?rest_route=%2Fwp%2Fv2%2Fcomments&post=161905"}],"version-history":[{"count":0,"href":"https:\/\/diariodominicano.com\/index.php?rest_route=\/wp\/v2\/posts\/161905\/revisions"}],"wp:attachment":[{"href":"https:\/\/diariodominicano.com\/index.php?rest_route=%2Fwp%2Fv2%2Fmedia&parent=161905"}],"wp:term":[{"taxonomy":"category","embeddable":true,"href":"https:\/\/diariodominicano.com\/index.php?rest_route=%2Fwp%2Fv2%2Fcategories&post=161905"},{"taxonomy":"post_tag","embeddable":true,"href":"https:\/\/diariodominicano.com\/index.php?rest_route=%2Fwp%2Fv2%2Ftags&post=161905"}],"curies":[{"name":"wp","href":"https:\/\/api.w.org\/{rel}","templated":true}]}}