{"id":161904,"date":"2014-10-09T18:51:39","date_gmt":"2014-10-09T18:51:39","guid":{"rendered":"http:\/\/diariodominicano.ddns.net\/?p=161904"},"modified":"2014-10-09T18:51:39","modified_gmt":"2014-10-09T18:51:39","slug":"dirigentes-estudiantiles-llaman-mayor-presupuesto-para-la-uasd","status":"publish","type":"post","link":"https:\/\/diariodominicano.com\/?p=161904","title":{"rendered":"&#13;Dirigentes estudiantiles llaman mayor presupuesto para la UASD"},"content":{"rendered":"<p><body><\/p>\n<p><img decoding=\"async\" src=\"http:\/\/localhost:8080\/img3\/rafelito.jpg\" \/>  <\/p>\n<\/p>\n<p><span class=\"text1noticias\">Santo Domingo, RD, 9 de octubre.- Dirigentes de la Vanguardia Estudiantil Dominicana ?VED- movimiento estudiantil ap\u00e9ndice del Partido de la Liberaci\u00f3n Dominicana ?PLD- reclamaron del Presidente de la Rep\u00fablica y del Congreso Nacional un mayor apoyo para la Universidad Aut\u00f3noma de Santo Domingo ?UASD- a trav\u00e9s de un justo presupuesto para el a\u00f1o 2015.<\/span><\/p>\n<\/p>\n<p><span class=\"text1noticias\">Rafelito Valenzuela, dirigente de la VED y aspirante a la Secretar\u00eda General de la Federaci\u00f3n de Estudiantes Dominicanos, sostuvo que la funci\u00f3n social que define la Academia y tomando en cuenta que el gobierno ha priorizado el gasto social en el presupuesto planteado para el a\u00f1o 2015, la UASD debe recibir el apoyo necesario para continuar apoyando el proceso de movilidad social que se produce en la Rep\u00fablica Dominicana, como el centro de educaci\u00f3n superior m\u00e1s importante de nuestra Patria.<\/span><\/p>\n<\/p>\n<p><span class=\"text1noticias\">Nosotros hacemos un llamado a la conciencia al presidente de la Rep\u00fablica, Lic. Danilo Medina, y al Congreso Nacional, a reconsiderar la partida presupuestaria  asignada a la UASD para el a\u00f1o 2015, ya que las necesidades de la academia deben resolverse para poder seguir acogiendo en su seno a los hijos m\u00e1s pobres de la Patria, que tambi\u00e9n merecen oportunidades, como lo ha manifestado el Presidente.<\/span><\/p>\n<\/p>\n<p><span class=\"text1noticias\">Albergamos la esperanza de que el congreso escuche nuestros clamores y asigne un mayor presupuesto a la Academia, ya que las condiciones en las que opera son deficientes. Necesitamos mejores aulas, necesitamos laboratorios, mejorar las  condiciones de algunas infraestructuras, invertir en investigaci\u00f3n, preparar mejor el personal docente.<\/span><\/p>\n<\/p>\n<p><span class=\"text1noticias\">Para continuar la movilidad social que ha logrado que miles de dominicanos sean profesionales, es necesario invertir m\u00e1s  en la UASD, expres\u00f3 Rafelito Valenzuela, estudiante de Arquitectura, quien estuvo acompa\u00f1ado por estudiantes miembros y simpatizantes de la Vanguardia Estudiantil Dominicana.<\/span><\/p>\n<h6> 2014-10-09 18:51:39 <\/h6>\n<p><!--\n<link rel=\"stylesheet\" href=\"css\/bootstrap.min.css\">\n\n\n<ul class=\"pagination\">\n\t    \n\t\n\n<li >\n\t<a href='?page_no=14362'>Previous<\/a>\n\t<\/li>\n\n\n       \n    \n\n<li><a href='?page_no=1'>1<\/a><\/li>\n\n\n\n<li><a href='?page_no=2'>2<\/a><\/li>\n\n\n\n<li><a>...<\/a><\/li>\n\n\n\n<li><a href='?page_no=14361'>14361<\/a><\/li>\n\n\n\n<li><a href='?page_no=14362'>14362<\/a><\/li>\n\n\n\n<li class='active'><a>14363<\/a><\/li>\n\n\n\n<li><a href='?page_no=14364'>14364<\/a><\/li>\n\n\n\n<li><a href='?page_no=14365'>14365<\/a><\/li>\n\n\n\n<li><a>...<\/a><\/li>\n\n\n\n<li><a href='?page_no=36999'>36999<\/a><\/li>\n\n\n\n<li><a href='?page_no=37000'>37000<\/a><\/li>\n\n    \n\t\n\n<li >\n\t<a href='?page_no=14364'>Next<\/a>\n\t<\/li>\n\n\n    \n\n<li><a href='?page_no=37000'>Last &rsaquo;&rsaquo;<\/a><\/li>\n\n<\/ul>\n\n\n--><br \/>\n<\/body><\/p>\n","protected":false},"excerpt":{"rendered":"<p>Santo Domingo, RD, 9 de octubre.- Dirigentes de la Vanguardia Estudiantil Dominicana ?VED- movimiento estudiantil ap\u00e9ndice del Partido de la Liberaci\u00f3n Dominicana ?PLD- reclamaron del Presidente de la Rep\u00fablica y del Congreso Nacional un mayor apoyo para la Universidad Aut\u00f3noma de Santo Domingo ?UASD- a trav\u00e9s de un justo presupuesto para el a\u00f1o 2015. Rafelito [&hellip;]<\/p>\n","protected":false},"author":3,"featured_media":0,"comment_status":"open","ping_status":"open","sticky":false,"template":"","format":"standard","meta":{"footnotes":""},"categories":[22],"tags":[],"class_list":["post-161904","post","type-post","status-publish","format-standard","hentry","category-politica"],"_links":{"self":[{"href":"https:\/\/diariodominicano.com\/index.php?rest_route=\/wp\/v2\/posts\/161904","targetHints":{"allow":["GET"]}}],"collection":[{"href":"https:\/\/diariodominicano.com\/index.php?rest_route=\/wp\/v2\/posts"}],"about":[{"href":"https:\/\/diariodominicano.com\/index.php?rest_route=\/wp\/v2\/types\/post"}],"author":[{"embeddable":true,"href":"https:\/\/diariodominicano.com\/index.php?rest_route=\/wp\/v2\/users\/3"}],"replies":[{"embeddable":true,"href":"https:\/\/diariodominicano.com\/index.php?rest_route=%2Fwp%2Fv2%2Fcomments&post=161904"}],"version-history":[{"count":0,"href":"https:\/\/diariodominicano.com\/index.php?rest_route=\/wp\/v2\/posts\/161904\/revisions"}],"wp:attachment":[{"href":"https:\/\/diariodominicano.com\/index.php?rest_route=%2Fwp%2Fv2%2Fmedia&parent=161904"}],"wp:term":[{"taxonomy":"category","embeddable":true,"href":"https:\/\/diariodominicano.com\/index.php?rest_route=%2Fwp%2Fv2%2Fcategories&post=161904"},{"taxonomy":"post_tag","embeddable":true,"href":"https:\/\/diariodominicano.com\/index.php?rest_route=%2Fwp%2Fv2%2Ftags&post=161904"}],"curies":[{"name":"wp","href":"https:\/\/api.w.org\/{rel}","templated":true}]}}