{"id":161903,"date":"2014-10-09T18:59:03","date_gmt":"2014-10-09T18:59:03","guid":{"rendered":"http:\/\/diariodominicano.ddns.net\/?p=161903"},"modified":"2014-10-09T18:59:03","modified_gmt":"2014-10-09T18:59:03","slug":"frank-cortorreal-embajador-en-onu-afirma-discurso-en-asamblea-general-del-pdte-danilo-medina-fue-valorado","status":"publish","type":"post","link":"https:\/\/diariodominicano.com\/?p=161903","title":{"rendered":"&#13;Frank Cortorreal, Embajador en ONU,,  afirma discurso en Asamblea General del Pdte. Danilo Medina fue valorado"},"content":{"rendered":"<p><body><\/p>\n<p><img decoding=\"async\" src=\"http:\/\/localhost:8080\/img3\/cortorreal.jpg\" \/>  <\/p>\n<\/p>\n<\/p>\n<\/p>\n<p><span class=\"text1noticias\"> <\/span><\/p>\n<p><span class=\"text1noticias\">Santo Domingo, RD, 9 de octubre.- La visita del Secretario General de las Naciones Unidas, Ban Ki-moon a Rep\u00fablica Dominicana, adem\u00e1s de intercambio amistoso, es un reconocimiento al trabajo que realiza el Presidente Danilo Medina.<\/span><\/p>\n<p><span class=\"text1noticias\"> <\/span><\/p>\n<p><span class=\"text1noticias\">La afirmaci\u00f3n del Embajador Representante Permanente de la Rep\u00fablica Dominicana ante las Naciones Unidas, Francisco A. Cortorreal, en entrevista concedida a Am\u00edn Cruz, de la Secretar\u00eda de Comunicaciones del Partido de la Liberaci\u00f3n Dominicana en Nueva York.<\/span><\/p>\n<p><span class=\"text1noticias\"> <\/span><\/p>\n<p><span class=\"text1noticias\">\u00abComo testigo que fui de esa visita, puedo decir que el Secretario General Ban Ki-moon se qued\u00f3 muy impresionado de los avances y logros que ha tenido la Rep\u00fablica Dominicana. En mi opini\u00f3n, esta visita fue un espaldarazo al gobierno del presidente Medina.\u00bb respondi\u00f3 el embajador ante Las Naciones Unidas.<\/span><\/p>\n<p><span class=\"text1noticias\"> <\/span><\/p>\n<p><span class=\"text1noticias\">Apunta el diplom\u00e1tico que las \u00e1reas de lucha contra la pobreza extrema, en la educaci\u00f3n para todos, y en el combate contra los efectos del calentamiento global, que lleva a cabo el gobierno dominicano, son tambi\u00e9n parte integrante de lo que es la agenda de Naciones Unidas.<\/span><\/p>\n<p><span class=\"text1noticias\"> <\/span><\/p>\n<p><span class=\"text1noticias\">\u00abPara m\u00ed, y para el excelente equipo de profesionales que trabaja en la Misi\u00f3n, de lo que se ha tratado es de situar lo que se hace en nuestro pa\u00eds, en un contexto m\u00e1s universal, que es el de la ONU\u00bb coment\u00f3 Cortorreal.<\/span><\/p>\n<p><span class=\"text1noticias\"> <\/span><\/p>\n<p><span class=\"text1noticias\">Inform\u00f3 que de la visita del Secretario General de la ONU a Rep\u00fablica Dominicana surgieron las invitaciones al Presidente Danilo Medina, para que se integrara a una iniciativa del Secretario General llamada<\/span><\/p>\n<p><span class=\"text1noticias\"> <\/span><\/p>\n<p><span class=\"text1noticias\">\u00abCampeones de la Educaci\u00f3n\u00bb, siendo nuestro pa\u00eds parte de la docena de naciones que componen ese exclusivo grupo, tambi\u00e9n la invitaci\u00f3n a la Conferencia Internacional sobre Poblaci\u00f3n y Desarrollo.<\/span><\/p>\n<p><span class=\"text1noticias\"> <\/span><\/p>\n<p><span class=\"text1noticias\">El Embajador Representante Permanente de la Rep\u00fablica Dominicana ante las Naciones Unidas, Francisco A. Cortorreal, inform\u00f3 que la exposici\u00f3n del jefe de Estado dominicano en la Asamblea General fue altamente valorada por misiones y jefes de Estado y de gobierno asistentes.<\/span><\/p>\n<p><span class=\"text1noticias\"> <\/span><\/p>\n<p><span class=\"text1noticias\">Cortorreal, quien es tambi\u00e9n el presidente del Comit\u00e9 Estatal del Partido de la Liberaci\u00f3n Dominicana en New York, tom\u00f3 posesi\u00f3n de su cargo en marzo de este a\u00f1o. Ha sido parte de sus objetivos en la ONU, contribuir a proyectar en el seno de la organizaci\u00f3n internacional a Republica Dominicana y su gobierno<\/span><\/p>\n<\/p>\n<h6> 2014-10-09 18:59:03 <\/h6>\n<p><!--\n<link rel=\"stylesheet\" href=\"css\/bootstrap.min.css\">\n\n\n<ul class=\"pagination\">\n\t    \n\t\n\n<li >\n\t<a href='?page_no=14361'>Previous<\/a>\n\t<\/li>\n\n\n       \n    \n\n<li><a href='?page_no=1'>1<\/a><\/li>\n\n\n\n<li><a href='?page_no=2'>2<\/a><\/li>\n\n\n\n<li><a>...<\/a><\/li>\n\n\n\n<li><a href='?page_no=14360'>14360<\/a><\/li>\n\n\n\n<li><a href='?page_no=14361'>14361<\/a><\/li>\n\n\n\n<li class='active'><a>14362<\/a><\/li>\n\n\n\n<li><a href='?page_no=14363'>14363<\/a><\/li>\n\n\n\n<li><a href='?page_no=14364'>14364<\/a><\/li>\n\n\n\n<li><a>...<\/a><\/li>\n\n\n\n<li><a href='?page_no=36999'>36999<\/a><\/li>\n\n\n\n<li><a href='?page_no=37000'>37000<\/a><\/li>\n\n    \n\t\n\n<li >\n\t<a href='?page_no=14363'>Next<\/a>\n\t<\/li>\n\n\n    \n\n<li><a href='?page_no=37000'>Last &rsaquo;&rsaquo;<\/a><\/li>\n\n<\/ul>\n\n\n--><br \/>\n<\/body><\/p>\n","protected":false},"excerpt":{"rendered":"<p>Santo Domingo, RD, 9 de octubre.- La visita del Secretario General de las Naciones Unidas, Ban Ki-moon a Rep\u00fablica Dominicana, adem\u00e1s de intercambio amistoso, es un reconocimiento al trabajo que realiza el Presidente Danilo Medina. La afirmaci\u00f3n del Embajador Representante Permanente de la Rep\u00fablica Dominicana ante las Naciones Unidas, Francisco A. Cortorreal, en entrevista concedida [&hellip;]<\/p>\n","protected":false},"author":3,"featured_media":0,"comment_status":"open","ping_status":"open","sticky":false,"template":"","format":"standard","meta":{"footnotes":""},"categories":[22],"tags":[],"class_list":["post-161903","post","type-post","status-publish","format-standard","hentry","category-politica"],"_links":{"self":[{"href":"https:\/\/diariodominicano.com\/index.php?rest_route=\/wp\/v2\/posts\/161903","targetHints":{"allow":["GET"]}}],"collection":[{"href":"https:\/\/diariodominicano.com\/index.php?rest_route=\/wp\/v2\/posts"}],"about":[{"href":"https:\/\/diariodominicano.com\/index.php?rest_route=\/wp\/v2\/types\/post"}],"author":[{"embeddable":true,"href":"https:\/\/diariodominicano.com\/index.php?rest_route=\/wp\/v2\/users\/3"}],"replies":[{"embeddable":true,"href":"https:\/\/diariodominicano.com\/index.php?rest_route=%2Fwp%2Fv2%2Fcomments&post=161903"}],"version-history":[{"count":0,"href":"https:\/\/diariodominicano.com\/index.php?rest_route=\/wp\/v2\/posts\/161903\/revisions"}],"wp:attachment":[{"href":"https:\/\/diariodominicano.com\/index.php?rest_route=%2Fwp%2Fv2%2Fmedia&parent=161903"}],"wp:term":[{"taxonomy":"category","embeddable":true,"href":"https:\/\/diariodominicano.com\/index.php?rest_route=%2Fwp%2Fv2%2Fcategories&post=161903"},{"taxonomy":"post_tag","embeddable":true,"href":"https:\/\/diariodominicano.com\/index.php?rest_route=%2Fwp%2Fv2%2Ftags&post=161903"}],"curies":[{"name":"wp","href":"https:\/\/api.w.org\/{rel}","templated":true}]}}