{"id":161902,"date":"2014-10-09T19:10:15","date_gmt":"2014-10-09T19:10:15","guid":{"rendered":"http:\/\/diariodominicano.ddns.net\/?p=161902"},"modified":"2014-10-09T19:10:15","modified_gmt":"2014-10-09T19:10:15","slug":"red-de-jovenes-reformistas-sembraron-mil-500-arboles-en-comunidad-yamasa","status":"publish","type":"post","link":"https:\/\/diariodominicano.com\/?p=161902","title":{"rendered":"&#13;&#13;&#13;Red de j\u00f3venes reformistas sembraron  mil 500 \u00e1rboles en comunidad Yamas\u00e1"},"content":{"rendered":"<p><body><\/p>\n<p><img decoding=\"async\" src=\"img3\/reformistas.jpg\" \/><br \/><img decoding=\"async\" src=\"img3\/reformistas2.jpg\" \/>  <\/p>\n<\/p>\n<p><span class=\"text1noticias\"> <\/span><\/p>\n<p><span class=\"text1noticias\"> <\/span><\/p>\n<p><span class=\"text1noticias\">Santo Domingo, RD, 9 de octubre.- M\u00e1s de mil quinientos \u00e1rboles fueron sembrados en el municipio de  Yamas\u00e1 por decenas de j\u00f3venes organizados en el movimiento Red Reformista, ap\u00e9ndice del Partido Reformista Social Cristiano (PRSC).<\/span><\/p>\n<p><span class=\"text1noticias\"> <\/span><\/p>\n<p><span class=\"text1noticias\">La jornada de siembra de plantas de diferentes tipos se llev\u00f3  cabo en varias comunidades rurales del referido municipio.<\/span><\/p>\n<p><span class=\"text1noticias\"> <\/span><\/p>\n<p><span class=\"text1noticias\">La coordinada de la Red Reformista, Nahomi S\u00e1nchez, dijo que la siembra de \u00e1rboles tiene que ver con la preocupaci\u00f3n de la juventud con la deforestaci\u00f3n que afecta a la Rep\u00fablica Dominicana.<\/span><\/p>\n<p><span class=\"text1noticias\"> <\/span><\/p>\n<p><span class=\"text1noticias\">Se\u00f1al\u00f3 que esta es la primera de una serie de jornadas que se llevar\u00e1n a cabo en diferentes puntos del pa\u00eds, de plantar \u00e1rboles en zonas afectadas con la deforestaci\u00f3n.<\/span><\/p>\n<p><span class=\"text1noticias\"> <\/span><\/p>\n<p><span class=\"text1noticias\">La dirigente juvenil reformista critic\u00f3 la tala indiscriminada e irresponsable de \u00e1rboles en diferentes puntos del pa\u00eds, lo que dijo est\u00e1 dejando zonas completas sin bosques lo que llama a preocupaci\u00f3n.<\/span><\/p>\n<p><span class=\"text1noticias\"> <\/span><\/p>\n<p><span class=\"text1noticias\">\u00abLos j\u00f3venes organizados en la Red Reformista estamos sembrando cambio porque la patria se vive\u00bb, agreg\u00f3.<\/span><\/p>\n<p><span class=\"text1noticias\"> <\/span><\/p>\n<p><span class=\"text1noticias\">Dijo que con la siembra de \u00e1rboles buscan recuperar esa zona de la deforestaci\u00f3n.<\/span><\/p>\n<p><span class=\"text1noticias\"> <\/span><\/p>\n<p><span class=\"text1noticias\">Afirm\u00f3 que los j\u00f3venes reformistas tienen un compromiso con la protecci\u00f3n y conservaci\u00f3n del medio ambiente.<\/span><\/p>\n<p><span class=\"text1noticias\"> <\/span><\/p>\n<p><span class=\"text1noticias\">Entre los j\u00f3venes que participaron en la jornada de siembra de \u00e1rboles figuran, adem\u00e1s de Nahomi S\u00e1nchez, Ra\u00fal ?Chucho- Negr\u00f3n, G\u00e9nesis Guzm\u00e1n, Ana Germ\u00e1n, Indhira P\u00e9rez, Yokasta Furcal, Danilo Ginebra hijo, Enmanuel L\u00f3pez, Yiranis S\u00e1nchez, Carlos Batista y Eduardo M\u00e9ndez, entre otros.<\/span><\/p>\n<h6> 2014-10-09 19:10:15 <\/h6>\n<p><!--\n<link rel=\"stylesheet\" href=\"css\/bootstrap.min.css\">\n\n\n<ul class=\"pagination\">\n\t    \n\t\n\n<li >\n\t<a href='?page_no=14360'>Previous<\/a>\n\t<\/li>\n\n\n       \n    \n\n<li><a href='?page_no=1'>1<\/a><\/li>\n\n\n\n<li><a href='?page_no=2'>2<\/a><\/li>\n\n\n\n<li><a>...<\/a><\/li>\n\n\n\n<li><a href='?page_no=14359'>14359<\/a><\/li>\n\n\n\n<li><a href='?page_no=14360'>14360<\/a><\/li>\n\n\n\n<li class='active'><a>14361<\/a><\/li>\n\n\n\n<li><a href='?page_no=14362'>14362<\/a><\/li>\n\n\n\n<li><a href='?page_no=14363'>14363<\/a><\/li>\n\n\n\n<li><a>...<\/a><\/li>\n\n\n\n<li><a href='?page_no=36999'>36999<\/a><\/li>\n\n\n\n<li><a href='?page_no=37000'>37000<\/a><\/li>\n\n    \n\t\n\n<li >\n\t<a href='?page_no=14362'>Next<\/a>\n\t<\/li>\n\n\n    \n\n<li><a href='?page_no=37000'>Last &rsaquo;&rsaquo;<\/a><\/li>\n\n<\/ul>\n\n\n--><br \/>\n<\/body><\/p>\n","protected":false},"excerpt":{"rendered":"<p>Santo Domingo, RD, 9 de octubre.- M\u00e1s de mil quinientos \u00e1rboles fueron sembrados en el municipio de Yamas\u00e1 por decenas de j\u00f3venes organizados en el movimiento Red Reformista, ap\u00e9ndice del Partido Reformista Social Cristiano (PRSC). La jornada de siembra de plantas de diferentes tipos se llev\u00f3 cabo en varias comunidades rurales del referido municipio. La [&hellip;]<\/p>\n","protected":false},"author":3,"featured_media":0,"comment_status":"open","ping_status":"open","sticky":false,"template":"","format":"standard","meta":{"footnotes":""},"categories":[22],"tags":[],"class_list":["post-161902","post","type-post","status-publish","format-standard","hentry","category-politica"],"_links":{"self":[{"href":"https:\/\/diariodominicano.com\/index.php?rest_route=\/wp\/v2\/posts\/161902","targetHints":{"allow":["GET"]}}],"collection":[{"href":"https:\/\/diariodominicano.com\/index.php?rest_route=\/wp\/v2\/posts"}],"about":[{"href":"https:\/\/diariodominicano.com\/index.php?rest_route=\/wp\/v2\/types\/post"}],"author":[{"embeddable":true,"href":"https:\/\/diariodominicano.com\/index.php?rest_route=\/wp\/v2\/users\/3"}],"replies":[{"embeddable":true,"href":"https:\/\/diariodominicano.com\/index.php?rest_route=%2Fwp%2Fv2%2Fcomments&post=161902"}],"version-history":[{"count":0,"href":"https:\/\/diariodominicano.com\/index.php?rest_route=\/wp\/v2\/posts\/161902\/revisions"}],"wp:attachment":[{"href":"https:\/\/diariodominicano.com\/index.php?rest_route=%2Fwp%2Fv2%2Fmedia&parent=161902"}],"wp:term":[{"taxonomy":"category","embeddable":true,"href":"https:\/\/diariodominicano.com\/index.php?rest_route=%2Fwp%2Fv2%2Fcategories&post=161902"},{"taxonomy":"post_tag","embeddable":true,"href":"https:\/\/diariodominicano.com\/index.php?rest_route=%2Fwp%2Fv2%2Ftags&post=161902"}],"curies":[{"name":"wp","href":"https:\/\/api.w.org\/{rel}","templated":true}]}}