{"id":161901,"date":"2014-10-09T20:19:03","date_gmt":"2014-10-09T20:19:03","guid":{"rendered":"http:\/\/diariodominicano.ddns.net\/?p=161901"},"modified":"2014-10-09T20:19:03","modified_gmt":"2014-10-09T20:19:03","slug":"vicepresidenta-encuestas-confirman-que-el-pld-representa-las-aspiraciones-del-pueblo","status":"publish","type":"post","link":"https:\/\/diariodominicano.com\/?p=161901","title":{"rendered":"Vicepresidenta: \u00abEncuestas confirman que el PLD representa las aspiraciones del pueblo\u00bb"},"content":{"rendered":"<p><body><\/p>\n<p><img decoding=\"async\" src=\"img3\/MCdFdez.jpg\" \/>  <\/p>\n<p><span class=\"text1noticias\"> <\/span><\/p>\n<p><span class=\"text1noticias\">Santo Domingo, RD, 9 de Octubre.-Margarita Cede\u00f1o de Fern\u00e1ndez, vicepresidenta de la Rep\u00fablica y miembro del Comit\u00e9 Pol\u00edtico del Partido de la Liberaci\u00f3n Dominicana (PLD), reaccion\u00f3 este dia a las encuestas publicadas, apuntando que indican que los dominicanos quieren que el PLD siga gobernando y conduciendo los destinos del pa\u00eds.<\/span><\/p>\n<\/p>\n<p><span class=\"text1noticias\"> \u00abLas encuestas confirman que el PLD representa las aspiraciones del pueblo, y nosotros debemos hacer todo lo que est\u00e9 a nuestro alcance, para no defraudar a los conciudadanos que han puesto sus esperanzas, sus sue\u00f1os y el futuro de sus hijos en nuestras manos, expres\u00f3, Cede\u00f1o de Fern\u00e1ndez en un despacho de la Secretar\u00eda de Comunicaciones del PLD<\/span><\/p>\n<\/p>\n<p><span class=\"text1noticias\">Asegur\u00f3 que el PLD seguir\u00e1 dirigiendo los destinos de nuestro pa\u00eds m\u00e1s all\u00e1 del 2016, y que lo har\u00e1 como hasta ahora lo ha hecho, ejecutando pol\u00edticas p\u00fablicas desde una nueva perspectiva, enfocadas en el bienestar de la gente.<\/span><\/p>\n<p><span class=\"text1noticias\"> <\/span><\/p>\n<p><span class=\"text1noticias\">Precisando sobre los porcentajes en las valoraciones a los partidos politicos y a la gesti\u00f3n de gobierno del Presidente Danilo Medina, la vicemandataria dijo, que el hecho de que el 71 por ciento de los dominicanos prefieran al Partido de la Liberaci\u00f3n Dominicana para que siga gobernando, que el 58 por ciento crea que las cosas van por buen camino y que el 56.4 por ciento sienta que las cosas han mejorado, se debe a que el PLD ha sabido interpretar las aspiraciones de su pueblo y a la excelente gesti\u00f3n de gobierno que siempre hemos llevado a cabo la organizaci\u00f3n, para la gloria de nuestro guia y fundador del PLD, Profesor Juan Bosch.   <\/span><\/p>\n<p><span class=\"text1noticias\"> <\/span><\/p>\n<p><span class=\"text1noticias\">Esta semana la encuestadora Asisa Reaserch Group public\u00f3 la investigaci\u00f3n del mercado electoral en la  que entre otros puntos resalta que el 78.5 por ciento de la poblacion considera que el Partido de la Liberaci\u00f3n Dominicana es quien tiene mayores posibilidades de ganar las pr\u00f3ximas elecciones, programadas para el mes de mayo del a\u00f1o 2016 y que de realizarse ahora, las elecciones presidenciales el PLD alcanzar\u00eda un 75.4 por ciento, contra 13.2 % votar\u00eda por el PRD, 8 % por el PRM y 0.9 por el PRSC.(HG)<\/span>. <\/p>\n<\/p>\n<h6> 2014-10-09 20:19:03 <\/h6>\n<p><!--\n<link rel=\"stylesheet\" href=\"css\/bootstrap.min.css\">\n\n\n<ul class=\"pagination\">\n\t    \n\t\n\n<li >\n\t<a href='?page_no=14359'>Previous<\/a>\n\t<\/li>\n\n\n       \n    \n\n<li><a href='?page_no=1'>1<\/a><\/li>\n\n\n\n<li><a href='?page_no=2'>2<\/a><\/li>\n\n\n\n<li><a>...<\/a><\/li>\n\n\n\n<li><a href='?page_no=14358'>14358<\/a><\/li>\n\n\n\n<li><a href='?page_no=14359'>14359<\/a><\/li>\n\n\n\n<li class='active'><a>14360<\/a><\/li>\n\n\n\n<li><a href='?page_no=14361'>14361<\/a><\/li>\n\n\n\n<li><a href='?page_no=14362'>14362<\/a><\/li>\n\n\n\n<li><a>...<\/a><\/li>\n\n\n\n<li><a href='?page_no=36999'>36999<\/a><\/li>\n\n\n\n<li><a href='?page_no=37000'>37000<\/a><\/li>\n\n    \n\t\n\n<li >\n\t<a href='?page_no=14361'>Next<\/a>\n\t<\/li>\n\n\n    \n\n<li><a href='?page_no=37000'>Last &rsaquo;&rsaquo;<\/a><\/li>\n\n<\/ul>\n\n\n--><br \/>\n<\/body><\/p>\n","protected":false},"excerpt":{"rendered":"<p>Santo Domingo, RD, 9 de Octubre.-Margarita Cede\u00f1o de Fern\u00e1ndez, vicepresidenta de la Rep\u00fablica y miembro del Comit\u00e9 Pol\u00edtico del Partido de la Liberaci\u00f3n Dominicana (PLD), reaccion\u00f3 este dia a las encuestas publicadas, apuntando que indican que los dominicanos quieren que el PLD siga gobernando y conduciendo los destinos del pa\u00eds. \u00abLas encuestas confirman que el [&hellip;]<\/p>\n","protected":false},"author":3,"featured_media":0,"comment_status":"open","ping_status":"open","sticky":false,"template":"","format":"standard","meta":{"footnotes":""},"categories":[22],"tags":[],"class_list":["post-161901","post","type-post","status-publish","format-standard","hentry","category-politica"],"_links":{"self":[{"href":"https:\/\/diariodominicano.com\/index.php?rest_route=\/wp\/v2\/posts\/161901","targetHints":{"allow":["GET"]}}],"collection":[{"href":"https:\/\/diariodominicano.com\/index.php?rest_route=\/wp\/v2\/posts"}],"about":[{"href":"https:\/\/diariodominicano.com\/index.php?rest_route=\/wp\/v2\/types\/post"}],"author":[{"embeddable":true,"href":"https:\/\/diariodominicano.com\/index.php?rest_route=\/wp\/v2\/users\/3"}],"replies":[{"embeddable":true,"href":"https:\/\/diariodominicano.com\/index.php?rest_route=%2Fwp%2Fv2%2Fcomments&post=161901"}],"version-history":[{"count":0,"href":"https:\/\/diariodominicano.com\/index.php?rest_route=\/wp\/v2\/posts\/161901\/revisions"}],"wp:attachment":[{"href":"https:\/\/diariodominicano.com\/index.php?rest_route=%2Fwp%2Fv2%2Fmedia&parent=161901"}],"wp:term":[{"taxonomy":"category","embeddable":true,"href":"https:\/\/diariodominicano.com\/index.php?rest_route=%2Fwp%2Fv2%2Fcategories&post=161901"},{"taxonomy":"post_tag","embeddable":true,"href":"https:\/\/diariodominicano.com\/index.php?rest_route=%2Fwp%2Fv2%2Ftags&post=161901"}],"curies":[{"name":"wp","href":"https:\/\/api.w.org\/{rel}","templated":true}]}}