{"id":161898,"date":"2014-10-10T14:47:10","date_gmt":"2014-10-10T14:47:10","guid":{"rendered":"http:\/\/diariodominicano.ddns.net\/?p=161898"},"modified":"2014-10-10T14:47:10","modified_gmt":"2014-10-10T14:47:10","slug":"victor-mateo-proclama-unidad-del-pld-no-esta-en-peligro","status":"publish","type":"post","link":"https:\/\/diariodominicano.com\/?p=161898","title":{"rendered":"V\u00edctor Mateo proclama \u00abunidad del PLD no est\u00e1 en peligro\u00bb"},"content":{"rendered":"<p><body><\/p>\n<p><img decoding=\"async\" src=\"img3\/mateo 10.jpg\" \/>  <\/p>\n<p>Barahona RD 10 octubre.- El dirigente del Partido de la Liberaci\u00f3n Dominicana (PLD), V\u00edctor Mateo V\u00e1squez, en esta consider\u00f3 que la unidad de la organizaci\u00f3n morada no est\u00e1 en juego, por que la disciplina siempre ha reinado a lo interno.<\/p>\n<\/p>\n<p>\u00abQue nadie apueste a que una fiesta democr\u00e1tica como la que se vive a lo interno del PLD, se pueda se convertir en una cat\u00e1strofe como auguran los contrario, pues el PLD se ejerce un liderazgo responsable ante la sociedad dominicana y no la defraudar\u00e1\u00bb, dijo  Mateo V\u00e1squez.<\/p>\n<\/p>\n<p>Estas declaraciones fueron emitidas por el dirigente pelede\u00edsta en el marco del debate en torno a los posicionamientos de figuras a lo interno del PLD, as\u00ed como el tema de la reelecci\u00f3n.<\/p>\n<\/p>\n<p>El dirigente pol\u00edtico asever\u00f3 \u00abque el PLD ha sabido actuar c\u00f3nsono a la realidad nacional y en ese sentido, el 2016 ser\u00e1 una nueva oportunidad para que el pa\u00eds pueda elegir entre el progreso, el avance y el desarrollo, por un lado; mientras que por el otro, la vuelta al poder del retroceso, la verg\u00fcenza y la calamidad que hace poco m\u00e1s de una d\u00e9cada vivi\u00f3 Rep\u00fablica Dominicana\u00bb.<\/p>\n<h6> 2014-10-10 14:47:10 <\/h6>\n<p><!--\n<link rel=\"stylesheet\" href=\"css\/bootstrap.min.css\">\n\n\n<ul class=\"pagination\">\n\t    \n\t\n\n<li >\n\t<a href='?page_no=14357'>Previous<\/a>\n\t<\/li>\n\n\n       \n    \n\n<li><a href='?page_no=1'>1<\/a><\/li>\n\n\n\n<li><a href='?page_no=2'>2<\/a><\/li>\n\n\n\n<li><a>...<\/a><\/li>\n\n\n\n<li><a href='?page_no=14356'>14356<\/a><\/li>\n\n\n\n<li><a href='?page_no=14357'>14357<\/a><\/li>\n\n\n\n<li class='active'><a>14358<\/a><\/li>\n\n\n\n<li><a href='?page_no=14359'>14359<\/a><\/li>\n\n\n\n<li><a href='?page_no=14360'>14360<\/a><\/li>\n\n\n\n<li><a>...<\/a><\/li>\n\n\n\n<li><a href='?page_no=36999'>36999<\/a><\/li>\n\n\n\n<li><a href='?page_no=37000'>37000<\/a><\/li>\n\n    \n\t\n\n<li >\n\t<a href='?page_no=14359'>Next<\/a>\n\t<\/li>\n\n\n    \n\n<li><a href='?page_no=37000'>Last &rsaquo;&rsaquo;<\/a><\/li>\n\n<\/ul>\n\n\n--><br \/>\n<\/body><\/p>\n","protected":false},"excerpt":{"rendered":"<p>Barahona RD 10 octubre.- El dirigente del Partido de la Liberaci\u00f3n Dominicana (PLD), V\u00edctor Mateo V\u00e1squez, en esta consider\u00f3 que la unidad de la organizaci\u00f3n morada no est\u00e1 en juego, por que la disciplina siempre ha reinado a lo interno. \u00abQue nadie apueste a que una fiesta democr\u00e1tica como la que se vive a lo [&hellip;]<\/p>\n","protected":false},"author":3,"featured_media":0,"comment_status":"open","ping_status":"open","sticky":false,"template":"","format":"standard","meta":{"footnotes":""},"categories":[22],"tags":[],"class_list":["post-161898","post","type-post","status-publish","format-standard","hentry","category-politica"],"_links":{"self":[{"href":"https:\/\/diariodominicano.com\/index.php?rest_route=\/wp\/v2\/posts\/161898","targetHints":{"allow":["GET"]}}],"collection":[{"href":"https:\/\/diariodominicano.com\/index.php?rest_route=\/wp\/v2\/posts"}],"about":[{"href":"https:\/\/diariodominicano.com\/index.php?rest_route=\/wp\/v2\/types\/post"}],"author":[{"embeddable":true,"href":"https:\/\/diariodominicano.com\/index.php?rest_route=\/wp\/v2\/users\/3"}],"replies":[{"embeddable":true,"href":"https:\/\/diariodominicano.com\/index.php?rest_route=%2Fwp%2Fv2%2Fcomments&post=161898"}],"version-history":[{"count":0,"href":"https:\/\/diariodominicano.com\/index.php?rest_route=\/wp\/v2\/posts\/161898\/revisions"}],"wp:attachment":[{"href":"https:\/\/diariodominicano.com\/index.php?rest_route=%2Fwp%2Fv2%2Fmedia&parent=161898"}],"wp:term":[{"taxonomy":"category","embeddable":true,"href":"https:\/\/diariodominicano.com\/index.php?rest_route=%2Fwp%2Fv2%2Fcategories&post=161898"},{"taxonomy":"post_tag","embeddable":true,"href":"https:\/\/diariodominicano.com\/index.php?rest_route=%2Fwp%2Fv2%2Ftags&post=161898"}],"curies":[{"name":"wp","href":"https:\/\/api.w.org\/{rel}","templated":true}]}}