{"id":161897,"date":"2014-10-10T17:59:20","date_gmt":"2014-10-10T17:59:20","guid":{"rendered":"http:\/\/diariodominicano.ddns.net\/?p=161897"},"modified":"2014-10-10T17:59:20","modified_gmt":"2014-10-10T17:59:20","slug":"diputada-del-pld-karen-ricardo-dice-presento-proyecto-de-ley-mi-primer-empleo-y-alburquerque-lo-cuestiona","status":"publish","type":"post","link":"https:\/\/diariodominicano.com\/?p=161897","title":{"rendered":"&#13;Diputada del PLD Karen Ricardo dice present\u00f3 proyecto de ley \u00b4\u00b4Mi Primer Empleo\u00b4\u00b4 y Alburquerque lo cuestiona"},"content":{"rendered":"<p><body><\/p>\n<p><img decoding=\"async\" src=\"img3\/karen2.jpg\" \/><br \/><img decoding=\"async\" src=\"img3\/karen1.jpg\" \/>  <\/p>\n<\/p>\n<p>Santo Domingo, RD, 10 de octubre.- La diputada del Partido de la Liberaci\u00f3n Dominicana (PLD) Karen Ricardo revel\u00f3 que present\u00f3 el proyecto Mi Primer Empleo ante el Congreso Nacional, para ayudar a los j\u00f3venes en el \u00e1mbito laboral y el entonces vicepresidente Rafael Alburquerque se opuso. <\/p>\n<\/p>\n<p>Ricardo indic\u00f3 que el ex vicepresidente Alburquerque justific\u00f3 su oposici\u00f3n al referido proyecto alegando que supuestamente el nombre se prestaba a confusi\u00f3n. <\/p>\n<\/p>\n<p>Al ser entrevistada por el periodista Salvador Holgu\u00edn en el programa \u00a8Hilando Fino\u00a8  que se transmite por Teleradio Am\u00e9rica canal 45 a las 8:00 AM, Karen Ricardo dijo que decidi\u00f3 cambiar el nombre del proyecto a Pasant\u00eda Juvenil, para evitar estos ruidos. <\/p>\n<\/p>\n<p>La diputada coment\u00f3 que el proyecto de ley tambi\u00e9n recibi\u00f3 el rechazo de los sindicatos, quienes expresaban que el mismo brindaba muchas libertades que van en contra de lo establecido en el C\u00f3digo Laboral.<\/p>\n<\/p>\n<p>La legisladora aclar\u00f3 que el mencionado proyecto consiste en insertar a los j\u00f3venes estudiantes y egresados universitarios en entidades p\u00fablicas o privadas, mediante pasant\u00edas pagadas que les permitan adquirir una primera experiencia laboral, para mejorar sus condiciones de empleabilidad en el \u00e1mbito profesional.<\/p>\n<\/p>\n<p><strong>Labor legislativa y social <\/strong><\/p>\n<\/p>\n<p>Al enfatizar en su labor legislativa, Karen Ricardo expres\u00f3 que trata de cumplirla adecuadamente, enfoc\u00e1ndose en las necesidades de la comunidad, especialmente en abrir puertas a j\u00f3venes y mujeres.<\/p>\n<\/p>\n<p>La diputada indic\u00f3 que dentro de la C\u00e1mara le ha tocado ejercer roles muy importantes, como presidir comisiones, especialmente la llamada Convenci\u00f3n de la Juventud.<\/p>\n<\/p>\n<p>Ricardo dijo que es una de los pocos legisladores que posee una fundaci\u00f3n real, donde puede ayudar a capacitaci\u00f3n de los j\u00f3venes a trav\u00e9s de cursos t\u00e9cnicos, al igual que aporta para hacer m\u00e1s f\u00e1cil la vida de los envejecerte de su demarcaci\u00f3n.<\/p>\n<\/p>\n<p>El programa \u00abHilando Fino\u00bb se transmite de lunes a viernes a las 8 am por Teleradio Am\u00e9rica canal 45 y para los Estados Unidos, Centro Am\u00e9rica y Europa por S\u00faper Canal Caribe, Cablevisi\u00f3n 211, Comcast 620, Time Warner Cable 809 y Verizon FiOS 1507 y por la Internet www.hilandofinotv.com, en youtube \/hilandofinotv.<\/p>\n<h6> 2014-10-10 17:59:20 <\/h6>\n<p><!--\n<link rel=\"stylesheet\" href=\"css\/bootstrap.min.css\">\n\n\n<ul class=\"pagination\">\n\t    \n\t\n\n<li >\n\t<a href='?page_no=14356'>Previous<\/a>\n\t<\/li>\n\n\n       \n    \n\n<li><a href='?page_no=1'>1<\/a><\/li>\n\n\n\n<li><a href='?page_no=2'>2<\/a><\/li>\n\n\n\n<li><a>...<\/a><\/li>\n\n\n\n<li><a href='?page_no=14355'>14355<\/a><\/li>\n\n\n\n<li><a href='?page_no=14356'>14356<\/a><\/li>\n\n\n\n<li class='active'><a>14357<\/a><\/li>\n\n\n\n<li><a href='?page_no=14358'>14358<\/a><\/li>\n\n\n\n<li><a href='?page_no=14359'>14359<\/a><\/li>\n\n\n\n<li><a>...<\/a><\/li>\n\n\n\n<li><a href='?page_no=36999'>36999<\/a><\/li>\n\n\n\n<li><a href='?page_no=37000'>37000<\/a><\/li>\n\n    \n\t\n\n<li >\n\t<a href='?page_no=14358'>Next<\/a>\n\t<\/li>\n\n\n    \n\n<li><a href='?page_no=37000'>Last &rsaquo;&rsaquo;<\/a><\/li>\n\n<\/ul>\n\n\n--><br \/>\n<\/body><\/p>\n","protected":false},"excerpt":{"rendered":"<p>Santo Domingo, RD, 10 de octubre.- La diputada del Partido de la Liberaci\u00f3n Dominicana (PLD) Karen Ricardo revel\u00f3 que present\u00f3 el proyecto Mi Primer Empleo ante el Congreso Nacional, para ayudar a los j\u00f3venes en el \u00e1mbito laboral y el entonces vicepresidente Rafael Alburquerque se opuso. Ricardo indic\u00f3 que el ex vicepresidente Alburquerque justific\u00f3 su [&hellip;]<\/p>\n","protected":false},"author":3,"featured_media":0,"comment_status":"open","ping_status":"open","sticky":false,"template":"","format":"standard","meta":{"footnotes":""},"categories":[22],"tags":[],"class_list":["post-161897","post","type-post","status-publish","format-standard","hentry","category-politica"],"_links":{"self":[{"href":"https:\/\/diariodominicano.com\/index.php?rest_route=\/wp\/v2\/posts\/161897","targetHints":{"allow":["GET"]}}],"collection":[{"href":"https:\/\/diariodominicano.com\/index.php?rest_route=\/wp\/v2\/posts"}],"about":[{"href":"https:\/\/diariodominicano.com\/index.php?rest_route=\/wp\/v2\/types\/post"}],"author":[{"embeddable":true,"href":"https:\/\/diariodominicano.com\/index.php?rest_route=\/wp\/v2\/users\/3"}],"replies":[{"embeddable":true,"href":"https:\/\/diariodominicano.com\/index.php?rest_route=%2Fwp%2Fv2%2Fcomments&post=161897"}],"version-history":[{"count":0,"href":"https:\/\/diariodominicano.com\/index.php?rest_route=\/wp\/v2\/posts\/161897\/revisions"}],"wp:attachment":[{"href":"https:\/\/diariodominicano.com\/index.php?rest_route=%2Fwp%2Fv2%2Fmedia&parent=161897"}],"wp:term":[{"taxonomy":"category","embeddable":true,"href":"https:\/\/diariodominicano.com\/index.php?rest_route=%2Fwp%2Fv2%2Fcategories&post=161897"},{"taxonomy":"post_tag","embeddable":true,"href":"https:\/\/diariodominicano.com\/index.php?rest_route=%2Fwp%2Fv2%2Ftags&post=161897"}],"curies":[{"name":"wp","href":"https:\/\/api.w.org\/{rel}","templated":true}]}}