{"id":161895,"date":"2014-10-10T18:31:07","date_gmt":"2014-10-10T18:31:07","guid":{"rendered":"http:\/\/diariodominicano.ddns.net\/?p=161895"},"modified":"2014-10-10T18:31:07","modified_gmt":"2014-10-10T18:31:07","slug":"fello-subervi-revela-comision-del-prd-le-pidio-mediar-entre-miguel-vargas-e-hipolito-mejia","status":"publish","type":"post","link":"https:\/\/diariodominicano.com\/?p=161895","title":{"rendered":"&#13;&#13;Fello Suberv\u00ed revela comisi\u00f3n del PRD le pidi\u00f3 mediar entre Miguel Vargas e Hip\u00f3lito Mej\u00eda."},"content":{"rendered":"<p><body><\/p>\n<p><img decoding=\"async\" src=\"http:\/\/localhost:8080\/img3\/Fello.jpg\" \/>  <\/p>\n<\/p>\n<\/p>\n<p><span class=\"text1noticias\">Santo Domingo, RD, 10 de octubre.- El pre candidato a la alcald\u00eda del Distrito Nacional por el Partido Revolucionario Moderno (PRM) Rafael Suberv\u00ed Bonilla (Fello), revel\u00f3 que una comisi\u00f3n del Partido Revolucionario Dominicano le pidi\u00f3 que fungiera como mediador entre Hip\u00f3lito Mej\u00eda y Miguel Vargas Maldonado.<\/span><\/p>\n<\/p>\n<p><span class=\"text1noticias\">Resalt\u00f3 que en su momento Vargas Maldonado catalog\u00f3 a Mej\u00eda como un capitulo cerrado y que ahora andan busc\u00e1ndolo porque no tienen votos para ganar  las diputaciones y las sindicaturas.<\/span><\/p>\n<\/p>\n<p><span class=\"text1noticias\">Fello, al ser entrevistado en el programa Pantalla Abierta que se transmite de lunes a viernes  de 6-9 AM por el canal 36, y conducido por  el doctor Rafael Franco, la Periodista Zonia Tejada y los ingenieros  Tom\u00e1s Hern\u00e1ndez y Johnny Marte, critic\u00f3 a la Federaci\u00f3n de S\u00edndicos  y a la llamada sociedad civil, que seg\u00fan \u00e9l esta vive luchando aparentemente  por la transparencia,  la democracia y que solo se ocupa de fiscalizar si hubo o no corrupci\u00f3n y no se ocupa de fortalecer las acciones  institucionales que van a fortalecer la democracia del pa\u00eds.<\/span><\/p>\n<\/p>\n<p><span class=\"text1noticias\">\u00abPor lo que tiene que preocuparse una federaci\u00f3n de alcalde es reclamar la devoluci\u00f3n de las facultades de estos que se han ido sustrayendo\u00bb, expres\u00f3. <\/span><\/p>\n<\/p>\n<p><span class=\"text1noticias\">El aspirante a s\u00edndico se refiri\u00f3  tambi\u00e9n a la gesti\u00f3n que realiza el alcalde Roberto Salcedo, considerando  que este pa\u00eds exige alegr\u00eda, eficiencia, amor, conducta \u00e9tica y destac\u00f3  que en el pa\u00eds nunca habr\u00e1 una verdadera lucha contra la corrupci\u00f3n  ni orden si no hay una polic\u00eda local.<\/span><\/p>\n<h6> 2014-10-10 18:31:07 <\/h6>\n<p><!--\n<link rel=\"stylesheet\" href=\"css\/bootstrap.min.css\">\n\n\n<ul class=\"pagination\">\n\t    \n\t\n\n<li >\n\t<a href='?page_no=14354'>Previous<\/a>\n\t<\/li>\n\n\n       \n    \n\n<li><a href='?page_no=1'>1<\/a><\/li>\n\n\n\n<li><a href='?page_no=2'>2<\/a><\/li>\n\n\n\n<li><a>...<\/a><\/li>\n\n\n\n<li><a href='?page_no=14353'>14353<\/a><\/li>\n\n\n\n<li><a href='?page_no=14354'>14354<\/a><\/li>\n\n\n\n<li class='active'><a>14355<\/a><\/li>\n\n\n\n<li><a href='?page_no=14356'>14356<\/a><\/li>\n\n\n\n<li><a href='?page_no=14357'>14357<\/a><\/li>\n\n\n\n<li><a>...<\/a><\/li>\n\n\n\n<li><a href='?page_no=36999'>36999<\/a><\/li>\n\n\n\n<li><a href='?page_no=37000'>37000<\/a><\/li>\n\n    \n\t\n\n<li >\n\t<a href='?page_no=14356'>Next<\/a>\n\t<\/li>\n\n\n    \n\n<li><a href='?page_no=37000'>Last &rsaquo;&rsaquo;<\/a><\/li>\n\n<\/ul>\n\n\n--><br \/>\n<\/body><\/p>\n","protected":false},"excerpt":{"rendered":"<p>Santo Domingo, RD, 10 de octubre.- El pre candidato a la alcald\u00eda del Distrito Nacional por el Partido Revolucionario Moderno (PRM) Rafael Suberv\u00ed Bonilla (Fello), revel\u00f3 que una comisi\u00f3n del Partido Revolucionario Dominicano le pidi\u00f3 que fungiera como mediador entre Hip\u00f3lito Mej\u00eda y Miguel Vargas Maldonado. Resalt\u00f3 que en su momento Vargas Maldonado catalog\u00f3 a [&hellip;]<\/p>\n","protected":false},"author":3,"featured_media":0,"comment_status":"open","ping_status":"open","sticky":false,"template":"","format":"standard","meta":{"footnotes":""},"categories":[22],"tags":[],"class_list":["post-161895","post","type-post","status-publish","format-standard","hentry","category-politica"],"_links":{"self":[{"href":"https:\/\/diariodominicano.com\/index.php?rest_route=\/wp\/v2\/posts\/161895","targetHints":{"allow":["GET"]}}],"collection":[{"href":"https:\/\/diariodominicano.com\/index.php?rest_route=\/wp\/v2\/posts"}],"about":[{"href":"https:\/\/diariodominicano.com\/index.php?rest_route=\/wp\/v2\/types\/post"}],"author":[{"embeddable":true,"href":"https:\/\/diariodominicano.com\/index.php?rest_route=\/wp\/v2\/users\/3"}],"replies":[{"embeddable":true,"href":"https:\/\/diariodominicano.com\/index.php?rest_route=%2Fwp%2Fv2%2Fcomments&post=161895"}],"version-history":[{"count":0,"href":"https:\/\/diariodominicano.com\/index.php?rest_route=\/wp\/v2\/posts\/161895\/revisions"}],"wp:attachment":[{"href":"https:\/\/diariodominicano.com\/index.php?rest_route=%2Fwp%2Fv2%2Fmedia&parent=161895"}],"wp:term":[{"taxonomy":"category","embeddable":true,"href":"https:\/\/diariodominicano.com\/index.php?rest_route=%2Fwp%2Fv2%2Fcategories&post=161895"},{"taxonomy":"post_tag","embeddable":true,"href":"https:\/\/diariodominicano.com\/index.php?rest_route=%2Fwp%2Fv2%2Ftags&post=161895"}],"curies":[{"name":"wp","href":"https:\/\/api.w.org\/{rel}","templated":true}]}}