{"id":161893,"date":"2014-10-10T19:57:26","date_gmt":"2014-10-10T19:57:26","guid":{"rendered":"http:\/\/diariodominicano.ddns.net\/?p=161893"},"modified":"2014-10-10T19:57:26","modified_gmt":"2014-10-10T19:57:26","slug":"francisco-javier-visitara-este-sabado-a-nigua-y-haina-y-el-domingo-estara-en-el-seybo","status":"publish","type":"post","link":"https:\/\/diariodominicano.com\/?p=161893","title":{"rendered":"&#13;&#13;Francisco Javier  visitar\u00e1 este s\u00e1bado a Nigua y Haina y  el domingo estar\u00e1 en el Seybo"},"content":{"rendered":"<p><body><\/p>\n<p><img decoding=\"async\" src=\"img3\/francisco.jpg\" \/>  <\/p>\n<\/p>\n<p><span class=\"text1noticias\">Santo Domingo,  RD,10 de octubre.-.-El aspirante presidencial Francisco Javier Garc\u00eda, del Partido de la Liberaci\u00f3n Dominicana (PLD), continuar\u00e1 este fin de semana  sus contactos y encuentros con los miembros y dirigentes del partido morado en procura de ampliar el respaldo que viene recibiendo para la candidatura presidencial del a\u00f1o 2016.<\/span><\/p>\n<\/p>\n<p><span class=\"text1noticias\">El s\u00e1bado, Francisco Javier tiene programado recorrer Nigua y Haina, en San Cristobal,en visitas a los cuadros dirigentes y simpatizantes de su proyecto pol\u00edtico. <\/span><\/p>\n<\/p>\n<p><span class=\"text1noticias\">Tambi\u00e9n se reunir\u00e1 con activistas comunitarios, campesinos,  j\u00f3venes, empresarios, comerciantes y profesionales de diferentes ramas.<\/span><\/p>\n<\/p>\n<p><span class=\"text1noticias\">Lo propio har\u00e1 cuando visite  la provincia de  El Seybo, el domingo, donde ser\u00e1 objeto de un multitudinario recibimiento de parte de las bases y dirigentes del partido oficial que trabajan a favor de sus aspiraciones presidenciales.<\/span><\/p>\n<\/p>\n<p><span class=\"text1noticias\">El estratega pol\u00edtico con record de cinco elecciones ganadas, dos presidenciales y tres congresuales y municipales, oferta reestructurar y transformar los barrios pobres de la Rep\u00fablica Dominicana llevando el bienestar y el real progreso a sus moradores.<\/span><\/p>\n<\/p>\n<p><span class=\"text1noticias\">Adem\u00e1s, ofrece desarrollar una pol\u00edtica para reducir el desempleo, sobre todo en la juventud, con medidas orientadas a crear nuevas fuentes de trabajo.<\/span><\/p>\n<\/p>\n<p><span class=\"text1noticias\">Tambi\u00e9n rescatar el movimiento club\u00edstico y deportivo; combatir la delincuencia y proseguir la pol\u00edtica de estimulo a la producci\u00f3n agr\u00edcola como lo hace actualmente el presidente Danilo Medina.<\/span><\/p>\n<\/p>\n<p><span class=\"text1noticias\">Asimismo, Francisco Javier se propone incentivar la inversi\u00f3n local y extranjera a fin de mantener el crecimiento y la estabilidad econ\u00f3mica. Javier es el aspirante presidencial con la menor tasa de rechazo entre la poblaci\u00f3n dominicana, de acuerdo a todas las encuestas y sondeos de opini\u00f3n<\/span><\/p>\n<\/p>\n<h6> 2014-10-10 19:57:26 <\/h6>\n<p><!--\n<link rel=\"stylesheet\" href=\"css\/bootstrap.min.css\">\n\n\n<ul class=\"pagination\">\n\t    \n\t\n\n<li >\n\t<a href='?page_no=14352'>Previous<\/a>\n\t<\/li>\n\n\n       \n    \n\n<li><a href='?page_no=1'>1<\/a><\/li>\n\n\n\n<li><a href='?page_no=2'>2<\/a><\/li>\n\n\n\n<li><a>...<\/a><\/li>\n\n\n\n<li><a href='?page_no=14351'>14351<\/a><\/li>\n\n\n\n<li><a href='?page_no=14352'>14352<\/a><\/li>\n\n\n\n<li class='active'><a>14353<\/a><\/li>\n\n\n\n<li><a href='?page_no=14354'>14354<\/a><\/li>\n\n\n\n<li><a href='?page_no=14355'>14355<\/a><\/li>\n\n\n\n<li><a>...<\/a><\/li>\n\n\n\n<li><a href='?page_no=36999'>36999<\/a><\/li>\n\n\n\n<li><a href='?page_no=37000'>37000<\/a><\/li>\n\n    \n\t\n\n<li >\n\t<a href='?page_no=14354'>Next<\/a>\n\t<\/li>\n\n\n    \n\n<li><a href='?page_no=37000'>Last &rsaquo;&rsaquo;<\/a><\/li>\n\n<\/ul>\n\n\n--><br \/>\n<\/body><\/p>\n","protected":false},"excerpt":{"rendered":"<p>Santo Domingo, RD,10 de octubre.-.-El aspirante presidencial Francisco Javier Garc\u00eda, del Partido de la Liberaci\u00f3n Dominicana (PLD), continuar\u00e1 este fin de semana sus contactos y encuentros con los miembros y dirigentes del partido morado en procura de ampliar el respaldo que viene recibiendo para la candidatura presidencial del a\u00f1o 2016. El s\u00e1bado, Francisco Javier tiene [&hellip;]<\/p>\n","protected":false},"author":3,"featured_media":0,"comment_status":"open","ping_status":"open","sticky":false,"template":"","format":"standard","meta":{"footnotes":""},"categories":[22],"tags":[],"class_list":["post-161893","post","type-post","status-publish","format-standard","hentry","category-politica"],"_links":{"self":[{"href":"https:\/\/diariodominicano.com\/index.php?rest_route=\/wp\/v2\/posts\/161893","targetHints":{"allow":["GET"]}}],"collection":[{"href":"https:\/\/diariodominicano.com\/index.php?rest_route=\/wp\/v2\/posts"}],"about":[{"href":"https:\/\/diariodominicano.com\/index.php?rest_route=\/wp\/v2\/types\/post"}],"author":[{"embeddable":true,"href":"https:\/\/diariodominicano.com\/index.php?rest_route=\/wp\/v2\/users\/3"}],"replies":[{"embeddable":true,"href":"https:\/\/diariodominicano.com\/index.php?rest_route=%2Fwp%2Fv2%2Fcomments&post=161893"}],"version-history":[{"count":0,"href":"https:\/\/diariodominicano.com\/index.php?rest_route=\/wp\/v2\/posts\/161893\/revisions"}],"wp:attachment":[{"href":"https:\/\/diariodominicano.com\/index.php?rest_route=%2Fwp%2Fv2%2Fmedia&parent=161893"}],"wp:term":[{"taxonomy":"category","embeddable":true,"href":"https:\/\/diariodominicano.com\/index.php?rest_route=%2Fwp%2Fv2%2Fcategories&post=161893"},{"taxonomy":"post_tag","embeddable":true,"href":"https:\/\/diariodominicano.com\/index.php?rest_route=%2Fwp%2Fv2%2Ftags&post=161893"}],"curies":[{"name":"wp","href":"https:\/\/api.w.org\/{rel}","templated":true}]}}