{"id":161892,"date":"2014-10-10T20:08:39","date_gmt":"2014-10-10T20:08:39","guid":{"rendered":"http:\/\/diariodominicano.ddns.net\/?p=161892"},"modified":"2014-10-10T20:08:39","modified_gmt":"2014-10-10T20:08:39","slug":"andy-mieses-sostiene-el-conocimiento-es-un-bien-social-en-el-ambito-cultural","status":"publish","type":"post","link":"https:\/\/diariodominicano.com\/?p=161892","title":{"rendered":"&#13;&#13;&#13;&#13;Andy Mieses sostiene el conocimiento es un bien social en el \u00e1mbito cultural"},"content":{"rendered":"<p><body><\/p>\n<p><img decoding=\"async\" src=\"img3\/andy.jpg\" \/>  <\/p>\n<\/p>\n<p><span class=\"text1noticias\">New York, Estados Unidos, 10 de octubre..- El periodista y abogado, Andy Mieses, sostuvo que el conocimiento es un bien social siempre y cuando se transfiera a favor de los ciudadanos  y las ciudadanas para garantizar su convivencia en un marco de   bienestar  espiritual y material.<\/span><\/p>\n<\/p>\n<p><span class=\"text1noticias\">Mieses al disertar para estudiantes de Historia del Caribe y Latinoam\u00e9rica en la Universidad Hunter College, ubicada en 68 Street y Lexington  del condado de Manhattan, de la ciudad norteamericana, sostuvo que la pol\u00edtica cultural  de un Estado debe sustentarse  en los valores  de la identidad que representa.<\/span><\/p>\n<\/p>\n<p><span class=\"text1noticias\">El profesional dominicano al abordar el tema,  en su calidad de especialista en gesti\u00f3n cultural, subray\u00f3 que de nada vale la construcci\u00f3n de plazas  y edificaciones muse\u00edsticas si no hay un programa de actividades culturales que involucre a los actores p\u00fablicos y privados de manera activa en este rengl\u00f3n.<\/span><\/p>\n<\/p>\n<p><span class=\"text1noticias\">\u00abNo basta con  construir plazas y museos  si  no cuenta con un equipo humano compuesto de gestores culturales listos para promover  la cultura y  empoderar a las comunidades de las herramientas necesarias  para lograr una sociedad capaz de defender  los valores de su identidad que se sustentan en sus or\u00edgenes, sus artes, su m\u00fasica, su vecindad, su forma de vida  y sus procesos hist\u00f3ricos\u00bb, explic\u00f3.<\/span><\/p>\n<\/p>\n<p><span class=\"text1noticias\">Subray\u00f3 que la historia de las sociedades  est\u00e1 compuesta por los relatos de hechos reales y si se apela a datos  carentes de veracidad y de  rigor cient\u00edficos, entonces se cae en ciencia ficci\u00f3n, al  tiempo de subrayar que el abordaje de esta manera se convierte en un enga\u00f1o.<\/span><\/p>\n<\/p>\n<p><span class=\"text1noticias\">Puntualiz\u00f3 que por esta raz\u00f3n la gesti\u00f3n cultural debe sustentarse en  la historia real de los pueblos  con miras a  convertir sus instancias operativas y sus  escenarios, enti\u00e9ndase  museos, escuelas, teatros, salas de artes, galer\u00edas y programas, en verdaderos agentes de cambio para el progreso integral de la gente.<\/span><\/p>\n<\/p>\n<p><span class=\"text1noticias\">\u00abLas inquietudes, la vida circunstancial y la creatividad popular  que se registran en el seno de las comunidades, son elementos vitales para fortalecer y promover  como matriz de conocimiento el componente cultural\u00bb, expres\u00f3.<\/span><\/p>\n<\/p>\n<p><span class=\"text1noticias\">Mieses fue presentado por el profesor de la alta casa de estudios de la ciudad de Nueva York, doctor  Luis Alvarez.Durante su disertaci\u00f3n  contest\u00f3 preguntas de los estudiantes, y estuvo acompa\u00f1ado de  Daniel Dom\u00ednguez y  Ferm\u00edn Castro, especialistas en ciencias sociales y jur\u00eddicas, respectivamente.<\/span><\/p>\n<\/p>\n<\/p>\n<h6> 2014-10-10 20:08:39 <\/h6>\n<p><!--\n<link rel=\"stylesheet\" href=\"css\/bootstrap.min.css\">\n\n\n<ul class=\"pagination\">\n\t    \n\t\n\n<li >\n\t<a href='?page_no=14351'>Previous<\/a>\n\t<\/li>\n\n\n       \n    \n\n<li><a href='?page_no=1'>1<\/a><\/li>\n\n\n\n<li><a href='?page_no=2'>2<\/a><\/li>\n\n\n\n<li><a>...<\/a><\/li>\n\n\n\n<li><a href='?page_no=14350'>14350<\/a><\/li>\n\n\n\n<li><a href='?page_no=14351'>14351<\/a><\/li>\n\n\n\n<li class='active'><a>14352<\/a><\/li>\n\n\n\n<li><a href='?page_no=14353'>14353<\/a><\/li>\n\n\n\n<li><a href='?page_no=14354'>14354<\/a><\/li>\n\n\n\n<li><a>...<\/a><\/li>\n\n\n\n<li><a href='?page_no=36999'>36999<\/a><\/li>\n\n\n\n<li><a href='?page_no=37000'>37000<\/a><\/li>\n\n    \n\t\n\n<li >\n\t<a href='?page_no=14353'>Next<\/a>\n\t<\/li>\n\n\n    \n\n<li><a href='?page_no=37000'>Last &rsaquo;&rsaquo;<\/a><\/li>\n\n<\/ul>\n\n\n--><br \/>\n<\/body><\/p>\n","protected":false},"excerpt":{"rendered":"<p>New York, Estados Unidos, 10 de octubre..- El periodista y abogado, Andy Mieses, sostuvo que el conocimiento es un bien social siempre y cuando se transfiera a favor de los ciudadanos y las ciudadanas para garantizar su convivencia en un marco de bienestar espiritual y material. Mieses al disertar para estudiantes de Historia del Caribe [&hellip;]<\/p>\n","protected":false},"author":3,"featured_media":0,"comment_status":"open","ping_status":"open","sticky":false,"template":"","format":"standard","meta":{"footnotes":""},"categories":[22],"tags":[],"class_list":["post-161892","post","type-post","status-publish","format-standard","hentry","category-politica"],"_links":{"self":[{"href":"https:\/\/diariodominicano.com\/index.php?rest_route=\/wp\/v2\/posts\/161892","targetHints":{"allow":["GET"]}}],"collection":[{"href":"https:\/\/diariodominicano.com\/index.php?rest_route=\/wp\/v2\/posts"}],"about":[{"href":"https:\/\/diariodominicano.com\/index.php?rest_route=\/wp\/v2\/types\/post"}],"author":[{"embeddable":true,"href":"https:\/\/diariodominicano.com\/index.php?rest_route=\/wp\/v2\/users\/3"}],"replies":[{"embeddable":true,"href":"https:\/\/diariodominicano.com\/index.php?rest_route=%2Fwp%2Fv2%2Fcomments&post=161892"}],"version-history":[{"count":0,"href":"https:\/\/diariodominicano.com\/index.php?rest_route=\/wp\/v2\/posts\/161892\/revisions"}],"wp:attachment":[{"href":"https:\/\/diariodominicano.com\/index.php?rest_route=%2Fwp%2Fv2%2Fmedia&parent=161892"}],"wp:term":[{"taxonomy":"category","embeddable":true,"href":"https:\/\/diariodominicano.com\/index.php?rest_route=%2Fwp%2Fv2%2Fcategories&post=161892"},{"taxonomy":"post_tag","embeddable":true,"href":"https:\/\/diariodominicano.com\/index.php?rest_route=%2Fwp%2Fv2%2Ftags&post=161892"}],"curies":[{"name":"wp","href":"https:\/\/api.w.org\/{rel}","templated":true}]}}