{"id":161891,"date":"2014-10-10T20:20:18","date_gmt":"2014-10-10T20:20:18","guid":{"rendered":"http:\/\/diariodominicano.ddns.net\/?p=161891"},"modified":"2014-10-10T20:20:18","modified_gmt":"2014-10-10T20:20:18","slug":"asuntos-municipales-del-pld-convoca-a-regidores-a-elecciones-internas","status":"publish","type":"post","link":"https:\/\/diariodominicano.com\/?p=161891","title":{"rendered":"&#13;Asuntos municipales del PLD convoca a regidores a elecciones internas"},"content":{"rendered":"<p><body><\/p>\n<p><img decoding=\"async\" src=\"img3\/ditren.jpg\" \/>  <\/p>\n<\/p>\n<p><span class=\"text1noticias\"> <\/span><\/p>\n<p><span class=\"text1noticias\">Santo Domingo, RD, 10 de octubre.- El Partido de la Liberaci\u00f3n Dominicana (PLD), escoger\u00e1 en un proceso interno la plancha que presentar\u00e1n en las elecciones del consejo directivo de la Asociaci\u00f3n de Dominicana de Regidores (ASODORE).<\/span><\/p>\n<p><span class=\"text1noticias\"> <\/span><\/p>\n<p><span class=\"text1noticias\">Ignacio Ditr\u00e9n, secretario de Asuntos Municipales del PLD, confirm\u00f3 la convocatoria de los regidores y regidoras peledeistas a las elecciones internas que se realizar\u00e1 el d\u00eda 3 de noviembre en la Casa Nacional peledeista.<\/span><\/p>\n<p><span class=\"text1noticias\"> <\/span><\/p>\n<p><span class=\"text1noticias\">\u00abDesde las 10 de la ma\u00f1ana hasta las 3 de la tarde los dirigentes del PLD que son regidores o regidoras en las diferentes salas capitulares del pa\u00eds, podr\u00e1n escoger, en un proceso eleccionario interno, el candidato o candidata que se presentar\u00e1 para presidir la ASODORE\u00bb declar\u00f3 Ditren mediante la Secretaria de Comunicaciones del PLD<\/span><\/p>\n<p><span class=\"text1noticias\"> <\/span><\/p>\n<p><span class=\"text1noticias\">La Secretaria de Asuntos Municipales del Partido de la Liberaci\u00f3n Dominicana (PLD), fij\u00f3 para el pr\u00f3ximo mi\u00e9rcoles 15 la fecha l\u00edmite para inscripci\u00f3n de  candidatos a ocupar la presidencia y los dem\u00e1s puestos en la plancha que el partido morado presentar\u00e1 en la asamblea de regidores<\/span><\/p>\n<p><span class=\"text1noticias\"> <\/span><\/p>\n<p><span class=\"text1noticias\">El 3 de noviembre se ha escogido para el proceso electoral interno que se desarrollar\u00e1 en la Casa Nacional de la organizaci\u00f3n desde las 10:00 de la ma\u00f1ana hasta las 3:00 de la tarde.<\/span><\/p>\n<p><span class=\"text1noticias\"> <\/span><\/p>\n<p><span class=\"text1noticias\">El titular de la Secretaria de Asuntos Municipales del PLD, comunic\u00f3 que los compa\u00f1eros que se inscriban para optar por la presidencia de ASODORE podr\u00e1n hacer contacto con los regidores en toda la geograf\u00eda nacional.<\/span><\/p>\n<p><span class=\"text1noticias\"> <\/span><\/p>\n<p><span class=\"text1noticias\">\u00abEso si, solo podr\u00e1n optar los que resultaren ganadores en el proceso interno, de acuerdo con lo que establecen los estatutos del Partido\u00bb, aclar\u00f3 el dirigente pelede\u00edsta, Ignacio Ditr\u00e9n.<\/span><\/p>\n<p><span class=\"text1noticias\"> <\/span><\/p>\n<p><span class=\"text1noticias\">En cuanto a las posiciones que corresponden a los partidos aliados, indic\u00f3 que corresponde a estos seleccionarlos y entregarlos a la Secretaria con fines de conformaci\u00f3n de la plancha.<\/span><\/p>\n<\/p>\n<h6> 2014-10-10 20:20:18 <\/h6>\n<p><!--\n<link rel=\"stylesheet\" href=\"css\/bootstrap.min.css\">\n\n\n<ul class=\"pagination\">\n\t    \n\t\n\n<li >\n\t<a href='?page_no=14350'>Previous<\/a>\n\t<\/li>\n\n\n       \n    \n\n<li><a href='?page_no=1'>1<\/a><\/li>\n\n\n\n<li><a href='?page_no=2'>2<\/a><\/li>\n\n\n\n<li><a>...<\/a><\/li>\n\n\n\n<li><a href='?page_no=14349'>14349<\/a><\/li>\n\n\n\n<li><a href='?page_no=14350'>14350<\/a><\/li>\n\n\n\n<li class='active'><a>14351<\/a><\/li>\n\n\n\n<li><a href='?page_no=14352'>14352<\/a><\/li>\n\n\n\n<li><a href='?page_no=14353'>14353<\/a><\/li>\n\n\n\n<li><a>...<\/a><\/li>\n\n\n\n<li><a href='?page_no=36999'>36999<\/a><\/li>\n\n\n\n<li><a href='?page_no=37000'>37000<\/a><\/li>\n\n    \n\t\n\n<li >\n\t<a href='?page_no=14352'>Next<\/a>\n\t<\/li>\n\n\n    \n\n<li><a href='?page_no=37000'>Last &rsaquo;&rsaquo;<\/a><\/li>\n\n<\/ul>\n\n\n--><br \/>\n<\/body><\/p>\n","protected":false},"excerpt":{"rendered":"<p>Santo Domingo, RD, 10 de octubre.- El Partido de la Liberaci\u00f3n Dominicana (PLD), escoger\u00e1 en un proceso interno la plancha que presentar\u00e1n en las elecciones del consejo directivo de la Asociaci\u00f3n de Dominicana de Regidores (ASODORE). Ignacio Ditr\u00e9n, secretario de Asuntos Municipales del PLD, confirm\u00f3 la convocatoria de los regidores y regidoras peledeistas a las [&hellip;]<\/p>\n","protected":false},"author":3,"featured_media":0,"comment_status":"open","ping_status":"open","sticky":false,"template":"","format":"standard","meta":{"footnotes":""},"categories":[22],"tags":[],"class_list":["post-161891","post","type-post","status-publish","format-standard","hentry","category-politica"],"_links":{"self":[{"href":"https:\/\/diariodominicano.com\/index.php?rest_route=\/wp\/v2\/posts\/161891","targetHints":{"allow":["GET"]}}],"collection":[{"href":"https:\/\/diariodominicano.com\/index.php?rest_route=\/wp\/v2\/posts"}],"about":[{"href":"https:\/\/diariodominicano.com\/index.php?rest_route=\/wp\/v2\/types\/post"}],"author":[{"embeddable":true,"href":"https:\/\/diariodominicano.com\/index.php?rest_route=\/wp\/v2\/users\/3"}],"replies":[{"embeddable":true,"href":"https:\/\/diariodominicano.com\/index.php?rest_route=%2Fwp%2Fv2%2Fcomments&post=161891"}],"version-history":[{"count":0,"href":"https:\/\/diariodominicano.com\/index.php?rest_route=\/wp\/v2\/posts\/161891\/revisions"}],"wp:attachment":[{"href":"https:\/\/diariodominicano.com\/index.php?rest_route=%2Fwp%2Fv2%2Fmedia&parent=161891"}],"wp:term":[{"taxonomy":"category","embeddable":true,"href":"https:\/\/diariodominicano.com\/index.php?rest_route=%2Fwp%2Fv2%2Fcategories&post=161891"},{"taxonomy":"post_tag","embeddable":true,"href":"https:\/\/diariodominicano.com\/index.php?rest_route=%2Fwp%2Fv2%2Ftags&post=161891"}],"curies":[{"name":"wp","href":"https:\/\/api.w.org\/{rel}","templated":true}]}}