{"id":161890,"date":"2014-10-11T03:49:18","date_gmt":"2014-10-11T03:49:18","guid":{"rendered":"http:\/\/diariodominicano.ddns.net\/?p=161890"},"modified":"2014-10-11T03:49:18","modified_gmt":"2014-10-11T03:49:18","slug":"manolo-pichardo-encabeza-comision-en-conclave-que-concluye-este-martes-en-nicaragua","status":"publish","type":"post","link":"https:\/\/diariodominicano.com\/?p=161890","title":{"rendered":"Manolo Pichardo encabeza comisi\u00f3n en c\u00f3nclave que concluye este martes en Nicaragua"},"content":{"rendered":"<p><body><\/p>\n<p><span class=\"text1noticias\">Santo Domingo, R. D., 11 de octubre.- Manolo Pichardo, miembro del Comit\u00e9 Central del Partido de la Liberaci\u00f3n Dominicana (PLD), encabeza la comisi\u00f3n de esa organizaci\u00f3n  que participar\u00e1 este fin de semana en la XXXII reuni\u00f3n plenaria de la Conferencia de Partidos Pol\u00edticos de Am\u00e9rica Latina y el Caribe (COPPPAL), que se realizar\u00e1 en Nicaragua.<\/span><\/p>\n<p><span class=\"text1noticias\"> <\/span><\/p>\n<p><span class=\"text1noticias\">Cada octubre los partidos pol\u00edticos miembros de la COPPPAL se re\u00fanen en comisiones, sus cap\u00edtulos de Mujeres y Juventud y su Plenaria, debatiendo temas de inter\u00e9s general en la regi\u00f3n<\/span><\/p>\n<p><span class=\"text1noticias\"> <\/span><\/p>\n<p><span class=\"text1noticias\">La Secretar\u00eda de Comunicaciones del PLD, expresa en un despacho periodistico que la comisi\u00f3n parti\u00f3 a la ciudad de Managua en la ma\u00f1ana de este viernes para participar de los debates que abren el s\u00e1bado y concluyen con la declaratoria final el pr\u00f3ximo martes<\/span><\/p>\n<p><span class=\"text1noticias\"> <\/span><\/p>\n<p><span class=\"text1noticias\">Acompa\u00f1an a Pichardo, ex Presidente del Parlacen, Claritza de la Cruz, miembro del comit\u00e9 central del PLD y vicepresidente de la COPPPAL-Juvenil; Cristian Beltre y  Jos\u00e9 Feliz Medrano, vicesecretarios de la juventud peledeista y   Waskar G\u00f3mez, auxiliar t\u00e9cnico y administrativo de Copppal.<\/span><\/p>\n<p><span class=\"text1noticias\"> <\/span><\/p>\n<p><span class=\"text1noticias\">La Conferencia Permanente de Partidos Pol\u00edticos de Am\u00e9rica Latina y el Caribe (COPPPAL) es el foro de partidos pol\u00edticos m\u00e1s importantes de Am\u00e9rica Latina y el Caribe, que funciona desde 1979<\/span><\/p>\n<p><span class=\"text1noticias\"> <\/span><\/p>\n<p><span class=\"text1noticias\">La Plenaria de este a\u00f1o se desarrollar\u00e1 del 11 al 14 del corriente mes de octubre, en Managua, Nicaragua y tiene como anfitri\u00f3n al  Frente Sandinista de Liberaci\u00f3n Nacional (F<\/span>SLN).<\/p>\n<h6> 2014-10-11 03:49:18 <\/h6>\n<p><!--\n<link rel=\"stylesheet\" href=\"css\/bootstrap.min.css\">\n\n\n<ul class=\"pagination\">\n\t    \n\t\n\n<li >\n\t<a href='?page_no=14349'>Previous<\/a>\n\t<\/li>\n\n\n       \n    \n\n<li><a href='?page_no=1'>1<\/a><\/li>\n\n\n\n<li><a href='?page_no=2'>2<\/a><\/li>\n\n\n\n<li><a>...<\/a><\/li>\n\n\n\n<li><a href='?page_no=14348'>14348<\/a><\/li>\n\n\n\n<li><a href='?page_no=14349'>14349<\/a><\/li>\n\n\n\n<li class='active'><a>14350<\/a><\/li>\n\n\n\n<li><a href='?page_no=14351'>14351<\/a><\/li>\n\n\n\n<li><a href='?page_no=14352'>14352<\/a><\/li>\n\n\n\n<li><a>...<\/a><\/li>\n\n\n\n<li><a href='?page_no=36999'>36999<\/a><\/li>\n\n\n\n<li><a href='?page_no=37000'>37000<\/a><\/li>\n\n    \n\t\n\n<li >\n\t<a href='?page_no=14351'>Next<\/a>\n\t<\/li>\n\n\n    \n\n<li><a href='?page_no=37000'>Last &rsaquo;&rsaquo;<\/a><\/li>\n\n<\/ul>\n\n\n--><br \/>\n<\/body><\/p>\n","protected":false},"excerpt":{"rendered":"<p>Santo Domingo, R. D., 11 de octubre.- Manolo Pichardo, miembro del Comit\u00e9 Central del Partido de la Liberaci\u00f3n Dominicana (PLD), encabeza la comisi\u00f3n de esa organizaci\u00f3n que participar\u00e1 este fin de semana en la XXXII reuni\u00f3n plenaria de la Conferencia de Partidos Pol\u00edticos de Am\u00e9rica Latina y el Caribe (COPPPAL), que se realizar\u00e1 en Nicaragua. [&hellip;]<\/p>\n","protected":false},"author":3,"featured_media":0,"comment_status":"open","ping_status":"open","sticky":false,"template":"","format":"standard","meta":{"footnotes":""},"categories":[22],"tags":[],"class_list":["post-161890","post","type-post","status-publish","format-standard","hentry","category-politica"],"_links":{"self":[{"href":"https:\/\/diariodominicano.com\/index.php?rest_route=\/wp\/v2\/posts\/161890","targetHints":{"allow":["GET"]}}],"collection":[{"href":"https:\/\/diariodominicano.com\/index.php?rest_route=\/wp\/v2\/posts"}],"about":[{"href":"https:\/\/diariodominicano.com\/index.php?rest_route=\/wp\/v2\/types\/post"}],"author":[{"embeddable":true,"href":"https:\/\/diariodominicano.com\/index.php?rest_route=\/wp\/v2\/users\/3"}],"replies":[{"embeddable":true,"href":"https:\/\/diariodominicano.com\/index.php?rest_route=%2Fwp%2Fv2%2Fcomments&post=161890"}],"version-history":[{"count":0,"href":"https:\/\/diariodominicano.com\/index.php?rest_route=\/wp\/v2\/posts\/161890\/revisions"}],"wp:attachment":[{"href":"https:\/\/diariodominicano.com\/index.php?rest_route=%2Fwp%2Fv2%2Fmedia&parent=161890"}],"wp:term":[{"taxonomy":"category","embeddable":true,"href":"https:\/\/diariodominicano.com\/index.php?rest_route=%2Fwp%2Fv2%2Fcategories&post=161890"},{"taxonomy":"post_tag","embeddable":true,"href":"https:\/\/diariodominicano.com\/index.php?rest_route=%2Fwp%2Fv2%2Ftags&post=161890"}],"curies":[{"name":"wp","href":"https:\/\/api.w.org\/{rel}","templated":true}]}}