{"id":161888,"date":"2014-10-11T17:09:25","date_gmt":"2014-10-11T17:09:25","guid":{"rendered":"http:\/\/diariodominicano.ddns.net\/?p=161888"},"modified":"2014-10-11T17:09:25","modified_gmt":"2014-10-11T17:09:25","slug":"afirma-que-con-el-doctor-rafael-subervi-bonilla-ha-nacido-la-esperanza-de-la-capital","status":"publish","type":"post","link":"https:\/\/diariodominicano.com\/?p=161888","title":{"rendered":"Afirma que con el doctor Rafael Suberv\u00ed Bonilla ha nacido la esperanza de la capital"},"content":{"rendered":"<p><body><\/p>\n<p><span class=\"text1noticias\">Santo Domingo, RD, 11 de Octubre.-El dirigente del Partido Revolucionario Dominicano, Tomas Hern\u00e1ndez Alberto afirm\u00f3 que con el doctor Rafael Suberv\u00ed Bonilla ha nacido la esperanza de la capital.<\/span><\/p>\n<\/p>\n<p><span class=\"text1noticias\">Hern\u00e1ndez Alberto, quien todav\u00eda se mantiene en las filas del PRD, dijo que Fello Suberv\u00ed debi\u00f3 ser presidente de la Rep\u00fablica por su gran obra de servicio al pa\u00eds, su eficiencia y su conducta en el ejercicio p\u00fablico.<\/span><\/p>\n<\/p>\n<p><span class=\"text1noticias\">Tom\u00e1s Hern\u00e1ndez expres\u00f3 sus opiniones al momento de entrevistar a Suberv\u00ed Bonilla, en el espacio Pantalla Abierta, donde se desempe\u00f1a como comunicador, junto a los periodistas, Rafael Franco Guzm\u00e1n, Sonia Tejada y Jhonny Marte.<\/span><\/p>\n<\/p>\n<p><span class=\"text1noticias\">Por su parte, el doctor Fello Suberv\u00ed, alto dirigente del Partido Revolucionario Moderno, PRM, revel\u00f3 que de ser electo a la Alcald\u00eda del Distrito Nacional enfrentar\u00e1 en coordinaci\u00f3n con otras entidades, el caos en que se desenvuelve el tr\u00e1nsito de la ciudad capital.<\/span><\/p>\n<\/p>\n<p><span class=\"text1noticias\">Sostuvo Fello Suberv\u00ed que entre sus prioridades est\u00e1 la se\u00f1alizaci\u00f3n, la rotulaci\u00f3n y la numeraci\u00f3n de las calles as\u00ed como retomar el plan director tal y como lo hizo en sus administraciones anteriores.<\/span><\/p>\n<\/p>\n<p><span class=\"text1noticias\">Indico que se precisa abordar de nuevo el problema del vertedero de Duqueza, debido a que este constituye un problema de salud p\u00fablica que no solo afecta al Distrito Nacional, sino a provincias cercanas como San Crist\u00f3bal y San Pedro de Macor\u00eds.<\/span><\/p>\n<\/p>\n<p><span class=\"text1noticias\">El exministro de Turismo e Interior y Policia expres\u00f3 que se necesita afrontar el drenaje pluvial de la ciudad, el cual requiere ser afrontado con un plan a corto, mediano y largo plazo.<\/span><\/p>\n<\/p>\n<p><strong><span class=\"text1noticias\">Fello continua juramentaciones<\/span><\/strong><\/p>\n<\/p>\n<p><span class=\"text1noticias\">El doctor Suberv\u00ed Bonilla jurament\u00f3 la noche de este jueves su equipo de campa\u00f1a de la Zona J4, Circunscripci\u00f3n 2, PRM, Distrito Nacional.<\/span><\/p>\n<\/p>\n<p><span class=\"text1noticias\">El acto se inici\u00f3 con la invocaci\u00f3n de la se\u00f1ora Milagros Rodr\u00edguez de Carela quien pidi\u00f3 la bendici\u00f3n para todos los presentes y en especial para el pre candidato doctor Fello Suberv\u00ed.<\/span><\/p>\n<\/p>\n<p><span class=\"text1noticias\">Habl\u00f3 tambi\u00e9n la joven se\u00f1ora Adelsy Rodr\u00edguez, Representante de la mujeres del sector, quien en un emotivo discurso explic\u00f3 que las mujeres respaldan a Fello, porque este valora el trabajo de ellas y le da participaci\u00f3n activa en la toma de decisiones.<\/span><\/p>\n<\/p>\n<p><span class=\"text1noticias\">Andy Suriel, representante de la juventud, visiblemente emocionado, sostuvo que los j\u00f3venes apoyan a Suberv\u00ed Bonilla porque han escuchado de sus padres y amigos las grandes realizaciones de Fello, cuando fue S\u00edndico del Distrito Nacional,<\/span><\/p>\n<\/p>\n<p><span class=\"text1noticias\">Al final del acto el doctor Suberv\u00ed Bonilla agradeci\u00f3 el respaldo recibido y procedi\u00f3 a juramentar a los dirigentes, entre los cuales figuran: Alexander Carela, Coordinador, Benjam\u00edn Vallejo, Presidente en funciones J2, Luis Alvin, director campa\u00f1a, Henry Dom\u00ednguez,Coordinador Luis Abinader, Juan Garc\u00eda de Dios, presidente J2.<\/span><\/p>\n<\/p>\n<p><span class=\"text1noticias\">Acompa\u00f1aron al aspirante a la Alcald\u00cda del Distrito Nacional el doctor: Elido Alc\u00e1ntara, doctor Neufris P\u00e9rez Volquez, aspirante a regidor, Nidia Mercado, aspirante a regidora, Ingeniero Ram\u00f3n Hern\u00e1ndez Monine, Coordinador Regional y aspirante a regidor, Dominga de Le\u00f3n, y otros dirigentes del Partido Revolucionario Moderno, PRM.(HG)<\/span>.<\/p>\n<\/p>\n<h6> 2014-10-11 17:09:25 <\/h6>\n<p><!--\n<link rel=\"stylesheet\" href=\"css\/bootstrap.min.css\">\n\n\n<ul class=\"pagination\">\n\t    \n\t\n\n<li >\n\t<a href='?page_no=14348'>Previous<\/a>\n\t<\/li>\n\n\n       \n    \n\n<li><a href='?page_no=1'>1<\/a><\/li>\n\n\n\n<li><a href='?page_no=2'>2<\/a><\/li>\n\n\n\n<li><a>...<\/a><\/li>\n\n\n\n<li><a href='?page_no=14347'>14347<\/a><\/li>\n\n\n\n<li><a href='?page_no=14348'>14348<\/a><\/li>\n\n\n\n<li class='active'><a>14349<\/a><\/li>\n\n\n\n<li><a href='?page_no=14350'>14350<\/a><\/li>\n\n\n\n<li><a href='?page_no=14351'>14351<\/a><\/li>\n\n\n\n<li><a>...<\/a><\/li>\n\n\n\n<li><a href='?page_no=36999'>36999<\/a><\/li>\n\n\n\n<li><a href='?page_no=37000'>37000<\/a><\/li>\n\n    \n\t\n\n<li >\n\t<a href='?page_no=14350'>Next<\/a>\n\t<\/li>\n\n\n    \n\n<li><a href='?page_no=37000'>Last &rsaquo;&rsaquo;<\/a><\/li>\n\n<\/ul>\n\n\n--><br \/>\n<\/body><\/p>\n","protected":false},"excerpt":{"rendered":"<p>Santo Domingo, RD, 11 de Octubre.-El dirigente del Partido Revolucionario Dominicano, Tomas Hern\u00e1ndez Alberto afirm\u00f3 que con el doctor Rafael Suberv\u00ed Bonilla ha nacido la esperanza de la capital. Hern\u00e1ndez Alberto, quien todav\u00eda se mantiene en las filas del PRD, dijo que Fello Suberv\u00ed debi\u00f3 ser presidente de la Rep\u00fablica por su gran obra de [&hellip;]<\/p>\n","protected":false},"author":3,"featured_media":0,"comment_status":"open","ping_status":"open","sticky":false,"template":"","format":"standard","meta":{"footnotes":""},"categories":[22],"tags":[],"class_list":["post-161888","post","type-post","status-publish","format-standard","hentry","category-politica"],"_links":{"self":[{"href":"https:\/\/diariodominicano.com\/index.php?rest_route=\/wp\/v2\/posts\/161888","targetHints":{"allow":["GET"]}}],"collection":[{"href":"https:\/\/diariodominicano.com\/index.php?rest_route=\/wp\/v2\/posts"}],"about":[{"href":"https:\/\/diariodominicano.com\/index.php?rest_route=\/wp\/v2\/types\/post"}],"author":[{"embeddable":true,"href":"https:\/\/diariodominicano.com\/index.php?rest_route=\/wp\/v2\/users\/3"}],"replies":[{"embeddable":true,"href":"https:\/\/diariodominicano.com\/index.php?rest_route=%2Fwp%2Fv2%2Fcomments&post=161888"}],"version-history":[{"count":0,"href":"https:\/\/diariodominicano.com\/index.php?rest_route=\/wp\/v2\/posts\/161888\/revisions"}],"wp:attachment":[{"href":"https:\/\/diariodominicano.com\/index.php?rest_route=%2Fwp%2Fv2%2Fmedia&parent=161888"}],"wp:term":[{"taxonomy":"category","embeddable":true,"href":"https:\/\/diariodominicano.com\/index.php?rest_route=%2Fwp%2Fv2%2Fcategories&post=161888"},{"taxonomy":"post_tag","embeddable":true,"href":"https:\/\/diariodominicano.com\/index.php?rest_route=%2Fwp%2Fv2%2Ftags&post=161888"}],"curies":[{"name":"wp","href":"https:\/\/api.w.org\/{rel}","templated":true}]}}