{"id":161887,"date":"2014-10-11T17:34:55","date_gmt":"2014-10-11T17:34:55","guid":{"rendered":"http:\/\/diariodominicano.ddns.net\/?p=161887"},"modified":"2014-10-11T17:34:55","modified_gmt":"2014-10-11T17:34:55","slug":"gedeon-santos-dice-pueblo-pide-a-gritos-danilo-medina-se-reelija","status":"publish","type":"post","link":"https:\/\/diariodominicano.com\/?p=161887","title":{"rendered":"Gede\u00f3n Santos  dice pueblo pide a gritos Danilo Medina se reelija"},"content":{"rendered":"<p><body><\/p>\n<p><img decoding=\"async\" src=\"img3\/reeleccion.jpg\" \/>  <\/p>\n<p><span class=\"text1noticias\">Nueva York, EE.UU., 11 de Octubre.-El pueblo dominicano est\u00e1 pidiendo a gritos que el Presidente Danilo Medina se reelija, y para lograrlo s\u00f3lo falta que el Congreso \u00abponga el coraz\u00f3n en el pueblo y reforme la Constituci\u00f3n, a fin de que se establezca el modelo norteamericano de dos periodos de cuatro a\u00f1os\u00bb y nunca jam\u00e1s.<\/span><\/p>\n<\/p>\n<p><span class=\"text1noticias\"> As\u00ed lo declar\u00f3 Gede\u00f3n Santos, presidente del Consejo Directivo del Instituto Dominicano de las Telecomunicaciones (Indotel), en una conferencia titulada \u00abPresente y futuro del gobierno del Presidente Danilo Medina\u00bb, dictada en el Myrna Daniels Auditorium del Alto Manhattan, sector donde se concentra una numerosa comunidad dominicana.<\/span><\/p>\n<\/p>\n<p><span class=\"text1noticias\">A la conferencia, organizada por el Foro por la Democracia que preside el licenciado Carlos S\u00e1nchez, acudieron decenas de personas, entre ellas destacados funcionarios del Gobierno y a la vez dirigentes del Partido de la Liberaci\u00f3n Dominicana (PLD), como Frank Cortorreal, Embajador Permanente del pa\u00eds ante la Organizaci\u00f3n de las Naciones Unidas (ONU) y quien es miembro del Comit\u00e9 Central y presidente de la seccional estatal local de la entidad oficialista. <\/span><\/p>\n<\/p>\n<p><span class=\"text1noticias\">Santos dijo que para enfrentar los grandes desaf\u00edos del siglo XXI, tiene que haber un hombre que no s\u00f3lo entienda de pol\u00edtica y de econom\u00eda, sino que tambi\u00e9n entienda el momento por el que est\u00e1 pasando Am\u00e9rica Latina, que est\u00e1 clamando y gritando por justicia social y distribuci\u00f3n de la riqueza, y de un pol\u00edtico que adem\u00e1s de conocimientos t\u00e9cnicos tenga coraz\u00f3n, \u00aby Danilo tiene coraz\u00f3n\u00bb.<\/span><\/p>\n<\/p>\n<p><span class=\"text1noticias\">El tambi\u00e9n miembro del Comit\u00e9 Central del PLD se pregunt\u00f3 si el gobierno de Danilo Medina pasar\u00e1 como un experimento fugaz en la historia dominicana, \u00ab\u00bfo es el gobierno de Danilo una revoluci\u00f3n en ejercicio, que est\u00e1 cambiando la din\u00e1mica de la pol\u00edtica y de la vida del pa\u00eds?\u00bb. <\/span><\/p>\n<\/p>\n<p><span class=\"text1noticias\">\u00abYo creo que el Presidente Medina est\u00e1 levantando una ola de esperanza, de cambio, de transformaci\u00f3n de la vida del pa\u00eds, y que esa ola est\u00e1 cogiendo agua cada vez m\u00e1s\u00bb, manifest\u00f3 Santos, quien agradeci\u00f3 la invitaci\u00f3n que para dictar la conferencia le hicieron S\u00e1nchez y el licenciado Luis Lithgow, presidente de la Junta de del Plan de Alfabetizaci\u00f3n\/NY, miembro del Comit\u00e9 Central del PLD y director de Comunicaciones de su seccional estatal en Nueva York. <\/span><\/p>\n<\/p>\n<p><span class=\"text1noticias\">El presidente de Indotelrevel\u00f3 que cuando llegaron al poder, voces agoreras dec\u00edan que Danilo Medina no iba a poder mantener los altos niveles de popularidad que ten\u00eda, porque la situaci\u00f3n del pa\u00eds era muy dif\u00edcil.<\/span><\/p>\n<\/p>\n<p><span class=\"text1noticias\">\u00abSin embargo, Danilo ha podido mantener esa popularidad, como nunca lo ha hecho un presidente en Am\u00e9rica Latina\u00bb, dijo Santos, y mencion\u00f3 los casos de Rafael Correa Delgado, presidente de Ecuador, que alcanz\u00f3 un 89% de aceptaci\u00f3n en su m\u00e1ximo cl\u00edmax de popularidad, \u00aby Danilo ha llegado a tener un 93% de aceptaci\u00f3n en el ejercicio del poder\u00bb.<\/span><\/p>\n<\/p>\n<p><span class=\"text1noticias\">Santosplante\u00f3 la necesidad de que Danilo Medina siga en el poder, pero indic\u00f3 que hay un obst\u00e1culo constitucional para que esto se produzca.<\/span><\/p>\n<\/p>\n<p><span class=\"text1noticias\">Enfatiz\u00f3 en pedirle al Comit\u00e9 Pol\u00edtico del PLD y a los legisladores poner sus o\u00eddos en el coraz\u00f3n del pueblo e iniciar un proceso para reformar la Constituci\u00f3n reinsertando el \u00abnunca jam\u00e1s\u00bb y propiciar la reelecci\u00f3n de Danilo Medina para un segundo periodo de gobierno.<\/span><\/p>\n<\/p>\n<p><span class=\"text1noticias\">El orador fue aplaudido en varias ocasiones por los asistentes a la actividad que lo ovacionaron con prolongados aplausos y se pon\u00edan de pie cada vez que Santos se refer\u00eda a la necesidad de una Reforma Constitucional que permita la reelecci\u00f3n del presidente Medina.<\/span><\/p>\n<\/p>\n<p><span class=\"text1noticias\">Argument\u00f3 que todos los presidentes que pasaron del 65% de simpat\u00eda en Am\u00e9rica Latina, \u00absus pueblos pidieron a gritos reformas constitucionales para que continuaran en el poder\u00bb.<\/span><\/p>\n<\/p>\n<p><span class=\"text1noticias\">Cit\u00f3 como ejemplos los casos del fenecido presidente Hugo Ch\u00e1vez, en Venezuela; Evo Morales, en Bolivia; Rafael Correa, en Ecuador, e \u00abincluso presidentes de la derecha como (\u00c1lvaro) Uribe en Colombia, fueron presionados por sus pueblos y por sus poblaciones para cambiar las constituciones a fin de que continuaran en el poder\u00bb.<\/span><\/p>\n<\/p>\n<p><span class=\"text1noticias\">Dijo que las cartas magnas no son est\u00e1ticas, no tienen due\u00f1os y son el m\u00e1ximo consenso que logra una sociedad, donde se re\u00fanen los intereses de la misma para organizar en forma de ley de leyes los intereses de esa sociedad.<\/span><\/p>\n<\/p>\n<p><strong><span class=\"text1noticias\">La diferencia<\/span><\/strong><\/p>\n<\/p>\n<p><span class=\"text1noticias\">Santos dijo que en la Rep\u00fablica Dominicana las reformas a la Constituci\u00f3n parece que tienen \u00abun olor negativo\u00bb, que posiblemente se debe a los aprestos reeleccionistas que hicieron en su momento los ex presidentes doctor Joaqu\u00edn Balaguer e Hip\u00f3lito Mej\u00eda. <\/span><\/p>\n<\/p>\n<p><span class=\"text1noticias\">\u00abY es que todos los presidentes de la Rep\u00fablica Dominicana que han postulado una reelecci\u00f3n, han comenzado unos con un 30% de aceptaci\u00f3n, y el que m\u00e1s, ten\u00eda un 37%, que fue el compa\u00f1ero Leonel Fern\u00e1ndez\u00bb, dijo Santos. \u00abEso significa que los presidentes han tenido que salir a buscar 8 \u00f3 10 puntos, y por supuesto, como presidentes, la gente teme que se usen los recursos p\u00fablicos y el poder para buscar esos puntos\u00bb, a\u00f1adi\u00f3. <\/span><\/p>\n<\/p>\n<p><span class=\"text1noticias\">Dijo que en la naci\u00f3n dominicana, la reelecci\u00f3n ha tenido una aceptaci\u00f3n de un 35% y un rechazo de un 65%, \u00abpero resulta que con Danilo Medina, en la encuesta Gallup reci\u00e9n publicada, por primera vez el 70% de los dominicanos quiere la reelecci\u00f3n, y el 30% la rechaza\u00bb. <\/span><\/p>\n<\/p>\n<p><span class=\"text1noticias\">Asegur\u00f3 que el tema de la reelecci\u00f3n no lo hab\u00edan ventilado en el pa\u00eds, \u00abporque nosotros entend\u00edamos que era necesario que el pueblo hablara primero, que el pueblo lo deseara primero\u00bb. <\/span><\/p>\n<\/p>\n<p><span class=\"text1noticias\">\u00abY lo que estamos viendo en las encuestas es que el pueblo dominicano tiene el consenso de que el Presidente Danilo Medina debe seguir dirigiendo el pa\u00eds\u00bb, dijo Santos. \u00abPara eso estamos planteando corregir un error de la democracia dominicana, que se cometi\u00f3 en la Constituci\u00f3n de 2010, cuando se elimin\u00f3 el modelo norteamericano de dos periodos consecutivos en el poder y nunca jam\u00e1s\u00bb.<\/span><\/p>\n<\/p>\n<p><span class=\"text1noticias\">Santos dijo que el modelo norteamericano es el m\u00e1s equilibrado, y explic\u00f3 que un solo periodo de 6 a\u00f1os, como en M\u00e9xico, resulta ser demasiado tiempo para un presidente malo, y un solo periodo presidencial de 4 a\u00f1os, como en Guatemala, es muy corto para un presidente bueno. <\/span><\/p>\n<\/p>\n<p><span class=\"text1noticias\">\u00abEl modelo norteamericano nos permite darle cuatro a\u00f1os m\u00e1s a un presidente bueno y sacar a los cuatro a\u00f1os a uno malo\u00bb, dijo Santos. <\/span><\/p>\n<\/p>\n<p><strong><span class=\"text1noticias\">Acuerdo tripartito<\/span><\/strong><\/p>\n<\/p>\n<p><span class=\"text1noticias\">Santos sostuvo que en estos momentos en el PLD y en la sociedad quisqueyana, \u00abestamos en medio de dos fuerzas de la naturaleza, por un lado est\u00e1n los vientos huracanados (en referencia a Leonel Fern\u00e1ndez) que est\u00e1n azotando el pa\u00eds, y por el otro est\u00e1 una ola tan grande y con tanta agua que ya casi es un tsunami (en referencia a Danilo Medina). <\/span><\/p>\n<p><span class=\"text1noticias\">Asegur\u00f3 que Leonel Fern\u00e1ndez complet\u00f3 un ciclo de la historia dominicana, \u00aby yo personalmente creo que lo hizo muy bien\u00bb, pero indic\u00f3 que ha llegado el momento del ciclo de Danilo, \u00aby un ciclo no se completa en cuatro a\u00f1os\u00bb. <\/span><\/p>\n<\/p>\n<p><span class=\"text1noticias\">\u00abPara que las pol\u00edticas de Danilo Medina queden sembradas, echen ra\u00edces en el pueblo dominicano, se necesita por lo menos ocho a\u00f1os\u00bb, dijo Santos. \u00abPor lo tanto, ha llegado el momento de que los vientos huracanados (Leonel) impulsen la ola de Danilo Medina\u00bb, indic\u00f3.<\/span><\/p>\n<\/p>\n<p><span class=\"text1noticias\">Dijo que ellos quieren la reelecci\u00f3n de Danilo Medina, pero que la quieren con el apoyo sincero y entusiasta de Leonel Fern\u00e1ndez.\u00bbPara un proyecto como \u00e9ste el PLD necesita la unidad monol\u00edtica, y tiene que hacer el sacrificio que sea para lograr esa reforma constitucional que se necesita para implantar el modelo norteamericano de elecci\u00f3n presidencial, y eso va a necesitar que los congresistas del PLD pongan el o\u00eddo en el coraz\u00f3n del pueblo\u00bb, dijo. <\/span><\/p>\n<\/p>\n<p><span class=\"text1noticias\">Santos le hizo un llamado al Comit\u00e9 Pol\u00edtico de su partido, que seg\u00fan los estatutos maneja la pol\u00edtica del PLD, para que este organismo \u00abtambi\u00e9n ponga el o\u00eddo en el coraz\u00f3n del pueblo\u00bb.<\/span><\/p>\n<\/p>\n<p><span class=\"text1noticias\">\u00abComo ya hay un consenso nacional sobre el tema de la reelecci\u00f3n, solo falta el consenso partidario, y eso obliga a una negociaci\u00f3n tripartita entre el expresidente Leonel Fern\u00e1ndez, el compa\u00f1ero Danilo Medina y el Comit\u00e9 Pol\u00edtico\u00bb, subray\u00f3 Santos. <\/span><\/p>\n<\/p>\n<p><span class=\"text1noticias\">Dijo que las condiciones para este proceso est\u00e1n dadas, \u00abya que contamos con un Presidente de quien el pueblo est\u00e1 enamorado\u00bb.<\/span><\/p>\n<\/p>\n<p><span class=\"text1noticias\">\u00abSi logramos que el Presidente acepte estas ideas que estamos planteando, si conseguimos que el partido se ponga de acuerdo al m\u00e1s alto nivel con respecto a su futuro, y si logramos mantener la obra de gobierno y la popularidad del Presidente (Danilo Medina), tendremos PLD por muchos a\u00f1os, para completar el sue\u00f1o de Juan Bosch de una Rep\u00fablica Dominicana sin pobreza, en crecimiento y un pa\u00eds que fuera un ejemplo en el mundo\u00bb, dijo Santos.<\/span><\/p>\n<\/p>\n<p><strong><span class=\"text1noticias\">Disminuci\u00f3n de pobreza<\/span><\/strong><\/p>\n<\/p>\n<p><span class=\"text1noticias\">El presidente del Indotel dijo que el gobierno del presidente Danilo Medina ha logrado combinar la distribuci\u00f3n de la riqueza, la justicia social, sin afectar el crecimiento econ\u00f3mico y la estabilidad de la econom\u00eda.<\/span><\/p>\n<\/p>\n<p><span class=\"text1noticias\">Signific\u00f3 que se sin caer en el populismo se ha logrado disminuir la pobreza en cerca de 8 puntos porcentuales solo en los dos a\u00f1os de gobierno del presidente Medina.<\/span><\/p>\n<\/p>\n<p><span class=\"text1noticias\">Destac\u00f3 las inversiones del gobierno en la educaci\u00f3n citando como logros en ese aspecto el Plan Nacional de Alfabetizaci\u00f3n Quisqueya Aprende Contigo, la construcci\u00f3n y equipamientos escuelas, las tandas extendidas que implican adem\u00e1s de una revoluci\u00f3n educativa, una revoluci\u00f3n social porque las madres solteras que son el 40% de las gu\u00edas de hogar \u00abpodr\u00e1n dejar a sus hijos en las escuelas sabiendo que el Estado los va a alimentar, los va a cuidar y adem\u00e1s los va a educar\u00bb.(HG)<\/span>.<\/p>\n<h6> 2014-10-11 17:34:55 <\/h6>\n<p><!--\n<link rel=\"stylesheet\" href=\"css\/bootstrap.min.css\">\n\n\n<ul class=\"pagination\">\n\t    \n\t\n\n<li >\n\t<a href='?page_no=14347'>Previous<\/a>\n\t<\/li>\n\n\n       \n    \n\n<li><a href='?page_no=1'>1<\/a><\/li>\n\n\n\n<li><a href='?page_no=2'>2<\/a><\/li>\n\n\n\n<li><a>...<\/a><\/li>\n\n\n\n<li><a href='?page_no=14346'>14346<\/a><\/li>\n\n\n\n<li><a href='?page_no=14347'>14347<\/a><\/li>\n\n\n\n<li class='active'><a>14348<\/a><\/li>\n\n\n\n<li><a href='?page_no=14349'>14349<\/a><\/li>\n\n\n\n<li><a href='?page_no=14350'>14350<\/a><\/li>\n\n\n\n<li><a>...<\/a><\/li>\n\n\n\n<li><a href='?page_no=36999'>36999<\/a><\/li>\n\n\n\n<li><a href='?page_no=37000'>37000<\/a><\/li>\n\n    \n\t\n\n<li >\n\t<a href='?page_no=14349'>Next<\/a>\n\t<\/li>\n\n\n    \n\n<li><a href='?page_no=37000'>Last &rsaquo;&rsaquo;<\/a><\/li>\n\n<\/ul>\n\n\n--><br \/>\n<\/body><\/p>\n","protected":false},"excerpt":{"rendered":"<p>Nueva York, EE.UU., 11 de Octubre.-El pueblo dominicano est\u00e1 pidiendo a gritos que el Presidente Danilo Medina se reelija, y para lograrlo s\u00f3lo falta que el Congreso \u00abponga el coraz\u00f3n en el pueblo y reforme la Constituci\u00f3n, a fin de que se establezca el modelo norteamericano de dos periodos de cuatro a\u00f1os\u00bb y nunca jam\u00e1s. [&hellip;]<\/p>\n","protected":false},"author":3,"featured_media":0,"comment_status":"open","ping_status":"open","sticky":false,"template":"","format":"standard","meta":{"footnotes":""},"categories":[22],"tags":[],"class_list":["post-161887","post","type-post","status-publish","format-standard","hentry","category-politica"],"_links":{"self":[{"href":"https:\/\/diariodominicano.com\/index.php?rest_route=\/wp\/v2\/posts\/161887","targetHints":{"allow":["GET"]}}],"collection":[{"href":"https:\/\/diariodominicano.com\/index.php?rest_route=\/wp\/v2\/posts"}],"about":[{"href":"https:\/\/diariodominicano.com\/index.php?rest_route=\/wp\/v2\/types\/post"}],"author":[{"embeddable":true,"href":"https:\/\/diariodominicano.com\/index.php?rest_route=\/wp\/v2\/users\/3"}],"replies":[{"embeddable":true,"href":"https:\/\/diariodominicano.com\/index.php?rest_route=%2Fwp%2Fv2%2Fcomments&post=161887"}],"version-history":[{"count":0,"href":"https:\/\/diariodominicano.com\/index.php?rest_route=\/wp\/v2\/posts\/161887\/revisions"}],"wp:attachment":[{"href":"https:\/\/diariodominicano.com\/index.php?rest_route=%2Fwp%2Fv2%2Fmedia&parent=161887"}],"wp:term":[{"taxonomy":"category","embeddable":true,"href":"https:\/\/diariodominicano.com\/index.php?rest_route=%2Fwp%2Fv2%2Fcategories&post=161887"},{"taxonomy":"post_tag","embeddable":true,"href":"https:\/\/diariodominicano.com\/index.php?rest_route=%2Fwp%2Fv2%2Ftags&post=161887"}],"curies":[{"name":"wp","href":"https:\/\/api.w.org\/{rel}","templated":true}]}}