{"id":161886,"date":"2014-10-11T18:28:16","date_gmt":"2014-10-11T18:28:16","guid":{"rendered":"http:\/\/diariodominicano.ddns.net\/?p=161886"},"modified":"2014-10-11T18:28:16","modified_gmt":"2014-10-11T18:28:16","slug":"dominicanos-alto-manhattan-se-muestran-de-acuerdo-con-propuesta-reeleccion-presidencial","status":"publish","type":"post","link":"https:\/\/diariodominicano.com\/?p=161886","title":{"rendered":"Dominicanos Alto Manhattan se muestran de acuerdo con propuesta reelecci\u00f3n presidencial"},"content":{"rendered":"<p><body><\/p>\n<p><span class=\"text1noticias\">Por Ram\u00f3n Mercedes<\/span><\/p>\n<p><span class=\"text1noticias\"> <\/span><\/p>\n<p><span class=\"text1noticias\">Nueva York,EE.UU., 11 de Octubre.-El setenta y dos por cientos de los dominicanos residentes en el Alto Manhattan se mostr\u00f3 de acuerdo en con la reelecci\u00f3n presidente de Danilo Medina, seg\u00fan sondeo realizado en la zona de mayor presencia quisqueyana en esta urbe.<\/span><\/p>\n<p><span class=\"text1noticias\"> <\/span><\/p>\n<p><span class=\"text1noticias\">Y es que en vista de que la reelecci\u00f3n presidencial en la Rep\u00fablica Dominicana est\u00e1 siendo debatida p\u00fablicamente por diferentes sectores de la sociedad, quien esto escribe realiz\u00f3 este viernes una consulta entre dominicanos residentes en el Alto Manhattan sobre la propuesta del miembro del Comit\u00e9 Pol\u00edtico del Partido de la Liberaci\u00f3n Dominicana (PLD), Ram\u00f3n Ventura Camejo, solicitando la inclusi\u00f3n del tema de la repostulaci\u00f3n en la agenda de la pr\u00f3xima reuni\u00f3n del \u00f3rgano de direcci\u00f3n pelede\u00edsta, y la mayor\u00eda de los criollos se mostraron de acuerdo.<\/span><\/p>\n<p><span class=\"text1noticias\"> <\/span><\/p>\n<p><span class=\"text1noticias\">A los consultados no se les tom\u00f3 en cuenta su afiliaci\u00f3n pol\u00edtica, sexo, regi\u00f3n de donde proceden de la Rep\u00fablica Dominicana, estatus social, ni religi\u00f3n, entre otros factores, pero s\u00ed el acento al hablar del pa\u00eds caribe\u00f1o en la zona altamente poblada y transitada por los quisqueyanos en el vecindario dominicano, a los cuales se le hizo la siguiente pregunta.<\/span><\/p>\n<p><span class=\"text1noticias\"> <\/span><\/p>\n<p><span class=\"text1noticias\">En esta semana un alto dirigente del PLD en la Rep\u00fablica Dominicana someti\u00f3 al comit\u00e9 pol\u00edtico de esa entidad pol\u00edtica la inclusi\u00f3n del tema de la reelecci\u00f3n presidencial, \u00bfusted como dominicano est\u00e1 de acuerdo que se apruebe la reelecci\u00f3n?.<\/span><\/p>\n<p><span class=\"text1noticias\"> <\/span><\/p>\n<p><span class=\"text1noticias\">En Broadway de 9 personas consultadas solo se identificaron cinco, entre ellos Juan Mont\u00e1s Mej\u00eda, Carlos M. Contreras, Mar\u00eda Calca\u00f1o de Le\u00f3n, Eusebio Del Orbe R. y Emilio Meregildo Pe\u00f1a; en Saint Nicholas de 13 fueron Josefina Alc\u00e1ntara de Ch\u00e1vez, Ram\u00f3n Fco. Rivera, Octavio A. Contreras, Jorge Ventura, Miguel Corpor\u00e1n Ure\u00f1a, Ana Marmolejos Rosario, Andr\u00e9s Matos G\u00f3mez y Herminio Bautista.<\/span><\/p>\n<p><span class=\"text1noticias\"> <\/span><\/p>\n<p><span class=\"text1noticias\">Asimismo en la avenida Nagle, de 4, solo Alejandro E. Fern\u00e1ndez; en Dyckman, de 8 quisieron identificarse Francisco Medina, Rodolfo Antonio Guzm\u00e1n, Altagracia Garc\u00eda de N\u00fa\u00f1ez, Moraina Santana de la Hoz y C\u00e9sar Pi\u00f1eyro; en Sherman, de 10 lo hicieron las hermanas Mar\u00eda y Helen Rosario Urb\u00e1ez, Ernesto Hiraldo, Claudio A. Hern\u00e1ndez y Elvyn Luna Rosario.<\/span><\/p>\n<p><span class=\"text1noticias\"> <\/span><\/p>\n<p><span class=\"text1noticias\">Mientras que en las calles 172 fueron entrevistadas 3, nadie quiso identificarse; en la 181 la cantidad de 7, entre ellos Margarita Gonz\u00e1lez de Rodr\u00edguez, Arturo Tejeda, Frank T. Ortega y Juana de Jim\u00e9nez; en la 204 se contactaron 6 y solo dos lo hicieron, Omar R. S\u00e1nchez y Nelson Abreu de la Paz; en la 207 fueron 8 y de eso se identificaron Carmen de la Cruz, Mayra Alt. Ure\u00f1a, Rolfi Esteban Rojas, Monegro Carvajal Ubr\u00ed e Ivonne Espinal.<\/span><\/p>\n<p><span class=\"text1noticias\"> <\/span><\/p>\n<p><span class=\"text1noticias\">Del total de 68 criollos entrevistados este viernes 49 (72.1%) se mostraron de acuerdo con la reelecci\u00f3n; 13 (19.1%) se opusieron y 6 (8.8%) no quisieron contestar.<\/span><\/p>\n<p><span class=\"text1noticias\"> <\/span><\/p>\n<p><span class=\"text1noticias\">El 72.1% en el vecindario dominicano de la Metr\u00f3poli fueron coincidentes en que si el gobierno de turno lo est\u00e1 haciendo bien y a favor de la mayor\u00eda del pueblo, entonces la reelecci\u00f3n es un asunto aceptado y que debe ser aprobada, porque se est\u00e1 beneficiando la educaci\u00f3n, el campo, la pobreza est\u00e1 siendo derrotada, los excluidos est\u00e1n teniendo sus propios negocios con los pr\u00e9stamos del gobierno, a la corrupci\u00f3n se le ha puesto un stop y el analfabetismo quedar\u00e1 eliminado en los pr\u00f3ximos meses, entre otros beneficios institucionales.<\/span><\/p>\n<p><span class=\"text1noticias\"> <\/span><\/p>\n<p><span class=\"text1noticias\">Entre los quisqueyanos que se oponen a la respostulaci\u00f3n, 19.1% fueron coincidentes en que la reelecci\u00f3n presidencial en el pa\u00eds caribe\u00f1o est\u00e1 prohibida por la Constituci\u00f3n y se oponen a una modificaci\u00f3n, y el 8.8% se abstuvo, alegando algunos de ellos que no se meten en pol\u00edtica y que el voto es secreto.<\/span><\/p>\n<p><span class=\"text1noticias\"> <\/span><\/p>\n<p><span class=\"text1noticias\">La propuesta de Ventura Camejo est\u00e1 dirigida a Leonel Fern\u00e1ndez, presidente del PLD;  Danilo Medina, presidente de la Rep\u00fablica, y a los precandidatos del partido morado Reinaldo Pared P\u00e9rez, tambi\u00e9n secretario general del PLD; Francisco Javier Garc\u00eda, Tem\u00edstocles Mont\u00e1s y Radham\u00e9s Segura, reiter\u00e1ndole que la motivaci\u00f3n fundamental de su solicitud es el inter\u00e9s generado en la opini\u00f3n p\u00fablica para que se adopte el modelo norteamericano sobre la repostulaci\u00f3n presidencial, que limita la elecci\u00f3n del Presidente de la Rep\u00fablica a dos per\u00edodos en el ejercicio del Poder Ejecutivo\u00bb.(HG)<\/span>.<\/p>\n<h6> 2014-10-11 18:28:16 <\/h6>\n<p><!--\n<link rel=\"stylesheet\" href=\"css\/bootstrap.min.css\">\n\n\n<ul class=\"pagination\">\n\t    \n\t\n\n<li >\n\t<a href='?page_no=14346'>Previous<\/a>\n\t<\/li>\n\n\n       \n    \n\n<li><a href='?page_no=1'>1<\/a><\/li>\n\n\n\n<li><a href='?page_no=2'>2<\/a><\/li>\n\n\n\n<li><a>...<\/a><\/li>\n\n\n\n<li><a href='?page_no=14345'>14345<\/a><\/li>\n\n\n\n<li><a href='?page_no=14346'>14346<\/a><\/li>\n\n\n\n<li class='active'><a>14347<\/a><\/li>\n\n\n\n<li><a href='?page_no=14348'>14348<\/a><\/li>\n\n\n\n<li><a href='?page_no=14349'>14349<\/a><\/li>\n\n\n\n<li><a>...<\/a><\/li>\n\n\n\n<li><a href='?page_no=36999'>36999<\/a><\/li>\n\n\n\n<li><a href='?page_no=37000'>37000<\/a><\/li>\n\n    \n\t\n\n<li >\n\t<a href='?page_no=14348'>Next<\/a>\n\t<\/li>\n\n\n    \n\n<li><a href='?page_no=37000'>Last &rsaquo;&rsaquo;<\/a><\/li>\n\n<\/ul>\n\n\n--><br \/>\n<\/body><\/p>\n","protected":false},"excerpt":{"rendered":"<p>Por Ram\u00f3n Mercedes Nueva York,EE.UU., 11 de Octubre.-El setenta y dos por cientos de los dominicanos residentes en el Alto Manhattan se mostr\u00f3 de acuerdo en con la reelecci\u00f3n presidente de Danilo Medina, seg\u00fan sondeo realizado en la zona de mayor presencia quisqueyana en esta urbe. Y es que en vista de que la reelecci\u00f3n [&hellip;]<\/p>\n","protected":false},"author":3,"featured_media":0,"comment_status":"open","ping_status":"open","sticky":false,"template":"","format":"standard","meta":{"footnotes":""},"categories":[22],"tags":[],"class_list":["post-161886","post","type-post","status-publish","format-standard","hentry","category-politica"],"_links":{"self":[{"href":"https:\/\/diariodominicano.com\/index.php?rest_route=\/wp\/v2\/posts\/161886","targetHints":{"allow":["GET"]}}],"collection":[{"href":"https:\/\/diariodominicano.com\/index.php?rest_route=\/wp\/v2\/posts"}],"about":[{"href":"https:\/\/diariodominicano.com\/index.php?rest_route=\/wp\/v2\/types\/post"}],"author":[{"embeddable":true,"href":"https:\/\/diariodominicano.com\/index.php?rest_route=\/wp\/v2\/users\/3"}],"replies":[{"embeddable":true,"href":"https:\/\/diariodominicano.com\/index.php?rest_route=%2Fwp%2Fv2%2Fcomments&post=161886"}],"version-history":[{"count":0,"href":"https:\/\/diariodominicano.com\/index.php?rest_route=\/wp\/v2\/posts\/161886\/revisions"}],"wp:attachment":[{"href":"https:\/\/diariodominicano.com\/index.php?rest_route=%2Fwp%2Fv2%2Fmedia&parent=161886"}],"wp:term":[{"taxonomy":"category","embeddable":true,"href":"https:\/\/diariodominicano.com\/index.php?rest_route=%2Fwp%2Fv2%2Fcategories&post=161886"},{"taxonomy":"post_tag","embeddable":true,"href":"https:\/\/diariodominicano.com\/index.php?rest_route=%2Fwp%2Fv2%2Ftags&post=161886"}],"curies":[{"name":"wp","href":"https:\/\/api.w.org\/{rel}","templated":true}]}}