{"id":161885,"date":"2014-10-12T03:13:24","date_gmt":"2014-10-12T03:13:24","guid":{"rendered":"http:\/\/diariodominicano.ddns.net\/?p=161885"},"modified":"2014-10-12T03:13:24","modified_gmt":"2014-10-12T03:13:24","slug":"juventud-del-prm-asume-lucha-del-seis-por-ciento-para-el-sector-salud","status":"publish","type":"post","link":"https:\/\/diariodominicano.com\/?p=161885","title":{"rendered":"Juventud del PRM asume lucha del seis por ciento para el sector salud"},"content":{"rendered":"<p><body><\/p>\n<p><img decoding=\"async\" src=\"img3\/Reid..jpg\" \/>  <\/p>\n<p><span class=\"text1noticias\">Santo Domingo, R. D., 12 de octubre.- La Juventud del Partido Revolucionario Moderno (PRM) asumi\u00f3 la lucha por alcanzar la asignaci\u00f3n presupuestal de un 6 por ciento para el sector salud, aplicando la Ley de Seguridad Social y la descentralizaci\u00f3n del sistema de salud en el pa\u00eds.<\/span><\/p>\n<p><span class=\"text1noticias\"> <\/span><\/p>\n<p><span class=\"text1noticias\">El presidente de la Juventud Revolucionaria Moderna, licenciado Luis Rodr\u00edguez, manifest\u00f3 los resultados del informe sobre los fallecimientos de los infantes en el Robert Reid Cabral refleja la ineficiencia del sistema.<\/span><\/p>\n<p><span class=\"text1noticias\"> <\/span><\/p>\n<p><span class=\"text1noticias\">En tal sentido, indic\u00f3 que luchar\u00e1n junto a la encargada de Salud de la JPRM, y la Directiva Nacional compuesta por Eduardo Pe\u00f1a Blanco, Secretario Nacional de Organizaci\u00f3n; Carolina Serrata M\u00e9ndez, 1era Vicepresidenta Nacional; Carlos Mendieta, 2do Vicepresidente Nacional; Jheyson Amir Garc\u00eda Castillo, Presidente en Funciones; Alan Omar Checo Alonso, Secretario Nacional de Modernizaci\u00f3n; Marco Baldera, Secretario Nacional de Asuntos Electorales; Abel Rodr\u00edguez, Secretario Nacional de Asuntos Municipales; Jensi Acosta, Secretario Nacional de Redes Sociales y Siria Frias, Directora de Salud.<\/span><\/p>\n<p><span class=\"text1noticias\"> <\/span><\/p>\n<p><span class=\"text1noticias\">\u00abNo es posible, dijo, que hospitales como CEDIMAT, reciban cuatros veces m\u00e1s recursos que el Robert Reid Cabral y as\u00ed otros hospitales que son semi-privados reciben m\u00e1s log\u00edsticas que los p\u00fablicos donde tienen acceso la mayor\u00eda de la poblaci\u00f3n dominicana.<\/span><\/p>\n<p><span class=\"text1noticias\"> <\/span><\/p>\n<p><span class=\"text1noticias\">Expresamos nuestra solidaridad ante el dolor que sufren las familias de los miles de infantes que perecen en los hospitales, especialmente, los del Robert Reid Cabral y exigimos que el estado asuma su papel protag\u00f3nico adecuando realmente los hospitales, para que no vuelvan a ocurrir desgracias como estas.<\/span><\/p>\n<p><span class=\"text1noticias\"> <\/span><\/p>\n<p><span class=\"text1noticias\">En la vigilia celebrada en las inmediaciones del Hospital Infantil Dr. Robert Reid Cabral, con un encendido de velas y vestidos de negro.<\/span><\/p>\n<p><span class=\"text1noticias\"> <\/span><\/p>\n<p><span class=\"text1noticias\">Los j\u00f3venes exigen al Presidente Danilo Medina aplicar un seis por ciento del Producto Interno Bruto (PIB) para financiar la modernizaci\u00f3n del sistema sanitario dominicano.<\/span><\/p>\n<p><span class=\"text1noticias\"> <\/span><\/p>\n<p><span class=\"text1noticias\">Entre los asistentes estuvieron Edward Campusano, Ely Encarnaci\u00f3n, Evelyn Bonilla, Robert Medina, Rachell Mej\u00eda entre<\/span> otros.<\/p>\n<h6> 2014-10-12 03:13:24 <\/h6>\n<p><!--\n<link rel=\"stylesheet\" href=\"css\/bootstrap.min.css\">\n\n\n<ul class=\"pagination\">\n\t    \n\t\n\n<li >\n\t<a href='?page_no=14345'>Previous<\/a>\n\t<\/li>\n\n\n       \n    \n\n<li><a href='?page_no=1'>1<\/a><\/li>\n\n\n\n<li><a href='?page_no=2'>2<\/a><\/li>\n\n\n\n<li><a>...<\/a><\/li>\n\n\n\n<li><a href='?page_no=14344'>14344<\/a><\/li>\n\n\n\n<li><a href='?page_no=14345'>14345<\/a><\/li>\n\n\n\n<li class='active'><a>14346<\/a><\/li>\n\n\n\n<li><a href='?page_no=14347'>14347<\/a><\/li>\n\n\n\n<li><a href='?page_no=14348'>14348<\/a><\/li>\n\n\n\n<li><a>...<\/a><\/li>\n\n\n\n<li><a href='?page_no=36999'>36999<\/a><\/li>\n\n\n\n<li><a href='?page_no=37000'>37000<\/a><\/li>\n\n    \n\t\n\n<li >\n\t<a href='?page_no=14347'>Next<\/a>\n\t<\/li>\n\n\n    \n\n<li><a href='?page_no=37000'>Last &rsaquo;&rsaquo;<\/a><\/li>\n\n<\/ul>\n\n\n--><br \/>\n<\/body><\/p>\n","protected":false},"excerpt":{"rendered":"<p>Santo Domingo, R. D., 12 de octubre.- La Juventud del Partido Revolucionario Moderno (PRM) asumi\u00f3 la lucha por alcanzar la asignaci\u00f3n presupuestal de un 6 por ciento para el sector salud, aplicando la Ley de Seguridad Social y la descentralizaci\u00f3n del sistema de salud en el pa\u00eds. El presidente de la Juventud Revolucionaria Moderna, licenciado [&hellip;]<\/p>\n","protected":false},"author":3,"featured_media":0,"comment_status":"open","ping_status":"open","sticky":false,"template":"","format":"standard","meta":{"footnotes":""},"categories":[22],"tags":[],"class_list":["post-161885","post","type-post","status-publish","format-standard","hentry","category-politica"],"_links":{"self":[{"href":"https:\/\/diariodominicano.com\/index.php?rest_route=\/wp\/v2\/posts\/161885","targetHints":{"allow":["GET"]}}],"collection":[{"href":"https:\/\/diariodominicano.com\/index.php?rest_route=\/wp\/v2\/posts"}],"about":[{"href":"https:\/\/diariodominicano.com\/index.php?rest_route=\/wp\/v2\/types\/post"}],"author":[{"embeddable":true,"href":"https:\/\/diariodominicano.com\/index.php?rest_route=\/wp\/v2\/users\/3"}],"replies":[{"embeddable":true,"href":"https:\/\/diariodominicano.com\/index.php?rest_route=%2Fwp%2Fv2%2Fcomments&post=161885"}],"version-history":[{"count":0,"href":"https:\/\/diariodominicano.com\/index.php?rest_route=\/wp\/v2\/posts\/161885\/revisions"}],"wp:attachment":[{"href":"https:\/\/diariodominicano.com\/index.php?rest_route=%2Fwp%2Fv2%2Fmedia&parent=161885"}],"wp:term":[{"taxonomy":"category","embeddable":true,"href":"https:\/\/diariodominicano.com\/index.php?rest_route=%2Fwp%2Fv2%2Fcategories&post=161885"},{"taxonomy":"post_tag","embeddable":true,"href":"https:\/\/diariodominicano.com\/index.php?rest_route=%2Fwp%2Fv2%2Ftags&post=161885"}],"curies":[{"name":"wp","href":"https:\/\/api.w.org\/{rel}","templated":true}]}}