{"id":161883,"date":"2014-10-12T15:50:28","date_gmt":"2014-10-12T15:50:28","guid":{"rendered":"http:\/\/diariodominicano.ddns.net\/?p=161883"},"modified":"2014-10-12T15:50:28","modified_gmt":"2014-10-12T15:50:28","slug":"fernando-rosa-dice-la-victoria-no-se-la-despinta-nadie","status":"publish","type":"post","link":"https:\/\/diariodominicano.com\/?p=161883","title":{"rendered":"Fernando Rosa dice la victoria no se la despinta nadie"},"content":{"rendered":"<p><body><\/p>\n<p><img decoding=\"async\" src=\"img3\/eligido.jpg\" \/>  <\/p>\n<p><span class=\"text1noticias\">Santiago, RD, 12 de Octubre.-El Aspirante a la alcald\u00eda por el PLD, en Santiago, Licenciado Fernando Rosa valor\u00f3 como positivo los mano a mano que realizaron en el Ejido y la comunidad de Gurabo, el cual manifest\u00f3 que con el apoyo que recibe en cada actividad, es una clara visi\u00f3n, de que en el 2016, estaremos dirigiendo el Ayuntamiento Municipal de la ciudad coraz\u00f3n. <\/span><\/p>\n<\/p>\n<p><span class=\"text1noticias\">Una inmensa cantidad de seguidores acompa\u00f1aron al el Licenciado Fernando Rosa, caminando por las calles de ambos sectores y fue recibido por millares de personas de todos los extractos sociales que ped\u00edan que les permitieran estrecharles las manos y otros a darle un efusivo abrazo.<\/span><\/p>\n<\/p>\n<p><span class=\"text1noticias\">Al Mano a Mano se unieron representantes de organizaciones populares y Juntas de Vecinos, quienes est\u00e1n convencidos de que en las pr\u00f3ximas elecciones se producir\u00e1 un cambio en la administraci\u00f3n municipal para que beneficie al municipio de Santiago y los Santiagueros.<\/span><\/p>\n<\/p>\n<p><span class=\"text1noticias\">La actividad concit\u00f3 una gran acogida de los residentes en los sectores El Ejido y Gurabo de Santiago, quienes manifestaron sus deseos de que el Licenciado Fernando Rosa sea el pr\u00f3ximo alcalde de la ciudad.<\/span><\/p>\n<\/p>\n<p><span class=\"text1noticias\">Fernando Rosa resalt\u00f3 que su candidatura contin\u00faa elevando una s\u00f3lida popularidad en la poblaci\u00f3n de Santiago y que el buen porcentaje de simpat\u00eda partidaria, el cual lo posiciona como el favorito entre los dem\u00e1s precandidatos a la alcald\u00eda del PLD.<\/span><\/p>\n<\/p>\n<p><span class=\"text1noticias\">\u00abYa tu, puede ver la reciprocidad y la algarab\u00eda que existe aqu\u00ed en esto sectores, cuando notan mi presencia y no tengo la m\u00ednima dudas, que el PLD, volver\u00e1 a gobernar en el municipio de Santiago, y ese alcalde ser\u00e9 yo\u00bb, expreso Fernando Rosa.<\/span><\/p>\n<\/p>\n<p><span class=\"text1noticias\">Manifest\u00f3 que las expectativas de su candidatura al alcalde, est\u00e1 s\u00f3lidamente posicionada, con m\u00e1s de un 17 por ciento por encimas de los dem\u00e1s precandidatos.<\/span><\/p>\n<\/p>\n<p><span class=\"text1noticias\">\u00abVamos, entre todos, a rescatar esta ciudad que est\u00e1 pr\u00e1cticamente abandonada, estancada y sin autoridades que se preocupen en la soluci\u00f3n de los problemas. Ya que en los \u00faltimos 20 a\u00f1os, tenemos gobiernos locales, que lo \u00fanico que han hecho es enriquecerse con el dinero del pueblo, pero eso cambiar\u00e1 en la pr\u00f3xima administraci\u00f3n que vamos a encabezar\u00bb dijo el aspirante a la alcald\u00eda.<\/span><\/p>\n<\/p>\n<p><span class=\"text1noticias\">Dijo que el apoyo recibido en las actividades realizadas en ambos sectores es una muestra m\u00e1s del fortalecimiento que tiene su Candidatura, el cual manifest\u00f3 que con la ayuda de Dios, en el 2016, Santiago tendr\u00e1 un alcalde que se preocup\u00e9 por la ciudad.<\/span><\/p>\n<\/p>\n<p><span class=\"text1noticias\">\u00abEsta victoria no la despinta nadie, ser\u00e1 dirigida por un verdadero Santiaguero, con conocimiento pol\u00edtico para dirigir el progreso y desarrollo de Santiago y as\u00ed devolverle al municipio la paz y la tranquila que por m\u00e1s de 20 a\u00f1os lo tienen sumergido\u00bb manifest\u00f3 Fernando Rosa.<\/span><\/p>\n<\/p>\n<p><span class=\"text1noticias\">Agradeci\u00f3 a los dirigentes pol\u00edticos de cada una de las barriadas donde estuvo realizando la caminata dominada mano a mano, el cual valoro con mucho orgullo el trabajo que han venido realizando a favor de su candidatura en el municipio de Santiago.(HG)<\/span>.  <\/p>\n<h6> 2014-10-12 15:50:28 <\/h6>\n<p><!--\n<link rel=\"stylesheet\" href=\"css\/bootstrap.min.css\">\n\n\n<ul class=\"pagination\">\n\t    \n\t\n\n<li >\n\t<a href='?page_no=14343'>Previous<\/a>\n\t<\/li>\n\n\n       \n    \n\n<li><a href='?page_no=1'>1<\/a><\/li>\n\n\n\n<li><a href='?page_no=2'>2<\/a><\/li>\n\n\n\n<li><a>...<\/a><\/li>\n\n\n\n<li><a href='?page_no=14342'>14342<\/a><\/li>\n\n\n\n<li><a href='?page_no=14343'>14343<\/a><\/li>\n\n\n\n<li class='active'><a>14344<\/a><\/li>\n\n\n\n<li><a href='?page_no=14345'>14345<\/a><\/li>\n\n\n\n<li><a href='?page_no=14346'>14346<\/a><\/li>\n\n\n\n<li><a>...<\/a><\/li>\n\n\n\n<li><a href='?page_no=36999'>36999<\/a><\/li>\n\n\n\n<li><a href='?page_no=37000'>37000<\/a><\/li>\n\n    \n\t\n\n<li >\n\t<a href='?page_no=14345'>Next<\/a>\n\t<\/li>\n\n\n    \n\n<li><a href='?page_no=37000'>Last &rsaquo;&rsaquo;<\/a><\/li>\n\n<\/ul>\n\n\n--><br \/>\n<\/body><\/p>\n","protected":false},"excerpt":{"rendered":"<p>Santiago, RD, 12 de Octubre.-El Aspirante a la alcald\u00eda por el PLD, en Santiago, Licenciado Fernando Rosa valor\u00f3 como positivo los mano a mano que realizaron en el Ejido y la comunidad de Gurabo, el cual manifest\u00f3 que con el apoyo que recibe en cada actividad, es una clara visi\u00f3n, de que en el 2016, [&hellip;]<\/p>\n","protected":false},"author":3,"featured_media":0,"comment_status":"open","ping_status":"open","sticky":false,"template":"","format":"standard","meta":{"footnotes":""},"categories":[22],"tags":[],"class_list":["post-161883","post","type-post","status-publish","format-standard","hentry","category-politica"],"_links":{"self":[{"href":"https:\/\/diariodominicano.com\/index.php?rest_route=\/wp\/v2\/posts\/161883","targetHints":{"allow":["GET"]}}],"collection":[{"href":"https:\/\/diariodominicano.com\/index.php?rest_route=\/wp\/v2\/posts"}],"about":[{"href":"https:\/\/diariodominicano.com\/index.php?rest_route=\/wp\/v2\/types\/post"}],"author":[{"embeddable":true,"href":"https:\/\/diariodominicano.com\/index.php?rest_route=\/wp\/v2\/users\/3"}],"replies":[{"embeddable":true,"href":"https:\/\/diariodominicano.com\/index.php?rest_route=%2Fwp%2Fv2%2Fcomments&post=161883"}],"version-history":[{"count":0,"href":"https:\/\/diariodominicano.com\/index.php?rest_route=\/wp\/v2\/posts\/161883\/revisions"}],"wp:attachment":[{"href":"https:\/\/diariodominicano.com\/index.php?rest_route=%2Fwp%2Fv2%2Fmedia&parent=161883"}],"wp:term":[{"taxonomy":"category","embeddable":true,"href":"https:\/\/diariodominicano.com\/index.php?rest_route=%2Fwp%2Fv2%2Fcategories&post=161883"},{"taxonomy":"post_tag","embeddable":true,"href":"https:\/\/diariodominicano.com\/index.php?rest_route=%2Fwp%2Fv2%2Ftags&post=161883"}],"curies":[{"name":"wp","href":"https:\/\/api.w.org\/{rel}","templated":true}]}}