{"id":161880,"date":"2014-10-12T18:02:22","date_gmt":"2014-10-12T18:02:22","guid":{"rendered":"http:\/\/diariodominicano.ddns.net\/?p=161880"},"modified":"2014-10-12T18:02:22","modified_gmt":"2014-10-12T18:02:22","slug":"dirigente-politico-dice-seria-traumatico-para-el-pais-que-dm-se-embarque-en-reeleccion","status":"publish","type":"post","link":"https:\/\/diariodominicano.com\/?p=161880","title":{"rendered":"Dirigente pol\u00edtico dice ser\u00eda traum\u00e1tico para el pa\u00eds que DM se embarque en reelecci\u00f3n"},"content":{"rendered":"<p><body><\/p>\n<p><img decoding=\"async\" src=\"img3\/angel 12.jpg\" \/>  <\/p>\n<p>Santo Domingo RD 12 octubre.- El licenciado \u00c1ngel Lockward dijo este domingo  que el presidente Danilo Medina debe aclarar si busca o no la reelecci\u00f3n presidencial, y no dejar que gente muy cercana a \u00e9l est\u00e9 hablando sobre el tema.  <\/p>\n<\/p>\n<p>Entiende que ser\u00eda muy traum\u00e1tico para el pa\u00eds que el presidente Medina se embarque en buscar la reelecci\u00f3n presidencial.  <\/p>\n<\/p>\n<p>\u00abLa reelecci\u00f3n ha sido tema muy recurrente en la historia pol\u00edtica dominicana\u00bb,  indic\u00f3 Lockward al participar en el programa \u00abAeromundo\u00bb que produce el periodista Guillermo G\u00f3mez.<\/p>\n<\/p>\n<p>Consider\u00f3 que Medina debe pensar seriamente, \u00absi \u00e9l, dejando que gente suya hable de reelecci\u00f3n, se va a embarcar en modificar la Carta Sustantiva; para modificar la Constituci\u00f3n porque va a necesitar 16 senadores, y creo que no los tiene; y para esto va a necesitar de 111 diputados de los 200, creo que no los tiene\u00bb.<\/p>\n<\/p>\n<p>Explic\u00f3 que luego de eso tendr\u00eda que ir a una Asamblea Nacional, donde se requiere de dos tercios de cada c\u00e1mara, aunque la Constituci\u00f3n no est\u00e1 clara sobre este punto, es decir, si requiere dos tercio de los presentes para modificar la Carta Sustantiva, que ser\u00edan 85, o se requiere dos tercio de la matr\u00edcula de la Asamblea.<\/p>\n<\/p>\n<p>A\u00f1adi\u00f3 que luego de este paso, tendr\u00eda que ir al Tribunal Constitucional a discutir si una modificaci\u00f3n constitucional a un presidente que jur\u00f3 respetar la Carta Magna es aplicable a \u00e9l, o si requiere dos tercio de la matr\u00edcula o de los votos presentes.<\/p>\n<\/p>\n<p>Adem\u00e1s dijo  que ser\u00eda un  absurdo que 85 votos de la Asamblea pueda modificar la Carta Sustantiva y que esto  podr\u00eda cambiar el curso de la historia.          <\/p>\n<\/p>\n<p>Finalmente, Lockward exhort\u00f3 a los partidos de la oposici\u00f3n actuar con madurez pol\u00edtica, porque si estos no act\u00faan  con criterio no hay democracia en el pa\u00eds.<\/p>\n<\/p>\n<p>Indic\u00f3 que lo hecho por el PLD, \u00abha sido hecho  porque se destruy\u00f3 a la oposici\u00f3n pol\u00edtica, ha sido un error que atenta contra quienes incubaron y lo desarrollaron\u00bb, not\u00f3 el dirigente pol\u00edtico.<\/p>\n<\/p>\n<p>Expres\u00f3 que el PLD es el partido que tiene el control de todas las instituciones del Estado. Entiende que sus l\u00edderes, Danilo y Leonel, tienen el deber con el pa\u00eds de garantizar que las cosas comiencen a hacerse mejor.<\/p>\n<\/p>\n<p>Entiende que deben someter a control real a su propia gente, porque todos los se\u00f1alamientos que se hacen son a miembros del Comit\u00e9 Central del PLD.<\/p>\n<\/p>\n<p>\u00abNo es posible que en la justicia un miembro del Comit\u00e9 Central del PLD juzgue a otro de ese mismo organismo\u00bb, observ\u00f3.<\/p>\n<h6> 2014-10-12 18:02:22 <\/h6>\n<p><!--\n<link rel=\"stylesheet\" href=\"css\/bootstrap.min.css\">\n\n\n<ul class=\"pagination\">\n\t    \n\t\n\n<li >\n\t<a href='?page_no=14340'>Previous<\/a>\n\t<\/li>\n\n\n       \n    \n\n<li><a href='?page_no=1'>1<\/a><\/li>\n\n\n\n<li><a href='?page_no=2'>2<\/a><\/li>\n\n\n\n<li><a>...<\/a><\/li>\n\n\n\n<li><a href='?page_no=14339'>14339<\/a><\/li>\n\n\n\n<li><a href='?page_no=14340'>14340<\/a><\/li>\n\n\n\n<li class='active'><a>14341<\/a><\/li>\n\n\n\n<li><a href='?page_no=14342'>14342<\/a><\/li>\n\n\n\n<li><a href='?page_no=14343'>14343<\/a><\/li>\n\n\n\n<li><a>...<\/a><\/li>\n\n\n\n<li><a href='?page_no=36999'>36999<\/a><\/li>\n\n\n\n<li><a href='?page_no=37000'>37000<\/a><\/li>\n\n    \n\t\n\n<li >\n\t<a href='?page_no=14342'>Next<\/a>\n\t<\/li>\n\n\n    \n\n<li><a href='?page_no=37000'>Last &rsaquo;&rsaquo;<\/a><\/li>\n\n<\/ul>\n\n\n--><br \/>\n<\/body><\/p>\n","protected":false},"excerpt":{"rendered":"<p>Santo Domingo RD 12 octubre.- El licenciado \u00c1ngel Lockward dijo este domingo que el presidente Danilo Medina debe aclarar si busca o no la reelecci\u00f3n presidencial, y no dejar que gente muy cercana a \u00e9l est\u00e9 hablando sobre el tema. Entiende que ser\u00eda muy traum\u00e1tico para el pa\u00eds que el presidente Medina se embarque en [&hellip;]<\/p>\n","protected":false},"author":3,"featured_media":0,"comment_status":"open","ping_status":"open","sticky":false,"template":"","format":"standard","meta":{"footnotes":""},"categories":[22],"tags":[],"class_list":["post-161880","post","type-post","status-publish","format-standard","hentry","category-politica"],"_links":{"self":[{"href":"https:\/\/diariodominicano.com\/index.php?rest_route=\/wp\/v2\/posts\/161880","targetHints":{"allow":["GET"]}}],"collection":[{"href":"https:\/\/diariodominicano.com\/index.php?rest_route=\/wp\/v2\/posts"}],"about":[{"href":"https:\/\/diariodominicano.com\/index.php?rest_route=\/wp\/v2\/types\/post"}],"author":[{"embeddable":true,"href":"https:\/\/diariodominicano.com\/index.php?rest_route=\/wp\/v2\/users\/3"}],"replies":[{"embeddable":true,"href":"https:\/\/diariodominicano.com\/index.php?rest_route=%2Fwp%2Fv2%2Fcomments&post=161880"}],"version-history":[{"count":0,"href":"https:\/\/diariodominicano.com\/index.php?rest_route=\/wp\/v2\/posts\/161880\/revisions"}],"wp:attachment":[{"href":"https:\/\/diariodominicano.com\/index.php?rest_route=%2Fwp%2Fv2%2Fmedia&parent=161880"}],"wp:term":[{"taxonomy":"category","embeddable":true,"href":"https:\/\/diariodominicano.com\/index.php?rest_route=%2Fwp%2Fv2%2Fcategories&post=161880"},{"taxonomy":"post_tag","embeddable":true,"href":"https:\/\/diariodominicano.com\/index.php?rest_route=%2Fwp%2Fv2%2Ftags&post=161880"}],"curies":[{"name":"wp","href":"https:\/\/api.w.org\/{rel}","templated":true}]}}