{"id":161877,"date":"2014-10-13T15:23:54","date_gmt":"2014-10-13T15:23:54","guid":{"rendered":"http:\/\/diariodominicano.ddns.net\/?p=161877"},"modified":"2014-10-13T15:23:54","modified_gmt":"2014-10-13T15:23:54","slug":"el-doctor-julio-cesar-valentin-dictara-conferencia-valores-fundamentales-de-un-partido-progresista-en-espana","status":"publish","type":"post","link":"https:\/\/diariodominicano.com\/?p=161877","title":{"rendered":"El doctor Julio C\u00e9sar Valent\u00edn, dictar\u00e1 conferencia \u00abValores Fundamentales de un Partido Progresista\u00bb en Espa\u00f1a"},"content":{"rendered":"<p><body><\/p>\n<p><img decoding=\"async\" src=\"img3\/cesar 13.jpg\" \/>  <\/p>\n<p>Madrid, Espa\u00f1a 13 octubre.- La Direcci\u00f3n Seccional Alberto Aybar de Madrid, del Partido de la Liberaci\u00f3n Dominicana (PLD) tiene el honor de invitar a todos los miembros y simpatizantes de Madrid, de Espa\u00f1a y de Europa a la conferencia titulada \u00abValores Fundamentales de un Partido Progresista\u00bb a celebrarse el pr\u00f3ximo s\u00e1bado 18 de octubre de 2014 a las 18:00 horas (6:00 pm) en el Local del Partido, sito Calle Otamendi No. 5, Sector Estrecho, Madrid-Espa\u00f1a.  <\/p>\n<\/p>\n<p>La conferencia ser\u00e1 dictada por el  doctor Julio C\u00e9sar Valent\u00edn, miembro del Comit\u00e9 Pol\u00edtico del PLD y Senador por la Provincia de Santiago de los Caballeros. <\/p>\n<\/p>\n<p>El doctor Valent\u00edn es egresado de la Facultad de Derecho de la Universidad Tecnol\u00f3gica de Santiago (UTESA), con postgrado en Relaciones Internacionales y diplomado en el Centro Regional Universitario de Santiago de la Universidad Aut\u00f3noma de Santo Domingo (UASD). Ha realizado cursos de postgrado en Comercio Exterior, Relaciones Internacionales y Diplomacia, en la Pontificia Universidad Cat\u00f3lica Madre y Maestra y tambi\u00e9n en Arbitraje Internacional en la Universidad de La Habana y en la Universidad Complutense de Madrid. Cursa maestr\u00eda en Ciencia Pol\u00edtica Para el Desarrollo en el Instituto Global Democracia y Desarrollo y la Universidad de Salamanca. <\/p>\n<\/p>\n<p>El doctor Frank Bencosme, Presidente  del partido morado en la capital madrile\u00f1a, envi\u00f3 un mensaje positivo a la militancia y al mismo tiempo manifest\u00f3 su entusiasmo y alta valoraci\u00f3n por la unidad monol\u00edtica que exhibe el partido de gobierno contrario a otras agrupaciones pol\u00edticas de la Rep\u00fablica Dominicana. <\/p>\n<h6> 2014-10-13 15:23:54 <\/h6>\n<p><!--\n<link rel=\"stylesheet\" href=\"css\/bootstrap.min.css\">\n\n\n<ul class=\"pagination\">\n\t    \n\t\n\n<li >\n\t<a href='?page_no=14338'>Previous<\/a>\n\t<\/li>\n\n\n       \n    \n\n<li><a href='?page_no=1'>1<\/a><\/li>\n\n\n\n<li><a href='?page_no=2'>2<\/a><\/li>\n\n\n\n<li><a>...<\/a><\/li>\n\n\n\n<li><a href='?page_no=14337'>14337<\/a><\/li>\n\n\n\n<li><a href='?page_no=14338'>14338<\/a><\/li>\n\n\n\n<li class='active'><a>14339<\/a><\/li>\n\n\n\n<li><a href='?page_no=14340'>14340<\/a><\/li>\n\n\n\n<li><a href='?page_no=14341'>14341<\/a><\/li>\n\n\n\n<li><a>...<\/a><\/li>\n\n\n\n<li><a href='?page_no=36999'>36999<\/a><\/li>\n\n\n\n<li><a href='?page_no=37000'>37000<\/a><\/li>\n\n    \n\t\n\n<li >\n\t<a href='?page_no=14340'>Next<\/a>\n\t<\/li>\n\n\n    \n\n<li><a href='?page_no=37000'>Last &rsaquo;&rsaquo;<\/a><\/li>\n\n<\/ul>\n\n\n--><br \/>\n<\/body><\/p>\n","protected":false},"excerpt":{"rendered":"<p>Madrid, Espa\u00f1a 13 octubre.- La Direcci\u00f3n Seccional Alberto Aybar de Madrid, del Partido de la Liberaci\u00f3n Dominicana (PLD) tiene el honor de invitar a todos los miembros y simpatizantes de Madrid, de Espa\u00f1a y de Europa a la conferencia titulada \u00abValores Fundamentales de un Partido Progresista\u00bb a celebrarse el pr\u00f3ximo s\u00e1bado 18 de octubre de [&hellip;]<\/p>\n","protected":false},"author":3,"featured_media":0,"comment_status":"open","ping_status":"open","sticky":false,"template":"","format":"standard","meta":{"footnotes":""},"categories":[22],"tags":[],"class_list":["post-161877","post","type-post","status-publish","format-standard","hentry","category-politica"],"_links":{"self":[{"href":"https:\/\/diariodominicano.com\/index.php?rest_route=\/wp\/v2\/posts\/161877","targetHints":{"allow":["GET"]}}],"collection":[{"href":"https:\/\/diariodominicano.com\/index.php?rest_route=\/wp\/v2\/posts"}],"about":[{"href":"https:\/\/diariodominicano.com\/index.php?rest_route=\/wp\/v2\/types\/post"}],"author":[{"embeddable":true,"href":"https:\/\/diariodominicano.com\/index.php?rest_route=\/wp\/v2\/users\/3"}],"replies":[{"embeddable":true,"href":"https:\/\/diariodominicano.com\/index.php?rest_route=%2Fwp%2Fv2%2Fcomments&post=161877"}],"version-history":[{"count":0,"href":"https:\/\/diariodominicano.com\/index.php?rest_route=\/wp\/v2\/posts\/161877\/revisions"}],"wp:attachment":[{"href":"https:\/\/diariodominicano.com\/index.php?rest_route=%2Fwp%2Fv2%2Fmedia&parent=161877"}],"wp:term":[{"taxonomy":"category","embeddable":true,"href":"https:\/\/diariodominicano.com\/index.php?rest_route=%2Fwp%2Fv2%2Fcategories&post=161877"},{"taxonomy":"post_tag","embeddable":true,"href":"https:\/\/diariodominicano.com\/index.php?rest_route=%2Fwp%2Fv2%2Ftags&post=161877"}],"curies":[{"name":"wp","href":"https:\/\/api.w.org\/{rel}","templated":true}]}}