{"id":161876,"date":"2014-10-13T15:29:31","date_gmt":"2014-10-13T15:29:31","guid":{"rendered":"http:\/\/diariodominicano.ddns.net\/?p=161876"},"modified":"2014-10-13T15:29:31","modified_gmt":"2014-10-13T15:29:31","slug":"aristy-escuder-y-jose-alejandro-ayuso-se-retractan-de-acusaciones-contra-felix-bautista-en-miami","status":"publish","type":"post","link":"https:\/\/diariodominicano.com\/?p=161876","title":{"rendered":"Aristy Escuder y Jos\u00e9 Alejandro Ayuso se retractan de acusaciones contra F\u00e9lix Bautista en Miami&#13;"},"content":{"rendered":"<p><body><\/p>\n<p><img decoding=\"async\" src=\"img3\/libro 13.jpg\" \/><br \/><img decoding=\"async\" src=\"img3\/docu 13.jpg\" \/>  <\/p>\n<p>Miami, Florida 13 octubre. Luego de un a\u00f1o del litigio, el economista Jaime Aristy Escuder y Jos\u00e9 Alejandro Ayuso reconocieron haber recibido documentos que prueban que el senador por San Juan, F\u00e9lix Bautista, no sustrajo fondos en el caso de la Sun Land. <\/p>\n<\/p>\n<p>Se recuerda que en septiembre del a\u00f1o 2013, el senador Bautista demand\u00f3 por 25 millones de d\u00f3lares por difamaci\u00f3n y da\u00f1os al economista Escuder y a Ayuso en la Corte del 11vo. Circuito del Condado de Miami Dade. <\/p>\n<\/p>\n<p>En un documento de retractaci\u00f3n,   Escuder, autor del libro \u00abEl lado oscuro de la Sun Land\u00bb, que contiene las difamaciones, \u00abreconoce que con posterioridad a la publicaci\u00f3n surgieron documentos que aclararon imprecisiones que contiene el libro, y toma conocimiento de decisiones judiciales en la Rep\u00fablica Dominicana, como la resoluci\u00f3n n\u00famero 03093, seg\u00fan la cual \u00abno se ha producido transgresi\u00f3n de ninguna de las normas que revisten punibilidad\u00bb. <\/p>\n<\/p>\n<p>Asimismo, Escuder y Ayuso reconocieron \u00abque mediante la auditor\u00eda del Colegio Dominicano de Ingenieros, Arquitectos y Agrimensores, CODIA, las obras ejecutadas en el contrato que hab\u00eda suscrito el Estado dominicano con la Sun Land  en la UASD, se hicieron a \u00abPrecio Razonable acorde al mercado, tomando en consideraci\u00f3n el costo de los equipos y la tecnolog\u00eda\u00bb. <\/p>\n<\/p>\n<p>El economista y el abogado admitieron, adem\u00e1s, que \u00abde acuerdo a la decisi\u00f3n judicial n\u00famero 03093, se descarta cualquier indicio de responsabilidad penal sobre los funcionarios responsables de la contrataci\u00f3n y supervisi\u00f3n de estas obras. Es evidente que en la especie el Estado dominicano no ha sido perjudicado, por el contrario, ha recibido con conformidad las obras contratadas las cuales est\u00e1n siendo utilizadas para los fines sociales que fueron concebidas.\u00bb <\/p>\n<\/p>\n<p>Las partes acuerdan  poner fin a la litis surgida entre ellas en Miami y desisten de interponer acci\u00f3n judicial alguna, de cualquier naturaleza, ante la jurisdicci\u00f3n dominicana o en el extranjero con relaci\u00f3n a la publicaci\u00f3n del libro y la informaci\u00f3n contenida en el mismo.<\/p>\n<\/p>\n<p>De su lado, la Sun Land reconoce la validez de las cl\u00e1usulas previamente mencionadas en el acuerdo, se adhiere a las mismas  y se compromete a no demandar al Estado Dominicano por este caso. <\/p>\n<\/p>\n<p>Escuder reconoce que el libro \u00abEl lado oscuro de la Sun Land\u00bb no se escribi\u00f3 con intenci\u00f3n difamatoria ni con mala fe. <\/p>\n<\/p>\n<p>El acuerdo que pone fin a la demanda fue firmado por Jaime Aristy Escuder, Jos\u00e9 Alejandro Ayuso, F\u00e9lix Bautista y Daniel Mej\u00eda en fecha 26 de julio de 2014.<\/p>\n<\/p>\n<h6> 2014-10-13 15:29:31 <\/h6>\n<p><!--\n<link rel=\"stylesheet\" href=\"css\/bootstrap.min.css\">\n\n\n<ul class=\"pagination\">\n\t    \n\t\n\n<li >\n\t<a href='?page_no=14337'>Previous<\/a>\n\t<\/li>\n\n\n       \n    \n\n<li><a href='?page_no=1'>1<\/a><\/li>\n\n\n\n<li><a href='?page_no=2'>2<\/a><\/li>\n\n\n\n<li><a>...<\/a><\/li>\n\n\n\n<li><a href='?page_no=14336'>14336<\/a><\/li>\n\n\n\n<li><a href='?page_no=14337'>14337<\/a><\/li>\n\n\n\n<li class='active'><a>14338<\/a><\/li>\n\n\n\n<li><a href='?page_no=14339'>14339<\/a><\/li>\n\n\n\n<li><a href='?page_no=14340'>14340<\/a><\/li>\n\n\n\n<li><a>...<\/a><\/li>\n\n\n\n<li><a href='?page_no=36999'>36999<\/a><\/li>\n\n\n\n<li><a href='?page_no=37000'>37000<\/a><\/li>\n\n    \n\t\n\n<li >\n\t<a href='?page_no=14339'>Next<\/a>\n\t<\/li>\n\n\n    \n\n<li><a href='?page_no=37000'>Last &rsaquo;&rsaquo;<\/a><\/li>\n\n<\/ul>\n\n\n--><br \/>\n<\/body><\/p>\n","protected":false},"excerpt":{"rendered":"<p>Miami, Florida 13 octubre. Luego de un a\u00f1o del litigio, el economista Jaime Aristy Escuder y Jos\u00e9 Alejandro Ayuso reconocieron haber recibido documentos que prueban que el senador por San Juan, F\u00e9lix Bautista, no sustrajo fondos en el caso de la Sun Land. Se recuerda que en septiembre del a\u00f1o 2013, el senador Bautista demand\u00f3 [&hellip;]<\/p>\n","protected":false},"author":3,"featured_media":0,"comment_status":"open","ping_status":"open","sticky":false,"template":"","format":"standard","meta":{"footnotes":""},"categories":[22],"tags":[],"class_list":["post-161876","post","type-post","status-publish","format-standard","hentry","category-politica"],"_links":{"self":[{"href":"https:\/\/diariodominicano.com\/index.php?rest_route=\/wp\/v2\/posts\/161876","targetHints":{"allow":["GET"]}}],"collection":[{"href":"https:\/\/diariodominicano.com\/index.php?rest_route=\/wp\/v2\/posts"}],"about":[{"href":"https:\/\/diariodominicano.com\/index.php?rest_route=\/wp\/v2\/types\/post"}],"author":[{"embeddable":true,"href":"https:\/\/diariodominicano.com\/index.php?rest_route=\/wp\/v2\/users\/3"}],"replies":[{"embeddable":true,"href":"https:\/\/diariodominicano.com\/index.php?rest_route=%2Fwp%2Fv2%2Fcomments&post=161876"}],"version-history":[{"count":0,"href":"https:\/\/diariodominicano.com\/index.php?rest_route=\/wp\/v2\/posts\/161876\/revisions"}],"wp:attachment":[{"href":"https:\/\/diariodominicano.com\/index.php?rest_route=%2Fwp%2Fv2%2Fmedia&parent=161876"}],"wp:term":[{"taxonomy":"category","embeddable":true,"href":"https:\/\/diariodominicano.com\/index.php?rest_route=%2Fwp%2Fv2%2Fcategories&post=161876"},{"taxonomy":"post_tag","embeddable":true,"href":"https:\/\/diariodominicano.com\/index.php?rest_route=%2Fwp%2Fv2%2Ftags&post=161876"}],"curies":[{"name":"wp","href":"https:\/\/api.w.org\/{rel}","templated":true}]}}