{"id":161875,"date":"2014-10-13T17:37:55","date_gmt":"2014-10-13T17:37:55","guid":{"rendered":"http:\/\/diariodominicano.ddns.net\/?p=161875"},"modified":"2014-10-13T17:37:55","modified_gmt":"2014-10-13T17:37:55","slug":"jce-recibe-de-cancilleria-el-oficio-sobre-la-audiencia-de-rd-en-cidh-por-la-ley-169-14","status":"publish","type":"post","link":"https:\/\/diariodominicano.com\/?p=161875","title":{"rendered":"JCE recibe de canciller\u00eda el oficio sobre la audiencia de RD en CIDH por la Ley 169-14&#13;"},"content":{"rendered":"<p><body><\/p>\n<p><img decoding=\"async\" src=\"img3\/junta 13.jpg\" \/>  <\/p>\n<p>Santo Domingo RD 13 octubre.- La miembro titular de la Junta central Electoral, doctora Rosario Graciano confirm\u00f3 que esa instituci\u00f3n recibi\u00f3 mediante oficio de la canciller\u00eda la invitaci\u00f3n que hace la Comisi\u00f3n Internacional de los Derechos Humano que tiene que ver con el aspecto de la aplicaci\u00f3n de la Ley 169-14.<\/p>\n<\/p>\n<p>Graciano, aclara al canciller de la Rep\u00fablica Andr\u00e9s navarro Garc\u00eda que lo que all\u00ed se va a conocer es la situaci\u00f3n de padres extranjeros declarados con documentos diferentes a los establecidos por la 659-14,es decir carnet de CEA, pasaportes y otros documentos no se\u00f1alados por la ley y que ese encuentran figurando en los libros de registros de la JCE.<\/p>\n<\/p>\n<p>Mientras que en el documento enviado al organismo electoral, Navarro refiere que se conocer\u00e1 el team referente a conceder la ciudadan\u00eda dominicana a los hijos de padres extranjeros  en condici\u00f3n irregular nacidos en el pa\u00eds.<\/p>\n<\/p>\n<p>\u00bb Queremos expresar que la Junta Central Electoral, recibi\u00f3 oficialmente mediante oficio 024818 del 7 de octubre la convocatoria para la audiencia tem\u00e1tica que se celebrar\u00e1 el 31 de octubre de este a\u00f1o\u00bb, acot\u00f3.<\/p>\n<\/p>\n<p>En tanto que para este mi\u00e9rcoles 15 ha sido convocado el Pleno de la JCE  donde se discutir\u00e1n varios puntos entre los que figuran  el oficio suscrito por el presidente del organismo electoral remitido ala UAP- JCE donde se realizan las propuestas del \u00abPlan Nacional de Compras para el a\u00f1o 2015.<\/p>\n<\/p>\n<p>Igualmente se conocer\u00e1 los resultados de la reuni\u00f3n los resultados dela reuni\u00f3n de la Comisi\u00f3n de Pol\u00edticas de G\u00e9neros que presidente la magistrada Rosario Graciano y una comunicaci\u00f3n donde el Partido Revolucionario Moderno remite el acta de la asamblea de los miembros del  Comit\u00e9 Nacional del Partido Alianza Dominicana.<\/p>\n<\/p>\n<p>Y por \u00faltimo el Pleno de la Junta Central Electoral conocer\u00e1 el informe preliminar hasta el 23 de septiembre del 2014 de los partidos y movimientos que han solicitado ser reconocidos por esa instituci\u00f3n,<\/p>\n<\/p>\n<h6> 2014-10-13 17:37:55 <\/h6>\n<p><!--\n<link rel=\"stylesheet\" href=\"css\/bootstrap.min.css\">\n\n\n<ul class=\"pagination\">\n\t    \n\t\n\n<li >\n\t<a href='?page_no=14336'>Previous<\/a>\n\t<\/li>\n\n\n       \n    \n\n<li><a href='?page_no=1'>1<\/a><\/li>\n\n\n\n<li><a href='?page_no=2'>2<\/a><\/li>\n\n\n\n<li><a>...<\/a><\/li>\n\n\n\n<li><a href='?page_no=14335'>14335<\/a><\/li>\n\n\n\n<li><a href='?page_no=14336'>14336<\/a><\/li>\n\n\n\n<li class='active'><a>14337<\/a><\/li>\n\n\n\n<li><a href='?page_no=14338'>14338<\/a><\/li>\n\n\n\n<li><a href='?page_no=14339'>14339<\/a><\/li>\n\n\n\n<li><a>...<\/a><\/li>\n\n\n\n<li><a href='?page_no=36999'>36999<\/a><\/li>\n\n\n\n<li><a href='?page_no=37000'>37000<\/a><\/li>\n\n    \n\t\n\n<li >\n\t<a href='?page_no=14338'>Next<\/a>\n\t<\/li>\n\n\n    \n\n<li><a href='?page_no=37000'>Last &rsaquo;&rsaquo;<\/a><\/li>\n\n<\/ul>\n\n\n--><br \/>\n<\/body><\/p>\n","protected":false},"excerpt":{"rendered":"<p>Santo Domingo RD 13 octubre.- La miembro titular de la Junta central Electoral, doctora Rosario Graciano confirm\u00f3 que esa instituci\u00f3n recibi\u00f3 mediante oficio de la canciller\u00eda la invitaci\u00f3n que hace la Comisi\u00f3n Internacional de los Derechos Humano que tiene que ver con el aspecto de la aplicaci\u00f3n de la Ley 169-14. Graciano, aclara al canciller [&hellip;]<\/p>\n","protected":false},"author":3,"featured_media":0,"comment_status":"open","ping_status":"open","sticky":false,"template":"","format":"standard","meta":{"footnotes":""},"categories":[22],"tags":[],"class_list":["post-161875","post","type-post","status-publish","format-standard","hentry","category-politica"],"_links":{"self":[{"href":"https:\/\/diariodominicano.com\/index.php?rest_route=\/wp\/v2\/posts\/161875","targetHints":{"allow":["GET"]}}],"collection":[{"href":"https:\/\/diariodominicano.com\/index.php?rest_route=\/wp\/v2\/posts"}],"about":[{"href":"https:\/\/diariodominicano.com\/index.php?rest_route=\/wp\/v2\/types\/post"}],"author":[{"embeddable":true,"href":"https:\/\/diariodominicano.com\/index.php?rest_route=\/wp\/v2\/users\/3"}],"replies":[{"embeddable":true,"href":"https:\/\/diariodominicano.com\/index.php?rest_route=%2Fwp%2Fv2%2Fcomments&post=161875"}],"version-history":[{"count":0,"href":"https:\/\/diariodominicano.com\/index.php?rest_route=\/wp\/v2\/posts\/161875\/revisions"}],"wp:attachment":[{"href":"https:\/\/diariodominicano.com\/index.php?rest_route=%2Fwp%2Fv2%2Fmedia&parent=161875"}],"wp:term":[{"taxonomy":"category","embeddable":true,"href":"https:\/\/diariodominicano.com\/index.php?rest_route=%2Fwp%2Fv2%2Fcategories&post=161875"},{"taxonomy":"post_tag","embeddable":true,"href":"https:\/\/diariodominicano.com\/index.php?rest_route=%2Fwp%2Fv2%2Ftags&post=161875"}],"curies":[{"name":"wp","href":"https:\/\/api.w.org\/{rel}","templated":true}]}}