{"id":161873,"date":"2014-10-13T20:43:49","date_gmt":"2014-10-13T20:43:49","guid":{"rendered":"http:\/\/diariodominicano.ddns.net\/?p=161873"},"modified":"2014-10-13T20:43:49","modified_gmt":"2014-10-13T20:43:49","slug":"afirma-manejo-de-comerciante-en-la-politica-de-miguel-vargas-no-permite-la-funcion-de-oposicion-del-prd","status":"publish","type":"post","link":"https:\/\/diariodominicano.com\/?p=161873","title":{"rendered":"Afirma manejo de comerciante en la pol\u00edtica de Miguel Vargas no permite la funci\u00f3n de oposici\u00f3n del PRD"},"content":{"rendered":"<p><body><\/p>\n<p><img decoding=\"async\" src=\"img3\/Guido.jpg\" \/>  <\/p>\n<p><span class=\"text1noticias\">Santo Domingo, RD, 13 de Octubre.-El dirigente pol\u00edtico Guido G\u00f3mez Mazara afirm\u00f3 que el manejo de comerciante que ejerce Miguel Vargas Maldonado en la pol\u00edtica no permite que el Partido Revolucionario Dominicano (PRD) realice su funci\u00f3n de opositor.<\/span><\/p>\n<\/p>\n<p><span class=\"text1noticias\">Guido G\u00f3mez expres\u00f3 que las actividades comerciales de Vargas Maldonado afectan el desarrollo del partido perrede\u00edsta, el cual necesita una reforma que acompa\u00f1e el sentir ciudadano y no el inter\u00e9s personal.<\/span><\/p>\n<\/p>\n<p><span class=\"text1noticias\">Al ser entrevistado por el periodista Salvador Holgu\u00edn en el programa \u00a8Hilando Fino\u00a8 que se transmite por Teleradio Am\u00e9rica canal 45 a las 8:00 AM, G\u00f3mez Mazara dijo que Vargas ha puesto la empresa por encima del PRD.<\/span><\/p>\n<\/p>\n<p><span class=\"text1noticias\">El dirigente perrede\u00edsta indic\u00f3 que en el momento en que la sociedad requiere una cr\u00edtica sobre alguna actividad del gobierno, el PRD no responde, debido a que el PRD no articula propuestas para combatir al Partido de la Liberaci\u00f3n Dominicano (PLD), por lo que expres\u00f3 que esta organizaci\u00f3n  ha fracasado.  <\/span><\/p>\n<\/p>\n<p><span class=\"text1noticias\">Enfatiz\u00f3 que la sociedad est\u00e1 demandando un modelo de pol\u00edticos diferentes, por lo que dijo que el Partido Revolucionario ha sido deficiente en entender que la democracia moderna es medi\u00e1tica.<\/span><\/p>\n<\/p>\n<p><strong><span class=\"text1noticias\">Decisi\u00f3n del Tribunal Superior Electoral<\/span><\/strong><\/p>\n<\/p>\n<p><span class=\"text1noticias\">Guido G\u00f3mez Mazara asegur\u00f3 que tiene firme confianza en el Tribunal Superior Electoral (TSE), y que ser\u00e1 el presidente del PRD, una vez sea dictada la sentencia que anular\u00e1 el supuesto triunfo de Miguel Vargas puesto que la institucionalidad derrotar\u00e1 a la \u00abma\u00f1oser\u00eda pol\u00edtica\u00bb.<\/span><\/p>\n<\/p>\n<p><span class=\"text1noticias\">El dirigente indic\u00f3 que si el Tribunal no responde a sus demandas por los acontecimientos que tuvieron lugar en la pasada convenci\u00f3n del PRD, simplemente est\u00e1 validando las violaciones que se presentaron en el proceso.<\/span><\/p>\n<p><span class=\"text1noticias\"><strong>Relaci\u00f3n con el PRM <\/strong><\/span><\/p>\n<\/p>\n<p><span class=\"text1noticias\">G\u00f3mez Mazara habl\u00f3 de su relaci\u00f3n con los miembros del Partido Revolucionario Moderno (PRM), y dijo que siente un gran respeto y aprecio por muchos de ellos.<\/span><\/p>\n<\/p>\n<p><span class=\"text1noticias\">Al referirse directamente a Hip\u00f3lito Mej\u00eda, expres\u00f3 que no muerde la mano de quien le da de comer y que alrededor de Mej\u00eda su \u00fanico verdadero amigo es \u00e9l.(HG)<\/span>.<\/p>\n<h6> 2014-10-13 20:43:49 <\/h6>\n<p><!--\n<link rel=\"stylesheet\" href=\"css\/bootstrap.min.css\">\n\n\n<ul class=\"pagination\">\n\t    \n\t\n\n<li >\n\t<a href='?page_no=14334'>Previous<\/a>\n\t<\/li>\n\n\n       \n    \n\n<li><a href='?page_no=1'>1<\/a><\/li>\n\n\n\n<li><a href='?page_no=2'>2<\/a><\/li>\n\n\n\n<li><a>...<\/a><\/li>\n\n\n\n<li><a href='?page_no=14333'>14333<\/a><\/li>\n\n\n\n<li><a href='?page_no=14334'>14334<\/a><\/li>\n\n\n\n<li class='active'><a>14335<\/a><\/li>\n\n\n\n<li><a href='?page_no=14336'>14336<\/a><\/li>\n\n\n\n<li><a href='?page_no=14337'>14337<\/a><\/li>\n\n\n\n<li><a>...<\/a><\/li>\n\n\n\n<li><a href='?page_no=36999'>36999<\/a><\/li>\n\n\n\n<li><a href='?page_no=37000'>37000<\/a><\/li>\n\n    \n\t\n\n<li >\n\t<a href='?page_no=14336'>Next<\/a>\n\t<\/li>\n\n\n    \n\n<li><a href='?page_no=37000'>Last &rsaquo;&rsaquo;<\/a><\/li>\n\n<\/ul>\n\n\n--><br \/>\n<\/body><\/p>\n","protected":false},"excerpt":{"rendered":"<p>Santo Domingo, RD, 13 de Octubre.-El dirigente pol\u00edtico Guido G\u00f3mez Mazara afirm\u00f3 que el manejo de comerciante que ejerce Miguel Vargas Maldonado en la pol\u00edtica no permite que el Partido Revolucionario Dominicano (PRD) realice su funci\u00f3n de opositor. Guido G\u00f3mez expres\u00f3 que las actividades comerciales de Vargas Maldonado afectan el desarrollo del partido perrede\u00edsta, el [&hellip;]<\/p>\n","protected":false},"author":3,"featured_media":0,"comment_status":"open","ping_status":"open","sticky":false,"template":"","format":"standard","meta":{"footnotes":""},"categories":[22],"tags":[],"class_list":["post-161873","post","type-post","status-publish","format-standard","hentry","category-politica"],"_links":{"self":[{"href":"https:\/\/diariodominicano.com\/index.php?rest_route=\/wp\/v2\/posts\/161873","targetHints":{"allow":["GET"]}}],"collection":[{"href":"https:\/\/diariodominicano.com\/index.php?rest_route=\/wp\/v2\/posts"}],"about":[{"href":"https:\/\/diariodominicano.com\/index.php?rest_route=\/wp\/v2\/types\/post"}],"author":[{"embeddable":true,"href":"https:\/\/diariodominicano.com\/index.php?rest_route=\/wp\/v2\/users\/3"}],"replies":[{"embeddable":true,"href":"https:\/\/diariodominicano.com\/index.php?rest_route=%2Fwp%2Fv2%2Fcomments&post=161873"}],"version-history":[{"count":0,"href":"https:\/\/diariodominicano.com\/index.php?rest_route=\/wp\/v2\/posts\/161873\/revisions"}],"wp:attachment":[{"href":"https:\/\/diariodominicano.com\/index.php?rest_route=%2Fwp%2Fv2%2Fmedia&parent=161873"}],"wp:term":[{"taxonomy":"category","embeddable":true,"href":"https:\/\/diariodominicano.com\/index.php?rest_route=%2Fwp%2Fv2%2Fcategories&post=161873"},{"taxonomy":"post_tag","embeddable":true,"href":"https:\/\/diariodominicano.com\/index.php?rest_route=%2Fwp%2Fv2%2Ftags&post=161873"}],"curies":[{"name":"wp","href":"https:\/\/api.w.org\/{rel}","templated":true}]}}