{"id":161872,"date":"2014-10-13T21:47:17","date_gmt":"2014-10-13T21:47:17","guid":{"rendered":"http:\/\/diariodominicano.ddns.net\/?p=161872"},"modified":"2014-10-13T21:47:17","modified_gmt":"2014-10-13T21:47:17","slug":"udc-pide-formar-cordon-sanitario-en-la-frontera-para-prevenir-entrada-del-ebola","status":"publish","type":"post","link":"https:\/\/diariodominicano.com\/?p=161872","title":{"rendered":"UDC pide formar cord\u00f3n sanitario en la frontera para prevenir entrada del \u00e9bola"},"content":{"rendered":"<p><body><\/p>\n<p><img decoding=\"async\" src=\"img3\/gallo.jpg\" \/>  <\/p>\n<p><span class=\"text1noticias\">Santo Domingo, RD, 13 de Octubre.-El Presidente de La Uni\u00f3n Dem\u00f3crata Cristiana -UDC-, Luis Acosta Moreta -Luis El Gallo- solicit\u00f3 al Ministerio de Salud P\u00fablica que en una acci\u00f3n combinada con el Ministerio de Defensa y otras instituciones del Estado se forme un cord\u00f3n sanitario en la frontera dominico-haitiana, para evitar una eventual llegada de la mortal enfermedad del \u00c9bola a Rep\u00fablica Dominicana.<\/span><\/p>\n<\/p>\n<p><span class=\"text1noticias\">El dirigente pol\u00edtico record\u00f3 que el virus del \u00c9bola ya hizo acto de presencia en Brasil, un pa\u00eds de Am\u00e9rica del Sur con un intenso intercambio a\u00e9reo con Hait\u00ed, una naci\u00f3n vecina de Rep\u00fablica Dominicana de donde llegan cada d\u00eda cientos de haitianos y haitianas al territorio nacional.<\/span><\/p>\n<\/p>\n<p><span class=\"text1noticias\">Agreg\u00f3, Luis Acosta Moreta, que el \u00c9bola ya fue definido por La Organizaci\u00f3n Mundial de la Salud -OMS- como la peor emergencia sanitaria de los \u00faltimos tiempos, raz\u00f3n m\u00e1s que suficiente para que las autoridades dominicanas tomen medidas de control sanitario en la frontera con Hait\u00ed.<\/span><\/p>\n<p><span class=\"text1noticias\">    <\/span><\/p>\n<p><span class=\"text1noticias\">   \u00abEl Ministerio de Las Fuerzas Armadas a trav\u00e9s del Cesfront y conjuntamente con el Ministerio de Salud P\u00fablica est\u00e1n en la obligaci\u00f3n de establecer un cord\u00f3n sanitario en la frontera, pero hacerlo de forma real no imaginaria\u00bb, precis\u00f3 Luis El Gallo.<\/span><\/p>\n<\/p>\n<p><span class=\"text1noticias\">Acosta Moreta enfatiz\u00f3 que la reci\u00e9n-juramentada ministra de Salud P\u00fablica, Altagracia Guzm\u00e1n Marcelino, a quien defini\u00f3 como una eficiente funcionaria, tiene la oportunidad de demostrar una vez m\u00e1s toda su capacidad en el \u00e1rea sanitaria, tomando las urgentes medidas que se necesitan para salvar el pueblo dominicano del virus del \u00c9bola.<\/span><\/p>\n<\/p>\n<p><span class=\"text1noticias\">Sostuvo que las medidas de prevenci\u00f3n contra el \u00c9bola deben extenderse a puertos, muelles y aeropuertos, esencialmente en los vuelos procedentes de pa\u00edses que ya tienen la presencia del virus.<\/span><\/p>\n<\/p>\n<p><span class=\"text1noticias\">    \u00abEl \u00c9bola es una enfermedad altamente infecciosa. A donde llega sus efectos en p\u00e9rdidas humanas y econ\u00f3micas son devastadores\u00bb, advirti\u00f3 el Presidente de La Uni\u00f3n Dem\u00f3crata Cristiana -UDC-<\/span>.      <\/p>\n<h6> 2014-10-13 21:47:17 <\/h6>\n<p><!--\n<link rel=\"stylesheet\" href=\"css\/bootstrap.min.css\">\n\n\n<ul class=\"pagination\">\n\t    \n\t\n\n<li >\n\t<a href='?page_no=14333'>Previous<\/a>\n\t<\/li>\n\n\n       \n    \n\n<li><a href='?page_no=1'>1<\/a><\/li>\n\n\n\n<li><a href='?page_no=2'>2<\/a><\/li>\n\n\n\n<li><a>...<\/a><\/li>\n\n\n\n<li><a href='?page_no=14332'>14332<\/a><\/li>\n\n\n\n<li><a href='?page_no=14333'>14333<\/a><\/li>\n\n\n\n<li class='active'><a>14334<\/a><\/li>\n\n\n\n<li><a href='?page_no=14335'>14335<\/a><\/li>\n\n\n\n<li><a href='?page_no=14336'>14336<\/a><\/li>\n\n\n\n<li><a>...<\/a><\/li>\n\n\n\n<li><a href='?page_no=36999'>36999<\/a><\/li>\n\n\n\n<li><a href='?page_no=37000'>37000<\/a><\/li>\n\n    \n\t\n\n<li >\n\t<a href='?page_no=14335'>Next<\/a>\n\t<\/li>\n\n\n    \n\n<li><a href='?page_no=37000'>Last &rsaquo;&rsaquo;<\/a><\/li>\n\n<\/ul>\n\n\n--><br \/>\n<\/body><\/p>\n","protected":false},"excerpt":{"rendered":"<p>Santo Domingo, RD, 13 de Octubre.-El Presidente de La Uni\u00f3n Dem\u00f3crata Cristiana -UDC-, Luis Acosta Moreta -Luis El Gallo- solicit\u00f3 al Ministerio de Salud P\u00fablica que en una acci\u00f3n combinada con el Ministerio de Defensa y otras instituciones del Estado se forme un cord\u00f3n sanitario en la frontera dominico-haitiana, para evitar una eventual llegada de [&hellip;]<\/p>\n","protected":false},"author":3,"featured_media":0,"comment_status":"open","ping_status":"open","sticky":false,"template":"","format":"standard","meta":{"footnotes":""},"categories":[22],"tags":[],"class_list":["post-161872","post","type-post","status-publish","format-standard","hentry","category-politica"],"_links":{"self":[{"href":"https:\/\/diariodominicano.com\/index.php?rest_route=\/wp\/v2\/posts\/161872","targetHints":{"allow":["GET"]}}],"collection":[{"href":"https:\/\/diariodominicano.com\/index.php?rest_route=\/wp\/v2\/posts"}],"about":[{"href":"https:\/\/diariodominicano.com\/index.php?rest_route=\/wp\/v2\/types\/post"}],"author":[{"embeddable":true,"href":"https:\/\/diariodominicano.com\/index.php?rest_route=\/wp\/v2\/users\/3"}],"replies":[{"embeddable":true,"href":"https:\/\/diariodominicano.com\/index.php?rest_route=%2Fwp%2Fv2%2Fcomments&post=161872"}],"version-history":[{"count":0,"href":"https:\/\/diariodominicano.com\/index.php?rest_route=\/wp\/v2\/posts\/161872\/revisions"}],"wp:attachment":[{"href":"https:\/\/diariodominicano.com\/index.php?rest_route=%2Fwp%2Fv2%2Fmedia&parent=161872"}],"wp:term":[{"taxonomy":"category","embeddable":true,"href":"https:\/\/diariodominicano.com\/index.php?rest_route=%2Fwp%2Fv2%2Fcategories&post=161872"},{"taxonomy":"post_tag","embeddable":true,"href":"https:\/\/diariodominicano.com\/index.php?rest_route=%2Fwp%2Fv2%2Ftags&post=161872"}],"curies":[{"name":"wp","href":"https:\/\/api.w.org\/{rel}","templated":true}]}}