{"id":161871,"date":"2014-10-14T19:15:46","date_gmt":"2014-10-14T19:15:46","guid":{"rendered":"http:\/\/diariodominicano.ddns.net\/?p=161871"},"modified":"2014-10-14T19:15:46","modified_gmt":"2014-10-14T19:15:46","slug":"pld-obtiene-presidencia-adjunta-copppal-juvenil","status":"publish","type":"post","link":"https:\/\/diariodominicano.com\/?p=161871","title":{"rendered":"&#13;&#13;&#13;PLD obtiene Presidencia Adjunta Copppal-Juvenil"},"content":{"rendered":"<p><body><\/p>\n<p><img decoding=\"async\" src=\"img3\/juventudpld.jpg\" \/>  <\/p>\n<\/p>\n<p><span class=\"text1noticias\"> <\/span><\/p>\n<p><span class=\"text1noticias\">Santo Domingo, RD, 14 octubre.- Claritza De La Cruz, miembro del Comit\u00e9 Central del Partido de la Liberaci\u00f3n Dominicana (PLD),  fue seleccionada   Presidenta  Adjunta de la COPPPAL-Juvenil, en el marco de la celebraci\u00f3n de la XXXII reuni\u00f3n plenaria de la Conferencia de Partidos Pol\u00edticos de Am\u00e9rica Latina y el Caribe (COPPPAL), que se realiz\u00f3 del 11 al 14 en Managua, Nicaragua.<\/span><\/p>\n<p><span class=\"text1noticias\"> <\/span><\/p>\n<p><span class=\"text1noticias\">De la Cruz, integrante de la delegaci\u00f3n del PLD,  fue escogida en la plenaria de la COPPPAL-Juvenil, reunida previa a la plenaria general  que fue clausurada este lunes con la declaraci\u00f3n de Managua<\/span><\/p>\n<p><span class=\"text1noticias\"> <\/span><\/p>\n<p><span class=\"text1noticias\">La delegaci\u00f3n peledeista que particip\u00f3 en el conclave de los partidos progresistas de Am\u00e9rica Latina y el Caribe,  desarrollado en Managua. Nicaragua,   fue encabezada Manolo Pichardo, miembro del Comit\u00e9 Central del Partido de la Liberaci\u00f3n Dominicana (PLD) y vicepresidente de la COPPPAL, quien es parte de la comisi\u00f3n organizadora de la reci\u00e9n concluir\u00e1 reuni\u00f3n.<\/span><\/p>\n<p><span class=\"text1noticias\"> <\/span><\/p>\n<p><span class=\"text1noticias\">Cada octubre los partidos pol\u00edticos miembros de la COPPPAL se re\u00fanen en comisiones, sus cap\u00edtulos de Mujeres y Juventud y su Plenaria, debatiendo temas de inter\u00e9s general en la regi\u00f3n.<\/span><\/p>\n<p><span class=\"text1noticias\"> <\/span><\/p>\n<p><span class=\"text1noticias\">Desde Rep\u00fablica Dominicana la direcci\u00f3n pol\u00edtica del PLD envi\u00f3 una nota de felicitaci\u00f3n a  de la Cruz por escogencia como presidenta   Adjunta de la COPPPAL-Juvenil, destacando as\u00ed la participaci\u00f3n de la juventud dominicana en un foro pol\u00edtico  de importancia y trascendencia en la regi\u00f3n<\/span><\/p>\n<p><span class=\"text1noticias\"> <\/span><\/p>\n<p><span class=\"text1noticias\">\u00abEs una expresi\u00f3n del  fortalecimiento que muestra el PLD como estructura partidaria en nuestro pa\u00eds.  Ese ha sido uno de los motivos por la cual los partidos miembros que conforman COPPPAL, han depositado la confianza una vez m\u00e1s en el PLD para obtener puestos directivos del organismo que aglutina a partidos pol\u00edticos  de Am\u00e9rica Latina y el Caribe\u00bb se expresa en el mensaje del PLD agradeciendo la escogencia de uno de sus miembros como directivo<\/span><\/p>\n<p><span class=\"text1noticias\"> <\/span><\/p>\n<\/p>\n<p><span class=\"text1noticias\">Declaraci\u00f3n final<\/span><\/p>\n<p><span class=\"text1noticias\"> <\/span><\/p>\n<p><span class=\"text1noticias\">Los representantes latinoamericanos que participaron en la XXXII Conferencia Permanente de Partidos Pol\u00edticos de Am\u00e9rica Latina y el Caribe (Copppal), aprobaron una declaraci\u00f3n en la que demandan un mayor compromiso en la lucha contra la pobreza; el fin del colonialismo en la regi\u00f3n y en el mundo; y apoyar los esfuerzos del desarrollo sustentable para enfrentar el cambio clim\u00e1tico.<\/span><\/p>\n<\/p>\n<p><span class=\"text1noticias\">En los considerandos de la Declaraci\u00f3n de Managua, los miembros de Copppal tambi\u00e9n expresaron que debe reconocerse la labor de los gobiernos progresistas de Am\u00e9rica Latina y el Caribe para ir construyendo el buen vivir de la poblaci\u00f3n.<\/span><\/p>\n<\/p>\n<p><span class=\"text1noticias\">Adem\u00e1s rechazaron la persistencia de cualquier tipo de colonialismo en el mundo y en la regi\u00f3n, haciendo referencia a la situaci\u00f3n de Puerto Rico, pa\u00eds que es mantenido como una colonia por los Estados Unidos.<\/span><\/p>\n<\/p>\n<p><span class=\"text1noticias\">Se\u00f1alaron que el cambio clim\u00e1tico es una amenaza para Am\u00e9rica Latina, y para el mundo, por lo tanto desde la Copppal se deben apoyar los esfuerzos de desarrollo sustentable para enfrentar la variabilidad clim\u00e1tica.<\/span><\/p>\n<\/p>\n<p><span class=\"text1noticias\">En su resoluci\u00f3n, los miembros de Copppal exhortan a los gobiernos progresistas de la regi\u00f3n para que adopten pol\u00edticas que conduzcan a eliminar la desigualdad y la extrema pobreza, mediante la consolidaci\u00f3n de procesos democr\u00e1ticos y soberanos.<\/span><\/p>\n<\/p>\n<p><span class=\"text1noticias\">Se invita a influir en la adopci\u00f3n de mecanismos para revertir la amenaza del Cambio Clim\u00e1tico que afecta a todo el planeta.<\/span><\/p>\n<\/p>\n<p><span class=\"text1noticias\">Respaldar el reclamo argentino por la soberan\u00eda de las Islas Malvinas y por la lucha contra los fondos buitres y llama a impulsar desde la Celac y Naciones Unidas la campa\u00f1a por la descolonizaci\u00f3n de Puerto Rico.<\/span><\/p>\n<\/p>\n<p><span class=\"text1noticias\">Los miembros de Copppal expresaron su solidaridad con Cuba, especialmente en el enfrentamiento del bloqueo impuesto por Estados Unidos y en el reclamo de la liberaci\u00f3n de los 3 antiterroristas cubanos que permanecen encarcelados en el imperio.<\/span><\/p>\n<\/p>\n<p><span class=\"text1noticias\">El acto encabezado por el presidente de Nicaragua, Daniel Ortega, quien tuvo las palabras finales de clausura, los partidos miembros de Copppal reiteraron su respaldo total al proyecto del Gran Canal Interoce\u00e1nico de Nicaragua, cuya infraestructura monumental incidir\u00e1 en un incremento sustantivo de los vol\u00famenes de comercio y crear\u00e1 mejores empleos para el pa\u00eds.<\/span><\/p>\n<\/p>\n<p><span class=\"text1noticias\">Entre otros puntos, establecen la necesidad de que los pa\u00edses implementen marcos jur\u00eddicos de los trabajadores migrantes tomando en cuenta los principios y convenios de la OIT; condenaron el asesinato del diputado venezolano; y exhortaron a los pa\u00edses de la regi\u00f3n a tomar las medidas necesarias para evitar que el \u00e9bola se propague por la regi\u00f3n.<\/span><\/p>\n<\/p>\n<p><span class=\"text1noticias\">Los miembros de Copppal se solidarizaron con la familia de Antonio Cafiero, dirigente peronista y miembro de Copppal, quien falleci\u00f3 en Argentina a los 92 a\u00f1os de edad.<\/span><\/p>\n<\/p>\n<p><span class=\"text1noticias\">En su declaraci\u00f3n final tambi\u00e9n se reconoci\u00f3 y felicit\u00f3 al Frente Sandinista de Liberaci\u00f3n Nacional (FSLN) y al Gobierno del Comandante Daniel y la Compa\u00f1era Rosario Murillo, por la implementaci\u00f3n de un modelo Cristiano, Socialista y Solidario, con pol\u00edticas p\u00fablicas integrales dirigidas a la restituci\u00f3n de derechos fundamentales de las familias nicarag\u00fcenses.<\/span><\/p>\n<\/p>\n<p><span class=\"text1noticias\">Se\u00f1alaron que gracias a ese modelo Nicaragua ha recibido reconocimientos nacionales e internacionales en temas como reducci\u00f3n de la pobreza, nutrici\u00f3n, seguridad alimentaria y migraciones.<\/span><\/p>\n<p><span class=\"text1noticias\"> <\/span><\/p>\n<p><span class=\"text1noticias\">La delegaci\u00f3n estuvo tambi\u00e9n integrada por Cristian Beltr\u00e9 y Jos\u00e9 Feliz Medrano, vicesecretarios de la Juventud peledeista y Waskar G\u00f3mez, auxiliar t\u00e9cnico y administrativo de COPPPAL.<\/span><\/p>\n<p><span class=\"text1noticias\"> <\/span><\/p>\n<p><span class=\"text1noticias\">La Conferencia Permanente de Partidos Pol\u00edticos de Am\u00e9rica Latina y el Caribe (COPPPAL) es el foro de partidos pol\u00edticos m\u00e1s importantes de Am\u00e9rica Latina y el Caribe, que funciona desde 1979.<\/span><\/p>\n<p><span class=\"text1noticias\"> <\/span><\/p>\n<p><span class=\"text1noticias\">La Plenaria de este a\u00f1o que se desarroll\u00f3 del 11 al 14 del corriente mes de octubre, en Managua, Nicaragua tuvo como partido anfitri\u00f3n al Frente Sandinista de Liberaci\u00f3n Nacional (FSLN).<\/span><\/p>\n<h6> 2014-10-14 19:15:46 <\/h6>\n<p><!--\n<link rel=\"stylesheet\" href=\"css\/bootstrap.min.css\">\n\n\n<ul class=\"pagination\">\n\t    \n\t\n\n<li >\n\t<a href='?page_no=14332'>Previous<\/a>\n\t<\/li>\n\n\n       \n    \n\n<li><a href='?page_no=1'>1<\/a><\/li>\n\n\n\n<li><a href='?page_no=2'>2<\/a><\/li>\n\n\n\n<li><a>...<\/a><\/li>\n\n\n\n<li><a href='?page_no=14331'>14331<\/a><\/li>\n\n\n\n<li><a href='?page_no=14332'>14332<\/a><\/li>\n\n\n\n<li class='active'><a>14333<\/a><\/li>\n\n\n\n<li><a href='?page_no=14334'>14334<\/a><\/li>\n\n\n\n<li><a href='?page_no=14335'>14335<\/a><\/li>\n\n\n\n<li><a>...<\/a><\/li>\n\n\n\n<li><a href='?page_no=36999'>36999<\/a><\/li>\n\n\n\n<li><a href='?page_no=37000'>37000<\/a><\/li>\n\n    \n\t\n\n<li >\n\t<a href='?page_no=14334'>Next<\/a>\n\t<\/li>\n\n\n    \n\n<li><a href='?page_no=37000'>Last &rsaquo;&rsaquo;<\/a><\/li>\n\n<\/ul>\n\n\n--><br \/>\n<\/body><\/p>\n","protected":false},"excerpt":{"rendered":"<p>Santo Domingo, RD, 14 octubre.- Claritza De La Cruz, miembro del Comit\u00e9 Central del Partido de la Liberaci\u00f3n Dominicana (PLD), fue seleccionada Presidenta Adjunta de la COPPPAL-Juvenil, en el marco de la celebraci\u00f3n de la XXXII reuni\u00f3n plenaria de la Conferencia de Partidos Pol\u00edticos de Am\u00e9rica Latina y el Caribe (COPPPAL), que se realiz\u00f3 del [&hellip;]<\/p>\n","protected":false},"author":3,"featured_media":0,"comment_status":"open","ping_status":"open","sticky":false,"template":"","format":"standard","meta":{"footnotes":""},"categories":[22],"tags":[],"class_list":["post-161871","post","type-post","status-publish","format-standard","hentry","category-politica"],"_links":{"self":[{"href":"https:\/\/diariodominicano.com\/index.php?rest_route=\/wp\/v2\/posts\/161871","targetHints":{"allow":["GET"]}}],"collection":[{"href":"https:\/\/diariodominicano.com\/index.php?rest_route=\/wp\/v2\/posts"}],"about":[{"href":"https:\/\/diariodominicano.com\/index.php?rest_route=\/wp\/v2\/types\/post"}],"author":[{"embeddable":true,"href":"https:\/\/diariodominicano.com\/index.php?rest_route=\/wp\/v2\/users\/3"}],"replies":[{"embeddable":true,"href":"https:\/\/diariodominicano.com\/index.php?rest_route=%2Fwp%2Fv2%2Fcomments&post=161871"}],"version-history":[{"count":0,"href":"https:\/\/diariodominicano.com\/index.php?rest_route=\/wp\/v2\/posts\/161871\/revisions"}],"wp:attachment":[{"href":"https:\/\/diariodominicano.com\/index.php?rest_route=%2Fwp%2Fv2%2Fmedia&parent=161871"}],"wp:term":[{"taxonomy":"category","embeddable":true,"href":"https:\/\/diariodominicano.com\/index.php?rest_route=%2Fwp%2Fv2%2Fcategories&post=161871"},{"taxonomy":"post_tag","embeddable":true,"href":"https:\/\/diariodominicano.com\/index.php?rest_route=%2Fwp%2Fv2%2Ftags&post=161871"}],"curies":[{"name":"wp","href":"https:\/\/api.w.org\/{rel}","templated":true}]}}